{"id":130828,"date":"2026-01-01T15:50:07","date_gmt":"2026-01-01T15:50:07","guid":{"rendered":"https:\/\/www.europesays.com\/fi\/130828\/"},"modified":"2026-01-01T15:50:07","modified_gmt":"2026-01-01T15:50:07","slug":"kirkkonummelaiset-saikahtivat-voimakasta-pamausta-uutenavuotena","status":"publish","type":"post","link":"https:\/\/www.europesays.com\/fi\/130828\/","title":{"rendered":"Kirkkonummelaiset s\u00e4ik\u00e4htiv\u00e4t voimakasta pamausta uutenavuotena"},"content":{"rendered":"<p>Kirkko\u00adnummi|Y\u00f6llisen pamauksen syy on toistaiseksi mysteeri viranomaisillekin.<\/p>\n<p>Lue tiivistelm\u00e4<\/p>\n<p class=\"article-body mb-nof-24 px-nof-16 sndp-summary-bullet-point-font\">Kirkkonummelaiset kuulivat uudenvuodeny\u00f6n\u00e4 kello 0.40 voimakkaan pamauksen.<\/p>\n<p class=\"article-body mb-nof-24 px-nof-16 sndp-summary-bullet-point-font\">L\u00e4nsi-Uudenmaan poliisin mukaan pamauksen syy ei ole toistaiseksi selvinnyt.<\/p>\n<p class=\"article-body mb-nof-24 px-nof-16 sndp-summary-bullet-point-font\">Helsingin poliisin mukaan pamaus ei liity mitenk\u00e4\u00e4n merikaapelin vaurioittamisesta ep\u00e4iltyyn Fitburg-alukseen, joka vietiin keskiviikkona Kirkkonummelle.<\/p>\n<p class=\"article-body mb-nof-24 px-nof-16\">Kirkkonummelaiset ovat ihmetelleet voimakasta pamausta, joka kuului laajalla alueella uudenvuodeny\u00f6n\u00e4 noin kello 0.40.<\/p>\n<p class=\"article-body mb-nof-24 px-nof-16\">Siikarannassa asuva <a class=\"font-bold underline-offset-[0.12em] [text-decoration:var(--person-link-text-decoration)] ![text-decoration-color:var(--person-link-text-decoration-color)]\" href=\"https:\/\/www.hs.fi\/haku\/?query=Carita%20V%C3%A4%C3%A4rtinen\" rel=\"nofollow noopener\" target=\"_blank\">Carita V\u00e4\u00e4rtinen<\/a> kertoo r\u00e4j\u00e4hdyksen olleen niin kova, ett\u00e4 sein\u00e4lt\u00e4 putosi kaksi taulua.<\/p>\n<p class=\"article-body mb-nof-24 px-nof-16\">\u201dTuntui, ett\u00e4 talo hypp\u00e4si perustuksiltaan\u201d, h\u00e4n kertoo HS:lle puhelimitse.<\/p>\n<p class=\"article-body mb-nof-24 px-nof-16\">Veikkolalainen <a class=\"font-bold underline-offset-[0.12em] [text-decoration:var(--person-link-text-decoration)] ![text-decoration-color:var(--person-link-text-decoration-color)]\" href=\"https:\/\/www.hs.fi\/haku\/?query=Asko%20Leinonen\" rel=\"nofollow noopener\" target=\"_blank\">Asko Leinonen<\/a> taas sanoo, ettei ole koskaan kuullut vastaavaa. H\u00e4nen olohuoneessaan putosi pamauksen seurauksena kattolampun lasi, joka meni sirpaleiksi.<\/p>\n<p class=\"article-body mb-nof-24 px-nof-16\">Sek\u00e4 V\u00e4\u00e4rtinen ett\u00e4 Leinonen kertovat l\u00e4hteneens\u00e4 pamauksen j\u00e4lkeen ulos katsomaan, mit\u00e4 tapahtui.<\/p>\n<p class=\"article-body mb-nof-24 px-nof-16\">\u201dSen verran se s\u00e4ik\u00e4ytti, ett\u00e4 vasta kolmen j\u00e4lkeen p\u00e4\u00e4sin nukkumaan\u201d, Leinonen kertoo HS:lle.<\/p>\n<p class=\"article-body mb-nof-24 px-nof-16\">Pamauksesta on k\u00e4yty keskustelua esimerkiksi Facebookin Veikkola-ryhm\u00e4ss\u00e4, jossa moni kertoo ikkunoiden helisemisest\u00e4 ja seinien t\u00e4risemisest\u00e4.<\/p>\n<p class=\"article-body mb-nof-24 px-nof-16\">Keskustelujen perusteella pamaus on kuulunut ainakin yli kymmenen kilometrin s\u00e4teell\u00e4.<\/p>\n<p class=\"article-body mb-nof-24 px-nof-16\">Voimakas pamaus on kuitenkin toistaiseksi mysteeri.<\/p>\n<p class=\"article-body mb-nof-24 px-nof-16\">L\u00e4nsi-Uudenmaan poliisin mukaan tapahtunutta on selvitetty jo y\u00f6n aikana, mutta mit\u00e4\u00e4n syyt\u00e4 pamaukselle ei ole selvinnyt. Poliisin mukaan my\u00f6sk\u00e4\u00e4n Puolustusvoimilla ei ole tietoa asiasta.<\/p>\n<p class=\"article-body mb-nof-24 px-nof-16\">H\u00e4t\u00e4keskukseen ei ole tehty ilmoituksia asiasta, poliisista kerrotaan.<\/p>\n<p class=\"article-body mb-nof-24 px-nof-16\">Sosiaalisen median keskusteluissa on spekuloitu, voiko pamaus liitty\u00e4 jollain tavalla merikaapelin vaurioittamisesta ep\u00e4iltyyn <a class=\"underline underline-offset-[0.12em] [text-decoration-thickness:var(--generic-link-underline-thickness)] [text-decoration-color:var(--generic-link-underline-color)] [text-decoration-skip-ink:var(--generic-link-underline-skip-ink)] break-words\" href=\"https:\/\/www.hs.fi\/suomi\/art-2000011723776.html\" rel=\"nofollow noopener\" target=\"_blank\">Fitburg-alukseen<\/a>, jonka viranomaiset ottivat uudenvuodenaattona haltuunsa. Alus kuljetettiin Kirkkonummella sijaitsevaan Kantvikin satamaan.<\/p>\n<p class=\"article-body mb-nof-24 px-nof-16\">Helsingin poliisin mukaan pamaus ei kuitenkaan liity alukseen.<\/p>\n","protected":false},"excerpt":{"rendered":"Kirkko\u00adnummi|Y\u00f6llisen pamauksen syy on toistaiseksi mysteeri viranomaisillekin. Lue tiivistelm\u00e4 Kirkkonummelaiset kuulivat uudenvuodeny\u00f6n\u00e4 kello 0.40 voimakkaan pamauksen. L\u00e4nsi-Uudenmaan poliisin&hellip;\n","protected":false},"author":2,"featured_media":96697,"comment_status":"","ping_status":"","sticky":false,"template":"","format":"standard","meta":{"footnotes":""},"categories":[12],"tags":[22,23,26,27,33,31,30,17,46,24,25,28,29,15,18,21,32,19,20,16],"class_list":{"0":"post-130828","1":"post","2":"type-post","3":"status-publish","4":"format-standard","5":"has-post-thumbnail","7":"category-suomi","8":"tag-breaking-news","9":"tag-breakingnews","10":"tag-featured-news","11":"tag-featurednews","12":"tag-fi","13":"tag-finland","14":"tag-finnish","15":"tag-headlines","16":"tag-helsingin-sanomat","17":"tag-latest-news","18":"tag-latestnews","19":"tag-main-news","20":"tag-mainnews","21":"tag-news","22":"tag-otsikot","23":"tag-paauutiset","24":"tag-suomi","25":"tag-top-stories","26":"tag-topstories","27":"tag-uutiset"},"share_on_mastodon":{"url":"","error":""},"_links":{"self":[{"href":"https:\/\/www.europesays.com\/fi\/wp-json\/wp\/v2\/posts\/130828","targetHints":{"allow":["GET"]}}],"collection":[{"href":"https:\/\/www.europesays.com\/fi\/wp-json\/wp\/v2\/posts"}],"about":[{"href":"https:\/\/www.europesays.com\/fi\/wp-json\/wp\/v2\/types\/post"}],"author":[{"embeddable":true,"href":"https:\/\/www.europesays.com\/fi\/wp-json\/wp\/v2\/users\/2"}],"replies":[{"embeddable":true,"href":"https:\/\/www.europesays.com\/fi\/wp-json\/wp\/v2\/comments?post=130828"}],"version-history":[{"count":0,"href":"https:\/\/www.europesays.com\/fi\/wp-json\/wp\/v2\/posts\/130828\/revisions"}],"wp:featuredmedia":[{"embeddable":true,"href":"https:\/\/www.europesays.com\/fi\/wp-json\/wp\/v2\/media\/96697"}],"wp:attachment":[{"href":"https:\/\/www.europesays.com\/fi\/wp-json\/wp\/v2\/media?parent=130828"}],"wp:term":[{"taxonomy":"category","embeddable":true,"href":"https:\/\/www.europesays.com\/fi\/wp-json\/wp\/v2\/categories?post=130828"},{"taxonomy":"post_tag","embeddable":true,"href":"https:\/\/www.europesays.com\/fi\/wp-json\/wp\/v2\/tags?post=130828"}],"curies":[{"name":"wp","href":"https:\/\/api.w.org\/{rel}","templated":true}]}}