{"id":130830,"date":"2026-01-01T16:04:08","date_gmt":"2026-01-01T16:04:08","guid":{"rendered":"https:\/\/www.europesays.com\/fi\/130830\/"},"modified":"2026-01-01T16:04:08","modified_gmt":"2026-01-01T16:04:08","slug":"jasmi-joensuulla-elamansa-kilpailu-maalissa-tunteikas-hetki-isan-kanssa","status":"publish","type":"post","link":"https:\/\/www.europesays.com\/fi\/130830\/","title":{"rendered":"Jasmi Joensuulla el\u00e4m\u00e4ns\u00e4 kilpailu \u2013 maalissa tunteikas hetki is\u00e4n kanssa"},"content":{"rendered":"<p>El\u00e4m\u00e4ns\u00e4 kisan hiiht\u00e4neell\u00e4 Jasmi Joensuulla on loistotilaisuus nousta jopa Tourin k\u00e4rkikolmikkoon seuraavalla etapilla. My\u00f6s Johanna Matintalo ja Kerttu Niskanen ovat kovilla sijoilla.<\/p>\n<p>Toblach takana, Val di Fiemme edess\u00e4.<\/p>\n<p class=\"article-body mb-nof-24 px-nof-16\">Toblach<\/p>\n<p class=\"article-body mb-nof-24 px-nof-16\">Italian Toblachista on muodostunut <a class=\"font-bold underline-offset-[0.12em] [text-decoration:var(--person-link-text-decoration)] ![text-decoration-color:var(--person-link-text-decoration-color)]\" href=\"https:\/\/www.is.fi\/haku\/?query=Jasmi%20Joensuun\" rel=\"nofollow noopener\" target=\"_blank\">Jasmi Joensuun<\/a> ykk\u00f6spaikka. Vuosi sitten h\u00e4n tempaisi Etel\u00e4-Tirolin hiihton\u00e4ytt\u00e4m\u00f6ll\u00e4 uransa ensimm\u00e4isen palkintokorokesijan. Nyt t\u00e4r\u00e4hti uran paras normaalimatkan sijoitus.<\/p>\n<p class=\"article-body mb-nof-24 px-nof-16\">Joensuu kiri 20 kilometrin perinteisen takaa-ajossa lopulta nelj\u00e4nneksi.<\/p>\n<p class=\"article-body mb-nof-24 px-nof-16\">H\u00e4n tuuletti maalilinjalla villisti ja s\u00e4nt\u00e4si hetke\u00e4 my\u00f6hemmin halaamaan paikan p\u00e4\u00e4ll\u00e4 kisaa seurannutta is\u00e4\u00e4ns\u00e4 <a class=\"font-bold underline-offset-[0.12em] [text-decoration:var(--person-link-text-decoration)] ![text-decoration-color:var(--person-link-text-decoration-color)]\" href=\"https:\/\/www.is.fi\/haku\/?query=Timo-Jaakko\" rel=\"nofollow noopener\" target=\"_blank\">Timo-Jaakko<\/a> <a class=\"font-bold underline-offset-[0.12em] [text-decoration:var(--person-link-text-decoration)] ![text-decoration-color:var(--person-link-text-decoration-color)]\" href=\"https:\/\/www.is.fi\/haku\/?query=Joensuuta\" rel=\"nofollow noopener\" target=\"_blank\">Joensuuta<\/a>. Rutistus oli pitk\u00e4 ja tunteikas.<\/p>\n<p class=\"article-body mb-nof-24 px-nof-16\">\u2013 En ihan noin korkealle uskonut. Yll\u00e4tti, ett\u00e4 pysyin aika hyvin muiden mukana, Joensuu tunnelmoi kisan j\u00e4lkeen.<\/p>\n<p class=\"article-body mb-nof-24 px-nof-16\">Ennen t\u00e4t\u00e4 Joensuun uran paras normaalimatkan sijoitus oli 8:s \u2013 sekin viime vuoden Toblachin kisoista.<\/p>\n<p><img decoding=\"async\" src=\"https:\/\/www.europesays.com\/fi\/wp-content\/uploads\/2026\/01\/1767283448_872_468.jpg\" alt=\"Joensuu tuuletti maalissa voitettuaan kirikamppailun nelj\u00e4nnest\u00e4 sijasta.\" class=\"_Img_1rerz_1\" style=\"aspect-ratio:1.5\" loading=\"eager\"\/><\/p>\n<p class=\"article-picture-caption\">Joensuu tuuletti maalissa voitettuaan kirikamppailun nelj\u00e4nnest\u00e4 sijasta. Kuva:\u00a0MAXIM THORE \/ Bildbyr\u00e5n \/ MVPhotos<\/p>\n<p><img decoding=\"async\" src=\"https:\/\/www.europesays.com\/fi\/wp-content\/uploads\/2026\/01\/1767283448_842_468.jpg\" alt=\"\" class=\"_Img_1rerz_1\" style=\"aspect-ratio:1.5\" loading=\"eager\"\/><\/p>\n<p class=\"article-picture-caption\">Kuva:\u00a0MAXIM THORE \/ Bildbyr\u00e5n \/ MVPhotos<\/p>\n<p class=\"article-body mb-nof-24 px-nof-16\">Joensuu roikkui l\u00e4pi matkan tiukasti <a class=\"font-bold underline-offset-[0.12em] [text-decoration:var(--person-link-text-decoration)] ![text-decoration-color:var(--person-link-text-decoration-color)]\" href=\"https:\/\/www.is.fi\/haku\/?query=Kerttu%20Niskasen\" rel=\"nofollow noopener\" target=\"_blank\">Kerttu Niskasen<\/a>, <a class=\"font-bold underline-offset-[0.12em] [text-decoration:var(--person-link-text-decoration)] ![text-decoration-color:var(--person-link-text-decoration-color)]\" href=\"https:\/\/www.is.fi\/haku\/?query=Johanna%20Matintalon\" rel=\"nofollow noopener\" target=\"_blank\">Johanna Matintalon<\/a> ja <a class=\"font-bold underline-offset-[0.12em] [text-decoration:var(--person-link-text-decoration)] ![text-decoration-color:var(--person-link-text-decoration-color)]\" href=\"https:\/\/www.is.fi\/haku\/?query=Ebba%20Anderssonin\" rel=\"nofollow noopener\" target=\"_blank\">Ebba Anderssonin<\/a> orkestroiman porukan mukana ja pesi kilpasiskonsa loppukiriss\u00e4.<\/p>\n<p class=\"article-body mb-nof-24 px-nof-16\">\u2013 Pit\u00e4\u00e4h\u00e4n t\u00e4h\u00e4n olla aika tyytyv\u00e4inen. Olen tiennyt, ett\u00e4 koko harjoituskausi on mennyt niin hyvin, ett\u00e4 t\u00e4llaisia tuloksia yksitt\u00e4isist\u00e4 kisoista voi tulla ja tuleekin.<\/p>\n<p class=\"article-body mb-nof-24 px-nof-16\">Joensuu tunnetaan ennen kaikkea sprintterin\u00e4, mutta tuloksien perusteella h\u00e4nest\u00e4 on kehkeytynyt kovan luokan yleishiiht\u00e4j\u00e4. T\u00e4ll\u00e4 kaudella h\u00e4n on ylt\u00e4nyt v\u00e4liaikal\u00e4hd\u00f6ss\u00e4kin k\u00e4rkikymmenikk\u00f6\u00f6n.<\/p>\n<p class=\"article-body mb-nof-24 px-nof-16\">\u2013 Vaikka sprinteiss\u00e4 on tullut seiskasijoja, olen tiennyt, ett\u00e4 suorituksina ne ovat olleet hyvi\u00e4. Se on luonut uskoa, ett\u00e4 t\u00e4llaisissakin kisoissa voin p\u00e4rj\u00e4t\u00e4.<\/p>\n<p class=\"article-body mb-nof-24 px-nof-16\">Joensuun suorituksen arvoa korostaa, ett\u00e4 esimerkiksi Ruotsin t\u00e4htihiiht\u00e4j\u00e4 <a class=\"font-bold underline-offset-[0.12em] [text-decoration:var(--person-link-text-decoration)] ![text-decoration-color:var(--person-link-text-decoration-color)]\" href=\"https:\/\/www.is.fi\/haku\/?query=Frida%20Karlsson\" rel=\"nofollow noopener\" target=\"_blank\">Frida Karlsson<\/a> ei pysynyt matkavauhdissa saman porukan kyydiss\u00e4.<\/p>\n<p class=\"article-body mb-nof-24 px-nof-16\">Kun Tour de Skit\u00e4 on takana nyt 4\/6 etappia, Joensuu komeilee kiertueen nelossijalla.<\/p>\n<p class=\"article-body mb-nof-24 px-nof-16\">\u2013 Aika kova, Joensuu tiivisti tilanteen.<\/p>\n<p>Tour de Ski 4\/6Naiset<\/p>\n<ol class=\"mb-nof-16 px-nof-16 article-ordered-list ordered-list\">\n<li class=\"ordered-list-item\">\n<p class=\"article-body\">Jessie Diggins, USA<\/p>\n<\/li>\n<li class=\"ordered-list-item\">\n<p class=\"article-body\">Moa Ilar, Ruotsi +1.36<\/p>\n<\/li>\n<li class=\"ordered-list-item\">\n<p class=\"article-body\">Teresa Stadlober, It\u00e4valta +1.36<\/p>\n<\/li>\n<li class=\"ordered-list-item\">\n<p class=\"article-body\">Jasmi Joensuu, Suomi +1.55<\/p>\n<\/li>\n<li class=\"ordered-list-item\">\n<p class=\"article-body\">Heidi Weng, Norja +1.55<\/p>\n<\/li>\n<li class=\"ordered-list-item\">\n<p class=\"article-body\">Johanna Matintalo, Suomi +1.56<\/p>\n<\/li>\n<li class=\"ordered-list-item\">\n<p class=\"article-body\">Kerttu Niskanen, Suomi +1.57<\/p>\n<\/li>\n<li class=\"ordered-list-item\">\n<p class=\"article-body\">Ebba Andersson, Ruotsi +1.59<\/p>\n<\/li>\n<li class=\"ordered-list-item\">\n<p class=\"article-body\">Julie Drivenes, Norja +2.08<\/p>\n<\/li>\n<li class=\"ordered-list-item\">\n<p class=\"article-body\">Frida Karlsson, Ruotsi +2.51<\/p>\n<\/li>\n<\/ol>\n<p class=\"article-body mb-nof-24 px-nof-16\">22. Vilma Nissinen +3.35<\/p>\n<p class=\"article-body mb-nof-24 px-nof-16\">27. Vilma Ryytty +4.08<\/p>\n<p class=\"article-body mb-nof-24 px-nof-16\">37. Jasmin K\u00e4h\u00e4r\u00e4 +5.16<\/p>\n<p class=\"article-body mb-nof-24 px-nof-16\">46. Krista P\u00e4rm\u00e4koski +6.56 (Keskeytti)<\/p>\n<p class=\"article-body mb-nof-24 px-nof-16\">USA:n <a class=\"font-bold underline-offset-[0.12em] [text-decoration:var(--person-link-text-decoration)] ![text-decoration-color:var(--person-link-text-decoration-color)]\" href=\"https:\/\/www.is.fi\/haku\/?query=Jessie%20Diggins\" rel=\"nofollow noopener\" target=\"_blank\">Jessie Diggins<\/a> on jo k\u00e4yt\u00e4nn\u00f6ss\u00e4 varmistanut uransa kolmannen Tourin kokonaisvoiton, mutta kakkossijaan Joensuulla on eroa vain 19 sekuntia.<\/p>\n<p class=\"article-body mb-nof-24 px-nof-16\">Asetelma on suomalaisittain erityisen herkullinen, sill\u00e4 seuraavaksi vuorossa on Joensuun bravuurimatka, perinteisen sprintti lauantaina Val di Fiemmess\u00e4.<\/p>\n<p class=\"article-body mb-nof-24 px-nof-16\">Siin\u00e4 jaossa on jopa 60 bonussekuntia, joten on todenn\u00e4k\u00f6ist\u00e4, ett\u00e4 Joensuu l\u00e4htee Tourin p\u00e4\u00e4tt\u00e4v\u00e4\u00e4n Alpe Cermisin loppunousuun k\u00e4rkikolmikossa.<\/p>\n<p class=\"article-body mb-nof-24 px-nof-16\">\u2013 Se on varmaan tavoite. Sen takia on treenattu, ett\u00e4 olleen korkealla tuloslistoilla.<\/p>\n<p class=\"article-body mb-nof-24 px-nof-16\">\u2013 En min\u00e4 kokonaistilannetta liikaa mieti. Pit\u00e4\u00e4 pysy\u00e4 terveen\u00e4 ja menn\u00e4 kisa kerrallaan. Loppunousu on kuitenkin aikamoinen haaste varmasti minulle.<\/p>\n<p class=\"article-body mb-nof-24 px-nof-16\">Lauantain sprintill\u00e4 on muutenkin normaalia isompi merkitys, sill\u00e4 se on my\u00f6s hiiht\u00e4jille ensikosketus Lago di Teseron stadionin uusittuun sprinttirataan. Reilu kuukausi my\u00f6hemmin samalla radalla ratkotaan olympiamitalit.<\/p>\n<p class=\"article-body mb-nof-24 px-nof-16\">\u2013 Jos p\u00e4\u00e4sen sinuiksi radan kanssa, olen tyytyv\u00e4inen, Joensuu kuittasi sprintin tulostavoitteesta kysytt\u00e4ess\u00e4.<\/p>\n<p><img decoding=\"async\" src=\"https:\/\/www.europesays.com\/fi\/wp-content\/uploads\/2026\/01\/1767283448_393_468.jpg\" alt=\"Niskanen, Matintalo ja Joensuu l\u00e4htiv\u00e4t takaa-ajoon viiden sekunnin sis\u00e4ll\u00e4 toisistaan.\" class=\"_Img_1rerz_1\" style=\"aspect-ratio:1.5\" loading=\"eager\"\/><\/p>\n<p class=\"article-picture-caption\">Niskanen, Matintalo ja Joensuu l\u00e4htiv\u00e4t takaa-ajoon viiden sekunnin sis\u00e4ll\u00e4 toisistaan. Kuva:\u00a0MAXIM THORE \/ Bildbyr\u00e5n \/ MVPhotos<\/p>\n<p class=\"article-body mb-nof-24 px-nof-16\">Joensuun tavoin herkullisessa asemassa on my\u00f6s torstaina kuudenneksi sijoittunut Matintalo. My\u00f6s h\u00e4n todenn\u00e4k\u00f6isesti parantelee sprintiss\u00e4 osakkeitaan kokonaistilanteessa.<\/p>\n<p class=\"article-body mb-nof-24 px-nof-16\">Matintalo kuitenkin muistuttaa, ett\u00e4 loppunousuetapilla erot saattavat ven\u00e4ht\u00e4\u00e4 suuriksikin. L\u00e4ht\u00f6kohtaisesti Joensuu tai Matintalo eiv\u00e4t ole aivan k\u00e4rkip\u00e4\u00e4n hiiht\u00e4ji\u00e4 hyvin erityislaatuisessa loppunousussa.<\/p>\n<p class=\"article-body mb-nof-24 px-nof-16\">\u2013 Vaikka erot olisivat jotain 30\u201360 sekuntia, ne ovat kuitenkin aika paperia, kun loppunousuun menn\u00e4\u00e4n. Jos jollakin nousijalla on kulkup\u00e4iv\u00e4, \u00e4kki\u00e4 tulee isoja eroja, Matintalo sanoi.<\/p>\n<p class=\"article-body mb-nof-24 px-nof-16\">\u2013 Vaikka olisi ennen loppunousua k\u00e4rkisijoilla ja paperilla n\u00e4ytt\u00e4isi hyv\u00e4lt\u00e4, siell\u00e4 takana iskuet\u00e4isydell\u00e4 on varmaan aika paljon hyvi\u00e4 kiipij\u00f6it\u00e4 Alpe Cermisiin.<\/p>\n<p><img decoding=\"async\" src=\"https:\/\/www.europesays.com\/fi\/wp-content\/uploads\/2026\/01\/1767283448_874_468.jpg\" alt=\"Johanna Matintalo sijoittui takaa-ajossa kuudenneksi.\" class=\"_Img_1rerz_1\" style=\"aspect-ratio:1.5\" loading=\"eager\"\/><\/p>\n<p class=\"article-picture-caption\">Johanna Matintalo sijoittui takaa-ajossa kuudenneksi. Kuva:\u00a0MAXIM THORE \/ Bildbyr\u00e5n \/ MVPhotos<\/p>\n<p>Tour de Ski 4\/6Miehet<\/p>\n<ol class=\"mb-nof-16 px-nof-16 article-ordered-list ordered-list\">\n<li class=\"ordered-list-item\">\n<p class=\"article-body\">Johannes Kl\u00e4bo, Norja<\/p>\n<\/li>\n<li class=\"ordered-list-item\">\n<p class=\"article-body\">Mattis Stenshagen, Norja +0.51<\/p>\n<\/li>\n<li class=\"ordered-list-item\">\n<p class=\"article-body\">Edvin Anger, Ruotsi +1.00<\/p>\n<\/li>\n<li class=\"ordered-list-item\">\n<p class=\"article-body\">Federico Pellegrino, Italia +1.00<\/p>\n<\/li>\n<li class=\"ordered-list-item\">\n<p class=\"article-body\">Emil Iversen, Norja +1.00<\/p>\n<\/li>\n<li class=\"ordered-list-item\">\n<p class=\"article-body\">Gus Schumacher, USA +1.00<\/p>\n<\/li>\n<li class=\"ordered-list-item\">\n<p class=\"article-body\">Lars Heggen, Norja +1.01<\/p>\n<\/li>\n<li class=\"ordered-list-item\">\n<p class=\"article-body\">Benjamin Moser, It\u00e4valta +1.01<\/p>\n<\/li>\n<li class=\"ordered-list-item\">\n<p class=\"article-body\">Harald Amundsen, Norja +1.03<\/p>\n<\/li>\n<li class=\"ordered-list-item\">\n<p class=\"article-body\">Iivo Niskanen, Suomi +1.54 (Keskeytti)<\/p>\n<\/li>\n<\/ol>\n<p class=\"article-body mb-nof-24 px-nof-16\">18. Perttu Hyv\u00e4rinen +2.00<\/p>\n<p class=\"article-body mb-nof-24 px-nof-16\">24. Petteri Koivisto +2.46<\/p>\n<p class=\"article-body mb-nof-24 px-nof-16\">36. Joni M\u00e4ki +3.34<\/p>\n<p class=\"article-body mb-nof-24 px-nof-16\">40. Niilo Moilanen +3.47<\/p>\n","protected":false},"excerpt":{"rendered":"El\u00e4m\u00e4ns\u00e4 kisan hiiht\u00e4neell\u00e4 Jasmi Joensuulla on loistotilaisuus nousta jopa Tourin k\u00e4rkikolmikkoon seuraavalla etapilla. My\u00f6s Johanna Matintalo ja Kerttu&hellip;\n","protected":false},"author":2,"featured_media":130831,"comment_status":"","ping_status":"","sticky":false,"template":"","format":"standard","meta":{"footnotes":""},"categories":[136],"tags":[407,137,33,31,30,34,408,32,109],"class_list":{"0":"post-130830","1":"post","2":"type-post","3":"status-publish","4":"format-standard","5":"has-post-thumbnail","7":"category-julkkikset","8":"tag-celebrities","9":"tag-entertainment","10":"tag-fi","11":"tag-finland","12":"tag-finnish","13":"tag-ilta-sanomat","14":"tag-julkkikset","15":"tag-suomi","16":"tag-viihde"},"share_on_mastodon":{"url":"https:\/\/pubeurope.com\/@fi\/115820695709647816","error":""},"_links":{"self":[{"href":"https:\/\/www.europesays.com\/fi\/wp-json\/wp\/v2\/posts\/130830","targetHints":{"allow":["GET"]}}],"collection":[{"href":"https:\/\/www.europesays.com\/fi\/wp-json\/wp\/v2\/posts"}],"about":[{"href":"https:\/\/www.europesays.com\/fi\/wp-json\/wp\/v2\/types\/post"}],"author":[{"embeddable":true,"href":"https:\/\/www.europesays.com\/fi\/wp-json\/wp\/v2\/users\/2"}],"replies":[{"embeddable":true,"href":"https:\/\/www.europesays.com\/fi\/wp-json\/wp\/v2\/comments?post=130830"}],"version-history":[{"count":0,"href":"https:\/\/www.europesays.com\/fi\/wp-json\/wp\/v2\/posts\/130830\/revisions"}],"wp:featuredmedia":[{"embeddable":true,"href":"https:\/\/www.europesays.com\/fi\/wp-json\/wp\/v2\/media\/130831"}],"wp:attachment":[{"href":"https:\/\/www.europesays.com\/fi\/wp-json\/wp\/v2\/media?parent=130830"}],"wp:term":[{"taxonomy":"category","embeddable":true,"href":"https:\/\/www.europesays.com\/fi\/wp-json\/wp\/v2\/categories?post=130830"},{"taxonomy":"post_tag","embeddable":true,"href":"https:\/\/www.europesays.com\/fi\/wp-json\/wp\/v2\/tags?post=130830"}],"curies":[{"name":"wp","href":"https:\/\/api.w.org\/{rel}","templated":true}]}}