{"id":130832,"date":"2026-01-01T16:09:09","date_gmt":"2026-01-01T16:09:09","guid":{"rendered":"https:\/\/www.europesays.com\/fi\/130832\/"},"modified":"2026-01-01T16:09:09","modified_gmt":"2026-01-01T16:09:09","slug":"kuinka-pitkalle-isa-on-valmis-menemaan-kadonneen-tyttarensa-vuoksi-jannittava-trilleriuutuus-lisattiin-netflixiin","status":"publish","type":"post","link":"https:\/\/www.europesays.com\/fi\/130832\/","title":{"rendered":"Kuinka pitk\u00e4lle is\u00e4 on valmis menem\u00e4\u00e4n kadonneen tytt\u00e4rens\u00e4 vuoksi? J\u00e4nnitt\u00e4v\u00e4 trilleriuutuus lis\u00e4ttiin Netflixiin"},"content":{"rendered":"<p>Netflixiin on lis\u00e4tty t\u00e4n\u00e4\u00e4n torstaina 1. tammikuuta katseltavaksi brittil\u00e4inen uutuussarja Verenperint\u00f6, alkuper\u00e4iselt\u00e4 englannin kieliselt\u00e4 nimelt\u00e4\u00e4n Run Away.<\/p>\n<p>Sarjassa seurataan Simon Greene\u00e4 (<strong>James Nesbitt<\/strong>; Hobitti), joka etsii kadonnutta tyt\u00e4rt\u00e4\u00e4n. My\u00f6s poliisi ja yksityisetsiv\u00e4 ovat saman tapauksen j\u00e4ljill\u00e4. Pian etsij\u00f6ille alkaa paljastumaan laaja rikosten ja salailujen vyyhti.<\/p>\n<p>Lue my\u00f6s: <a href=\"https:\/\/www.episodi.fi\/uutiset\/mita-tulee-netflixiin-vuoden-vaihduttua-tsekkaa-tasta-kaikki-tammikuun-2026-uudet-sarjat-ja-leffat\/\" title=\"Mit\u00e4 tulee Netflixiin vuoden vaihduttua? Tsekkaa t\u00e4st\u00e4 kaikki tammikuun 2026 uudet sarjat ja leffat!\" class=\"underline-custom !font-montserrat !font-bold !underline-offset-4 !decoration-4 !decoration-episodi-blue !text-md\" rel=\"nofollow noopener\" target=\"_blank\">Mit\u00e4 tulee Netflixiin vuoden vaihduttua? Tsekkaa t\u00e4st\u00e4 kaikki tammikuun 2026 uudet sarjat ja leffat!<\/a><\/p>\n<p>Lue my\u00f6s: <a href=\"https:\/\/www.episodi.fi\/uutiset\/nyt-suoratoistossa-game-of-thrones-tahden-teattereissa-flopannut-trilleri-painajainen-syrjaisella-mokilla\/\" title=\"Nyt suoratoistossa: Game of Thrones -t\u00e4hden teattereissa flopannut trilleri \u2013 painajainen syrj\u00e4isell\u00e4 m\u00f6kill\u00e4\" class=\"underline-custom !font-montserrat !font-bold !underline-offset-4 !decoration-4 !decoration-episodi-blue !text-md\" rel=\"nofollow noopener\" target=\"_blank\">Nyt suoratoistossa: Game of Thrones -t\u00e4hden teattereissa flopannut trilleri \u2013 painajainen syrj\u00e4isell\u00e4 m\u00f6kill\u00e4<\/a><\/p>\n<blockquote class=\"twitter-tweet\" data-width=\"500\" data-dnt=\"true\">\n<p lang=\"en\" dir=\"ltr\">Here&#8217;s a first look at your next New Year\u2019s must-watch. Starring James Nesbitt, Ruth Jones, Minnie Driver, and Alfred Enoch.<\/p>\n<p>Harlan Coben\u2019s RUN AWAY, out on 1st of January 2026. <a href=\"https:\/\/t.co\/n8rChoNLy1\" rel=\"nofollow\">pic.twitter.com\/n8rChoNLy1<\/a><\/p>\n<p>\u2014 Netflix UK &amp; Ireland (@NetflixUK) <a href=\"https:\/\/twitter.com\/NetflixUK\/status\/1980197298450636812?ref_src=twsrc%5Etfw\" rel=\"nofollow noopener\" target=\"_blank\">October 20, 2025<\/a><\/p><\/blockquote>\n<p>Kautta p\u00e4\u00e4st\u00e4\u00e4n seuraamaan yhteens\u00e4 kahdeksan jakson verran. Nesbittin lis\u00e4ksi muissa avainrooleissa n\u00e4hd\u00e4\u00e4n <strong>Ellie de Lange<\/strong>, <strong>Ruth Jones<\/strong>, <strong>Minnie Driver<\/strong> (Good Will Hunting, Oopperan kummitus, The Riches) ja <strong>Alfred Enoch<\/strong> (Harry Potter, How to Get Away with Murder).<\/p>\n<p>Sarja pohjaa trilleri- ja mysteerikirjailija <strong>Coben Harlanin <\/strong>samannimiseen romaaniin vuodelta 2019.<\/p>\n<p>Lue my\u00f6s: <a href=\"https:\/\/www.episodi.fi\/uutiset\/american-horror-storyn-luojan-seuraava-kauhusarja-on-kuin-the-substance-the-beautyn-traileri-julki\/\" title=\"American Horror Storyn luojan seuraava kauhusarja on kuin The Substance \u2013\u00a0The Beautyn traileri julki\" class=\"underline-custom !font-montserrat !font-bold !underline-offset-4 !decoration-4 !decoration-episodi-blue !text-md\" rel=\"nofollow noopener\" target=\"_blank\">American Horror Storyn luojan seuraava kauhusarja on kuin The Substance \u2013\u00a0The Beautyn traileri julki<\/a><\/p>\n<p>Alla katseltavaksi Verenperinn\u00f6n virallinen traileri.<\/p>\n<p><img loading=\"lazy\" decoding=\"async\" alt=\"YouTube video\" width=\"480\" height=\"360\" data-pin-nopin=\"true\" nopin=\"nopin\" class=\"perfmatters-lazy\" src=\"https:\/\/www.europesays.com\/fi\/wp-content\/uploads\/2026\/01\/1767283749_601_hqdefault.jpg\"\/><\/p>\n<p>Lue my\u00f6s: <a href=\"https:\/\/www.episodi.fi\/uutiskirje\/?uutiskirjemainos=tekstilinkkimainos\" title=\"Tilaa Episodin uutiskirje ja voit voittaa leffalippuja! Nappaa tv-vinkit suoraan s\u00e4hk\u00f6postiin t\u00e4st\u00e4.\" class=\"underline-custom !font-montserrat !font-bold !underline-offset-4 !decoration-4 !decoration-episodi-blue !text-md\" rel=\"nofollow noopener\" target=\"_blank\">Tilaa Episodin uutiskirje ja voit voittaa leffalippuja! Nappaa katseluvinkit suoraan s\u00e4hk\u00f6postiin t\u00e4st\u00e4.<\/a><\/p>\n<p>\t\t\t<script async src=\"https:\/\/platform.twitter.com\/widgets.js\" charset=\"utf-8\"><\/script><\/p>\n","protected":false},"excerpt":{"rendered":"Netflixiin on lis\u00e4tty t\u00e4n\u00e4\u00e4n torstaina 1. tammikuuta katseltavaksi brittil\u00e4inen uutuussarja Verenperint\u00f6, alkuper\u00e4iselt\u00e4 englannin kieliselt\u00e4 nimelt\u00e4\u00e4n Run Away. Sarjassa&hellip;\n","protected":false},"author":2,"featured_media":130833,"comment_status":"","ping_status":"","sticky":false,"template":"","format":"standard","meta":{"footnotes":""},"categories":[131],"tags":[155,137,33,173,31,30,172,32,109],"class_list":{"0":"post-130832","1":"post","2":"type-post","3":"status-publish","4":"format-standard","5":"has-post-thumbnail","7":"category-elokuvat","8":"tag-elokuvat","9":"tag-entertainment","10":"tag-fi","11":"tag-film","12":"tag-finland","13":"tag-finnish","14":"tag-movies","15":"tag-suomi","16":"tag-viihde"},"share_on_mastodon":{"url":"https:\/\/pubeurope.com\/@fi\/115820715194820670","error":""},"_links":{"self":[{"href":"https:\/\/www.europesays.com\/fi\/wp-json\/wp\/v2\/posts\/130832","targetHints":{"allow":["GET"]}}],"collection":[{"href":"https:\/\/www.europesays.com\/fi\/wp-json\/wp\/v2\/posts"}],"about":[{"href":"https:\/\/www.europesays.com\/fi\/wp-json\/wp\/v2\/types\/post"}],"author":[{"embeddable":true,"href":"https:\/\/www.europesays.com\/fi\/wp-json\/wp\/v2\/users\/2"}],"replies":[{"embeddable":true,"href":"https:\/\/www.europesays.com\/fi\/wp-json\/wp\/v2\/comments?post=130832"}],"version-history":[{"count":0,"href":"https:\/\/www.europesays.com\/fi\/wp-json\/wp\/v2\/posts\/130832\/revisions"}],"wp:featuredmedia":[{"embeddable":true,"href":"https:\/\/www.europesays.com\/fi\/wp-json\/wp\/v2\/media\/130833"}],"wp:attachment":[{"href":"https:\/\/www.europesays.com\/fi\/wp-json\/wp\/v2\/media?parent=130832"}],"wp:term":[{"taxonomy":"category","embeddable":true,"href":"https:\/\/www.europesays.com\/fi\/wp-json\/wp\/v2\/categories?post=130832"},{"taxonomy":"post_tag","embeddable":true,"href":"https:\/\/www.europesays.com\/fi\/wp-json\/wp\/v2\/tags?post=130832"}],"curies":[{"name":"wp","href":"https:\/\/api.w.org\/{rel}","templated":true}]}}