{"id":130836,"date":"2026-01-01T16:12:08","date_gmt":"2026-01-01T16:12:08","guid":{"rendered":"https:\/\/www.europesays.com\/fi\/130836\/"},"modified":"2026-01-01T16:12:08","modified_gmt":"2026-01-01T16:12:08","slug":"nyt-suoratoistossa-huumepoliisien-lapset-sekaantuvat-kartellien-maailmaan-tuottajana-ridley-scott","status":"publish","type":"post","link":"https:\/\/www.europesays.com\/fi\/130836\/","title":{"rendered":"Nyt suoratoistossa: Huumepoliisien lapset sekaantuvat kartellien maailmaan \u2013 tuottajana Ridley Scott"},"content":{"rendered":"<p>Prime Videoon on lis\u00e4tty <strong>Ridley Scottin<\/strong> tuottama uutuuselokuva.<\/p>\n<p>El Paso, Texas. DEA-agentti Ray Seale ja h\u00e4nen kollegansa yritt\u00e4v\u00e4t pit\u00e4\u00e4 huumekartellin liiketoimintaa kurissa. Tilanne l\u00e4htee kuitenkin lapasesta, kun heid\u00e4n teini-ik\u00e4iset lapsensa sekaantuvat peliin. Nuoret, jotka ovat kasvaneet vanhempiensa salaisen ty\u00f6n varjossa, p\u00e4\u00e4tt\u00e4v\u00e4t k\u00e4ytt\u00e4\u00e4 DEA:n tietoja ja taktiikoita omiin tarkoituksiinsa. He alkavat ry\u00f6st\u00e4\u00e4 kartellin \u201dtrap house\u201d -kohteita suurten rahojen toivossa ja hakevat samalla oikeutta yst\u00e4v\u00e4lleen, jonka is\u00e4 kuoli kartellin toimesta.<\/p>\n<p>Vanhemmat joutuvat nyt kamppailemaan kahden tulen v\u00e4liss\u00e4: lain velvoitteiden ja lastensa turvallisuuden v\u00e4lill\u00e4. Tilanne k\u00e4rjistyy nopeasti v\u00e4kivaltaiseksi, sill\u00e4 \u201dtrap house\u201d -huumetukikohtien maailmassa mik\u00e4\u00e4n ei ole sit\u00e4 milt\u00e4 n\u00e4ytt\u00e4\u00e4.<\/p>\n<p>Trap House on <strong>Dave Bautistan<\/strong> t\u00e4hditt\u00e4m\u00e4 toimintaj\u00e4nn\u00e4ri. Elokuvassa on runsaasti nopeatempoista toimintaa, mutta sen ydin on perhedraamassa: kuinka paljon vanhemmat voivat hallita ja suojella lapsiaan, kun n\u00e4m\u00e4 alkavat tehd\u00e4 omia vaarallisia valintojaan?<\/p>\n<p>Elokuvan ohjasi <strong>Michael Dowse<\/strong>, joka vastasi my\u00f6s Bautistan t\u00e4hditt\u00e4m\u00e4st\u00e4 toimintaleffasta Kimppakyytikyt\u00e4t (2019). Muissa p\u00e4\u00e4rooleissa n\u00e4hd\u00e4\u00e4n <strong>Jack Champion<\/strong> (Avatar-elokuvat The Way of Water ja Fire and Ash), <strong>Bobby Cannavale<\/strong> (Ant-Man) sek\u00e4 Se-elokuvista (2017 ja 2019) tuttu <strong>Sophia Lillis<\/strong>.<\/p>\n<p><img loading=\"lazy\" decoding=\"async\" alt=\"YouTube video\" width=\"480\" height=\"360\" data-pin-nopin=\"true\" nopin=\"nopin\" class=\"perfmatters-lazy\" src=\"https:\/\/www.europesays.com\/fi\/wp-content\/uploads\/2026\/01\/1767283928_873_hqdefault.jpg\"\/><\/p>\n<p>Lue my\u00f6s: <a href=\"https:\/\/www.episodi.fi\/uutiset\/nyt-suoratoistossa-toisen-maailmansodan-alkuhetkiin-sijoittuva-tositarina-paatos-joka-vaikutti-sodan-kulkuun\/\" title=\"Nyt suoratoistossa: Toisen maailmansodan alkuhetkiin sijoittuva tositarina \u2013 p\u00e4\u00e4t\u00f6s, joka vaikutti sodan kulkuun\" class=\"underline-custom !font-montserrat !font-bold !underline-offset-4 !decoration-4 !decoration-episodi-blue !text-md\" rel=\"nofollow noopener\" target=\"_blank\">Nyt suoratoistossa: Toisen maailmansodan alkuhetkiin sijoittuva tositarina \u2013 p\u00e4\u00e4t\u00f6s, joka vaikutti sodan kulkuun<\/a><\/p>\n<p>Lue my\u00f6s: <a href=\"https:\/\/www.episodi.fi\/uutiset\/nyt-ilmaiskatselussa-kaksi-miesta-kilpailee-samasta-tyopaikasta-hymyillen-ja-hampaat-irvessa\/\" title=\"Nyt ilmaiskatselussa: Kaksi miest\u00e4 kilpailee samasta ty\u00f6paikasta \u2013 hymyillen ja hampaat irvess\u00e4\" class=\"underline-custom !font-montserrat !font-bold !underline-offset-4 !decoration-4 !decoration-episodi-blue !text-md\" rel=\"nofollow noopener\" target=\"_blank\">Nyt ilmaiskatselussa: Kaksi miest\u00e4 kilpailee samasta ty\u00f6paikasta \u2013 hymyillen ja hampaat irvess\u00e4<\/a><\/p>\n<p>Lue my\u00f6s: <a href=\"https:\/\/www.episodi.fi\/uutiskirje\/?uutiskirjemainos=tekstilinkkimainos\" title=\"Tilaa Episodin uutiskirje ja voit voittaa leffalippuja! Nappaa tv-vinkit suoraan s\u00e4hk\u00f6postiin t\u00e4st\u00e4.\" class=\"underline-custom !font-montserrat !font-bold !underline-offset-4 !decoration-4 !decoration-episodi-blue !text-md\" rel=\"nofollow noopener\" target=\"_blank\">Tilaa Episodin uutiskirje ja voit voittaa leffalippuja! Nappaa katseluvinkit suoraan s\u00e4hk\u00f6postiin t\u00e4st\u00e4.<\/a><\/p>\n","protected":false},"excerpt":{"rendered":"Prime Videoon on lis\u00e4tty Ridley Scottin tuottama uutuuselokuva. El Paso, Texas. DEA-agentti Ray Seale ja h\u00e4nen kollegansa yritt\u00e4v\u00e4t&hellip;\n","protected":false},"author":2,"featured_media":130837,"comment_status":"","ping_status":"","sticky":false,"template":"","format":"standard","meta":{"footnotes":""},"categories":[130],"tags":[9243,3370,137,33,31,30,175,23178,32,109],"class_list":{"0":"post-130836","1":"post","2":"type-post","3":"status-publish","4":"format-standard","5":"has-post-thumbnail","7":"category-viihde","8":"tag-bobby-cannavale","9":"tag-dave-bautista","10":"tag-entertainment","11":"tag-fi","12":"tag-finland","13":"tag-finnish","14":"tag-prime-video","15":"tag-sophia-lillis","16":"tag-suomi","17":"tag-viihde"},"share_on_mastodon":{"url":"https:\/\/pubeurope.com\/@fi\/115820727143300471","error":""},"_links":{"self":[{"href":"https:\/\/www.europesays.com\/fi\/wp-json\/wp\/v2\/posts\/130836","targetHints":{"allow":["GET"]}}],"collection":[{"href":"https:\/\/www.europesays.com\/fi\/wp-json\/wp\/v2\/posts"}],"about":[{"href":"https:\/\/www.europesays.com\/fi\/wp-json\/wp\/v2\/types\/post"}],"author":[{"embeddable":true,"href":"https:\/\/www.europesays.com\/fi\/wp-json\/wp\/v2\/users\/2"}],"replies":[{"embeddable":true,"href":"https:\/\/www.europesays.com\/fi\/wp-json\/wp\/v2\/comments?post=130836"}],"version-history":[{"count":0,"href":"https:\/\/www.europesays.com\/fi\/wp-json\/wp\/v2\/posts\/130836\/revisions"}],"wp:featuredmedia":[{"embeddable":true,"href":"https:\/\/www.europesays.com\/fi\/wp-json\/wp\/v2\/media\/130837"}],"wp:attachment":[{"href":"https:\/\/www.europesays.com\/fi\/wp-json\/wp\/v2\/media?parent=130836"}],"wp:term":[{"taxonomy":"category","embeddable":true,"href":"https:\/\/www.europesays.com\/fi\/wp-json\/wp\/v2\/categories?post=130836"},{"taxonomy":"post_tag","embeddable":true,"href":"https:\/\/www.europesays.com\/fi\/wp-json\/wp\/v2\/tags?post=130836"}],"curies":[{"name":"wp","href":"https:\/\/api.w.org\/{rel}","templated":true}]}}