{"id":130838,"date":"2026-01-01T16:13:10","date_gmt":"2026-01-01T16:13:10","guid":{"rendered":"https:\/\/www.europesays.com\/fi\/130838\/"},"modified":"2026-01-01T16:13:10","modified_gmt":"2026-01-01T16:13:10","slug":"pihoissa-vieraillut-ilves-tapettiin-keuruulla","status":"publish","type":"post","link":"https:\/\/www.europesays.com\/fi\/130838\/","title":{"rendered":"Pihoissa vieraillut ilves tapettiin Keuruulla"},"content":{"rendered":"<p>\n\tSTT\t30.12.2025 12:24, muokattu<br \/>\n\t30.12.2025 12:28\n<\/p>\n<p>\t\t\t\t\t\t\t\t\tSuurpedot<\/p>\n<p>Keuruulla tapettiin maanantaina ilves, joka oli joulun aikaan vieraillut ihmisten pihapiireiss\u00e4. Keski-Suomen poliisin <a href=\"https:\/\/poliisi.fi\/-\/poliisi-joutui-antamaan-lopettamismaarayksen-ihmiselle-vaarallisesta-ilveksesta-keuruulla-\" rel=\"nofollow noopener\" target=\"_blank\">mukaan<\/a> ilves aiheutti ihmisille vaaraa.<\/p>\n<p>Pihavierailuja kirjasivat alueen petoyhdyshenkil\u00f6t. Poliisin mukaan ilves oli muun muassa l\u00e4hestynyt ulkoilemassa olevia ihmisi\u00e4 ja meinannut hy\u00f6k\u00e4t\u00e4 koirien kimppuun.<\/p>\n<p>\u2013\u2009T\u00e4ss\u00e4 tapauksessa on ep\u00e4selv\u00e4\u00e4, mik\u00e4 ilveksen ajoi ihmisten l\u00e4heisyyteen. Usein taustalla on jokin syy luontaisen ravinnon saamattomuuteen ja sit\u00e4 kautta tottuminen siihen, ett\u00e4 ravintoa etsit\u00e4\u00e4n ihmisten l\u00e4heisyydest\u00e4, sanoo komisario<strong> Teemu Karhunen<\/strong> tiedotteessa.<\/p>\n<p>Poliisin mukaan alueen riistanhoitoyhdistys pyrki karkottamaan ilvest\u00e4 siin\u00e4 onnistumatta. Lopulta yhdyshenkil\u00f6t tappoivat ilveksen poliisin m\u00e4\u00e4r\u00e4ysten mukaisesti.<\/p>\n","protected":false},"excerpt":{"rendered":"STT 30.12.2025 12:24, muokattu 30.12.2025 12:28 Suurpedot Keuruulla tapettiin maanantaina ilves, joka oli joulun aikaan vieraillut ihmisten pihapiireiss\u00e4.&hellip;\n","protected":false},"author":2,"featured_media":130839,"comment_status":"","ping_status":"","sticky":false,"template":"","format":"standard","meta":{"footnotes":""},"categories":[112],"tags":[33,31,30,118,32,119],"class_list":{"0":"post-130838","1":"post","2":"type-post","3":"status-publish","4":"format-standard","5":"has-post-thumbnail","7":"category-tiede","8":"tag-fi","9":"tag-finland","10":"tag-finnish","11":"tag-science","12":"tag-suomi","13":"tag-tiede"},"share_on_mastodon":{"url":"https:\/\/pubeurope.com\/@fi\/115820730965906055","error":""},"_links":{"self":[{"href":"https:\/\/www.europesays.com\/fi\/wp-json\/wp\/v2\/posts\/130838","targetHints":{"allow":["GET"]}}],"collection":[{"href":"https:\/\/www.europesays.com\/fi\/wp-json\/wp\/v2\/posts"}],"about":[{"href":"https:\/\/www.europesays.com\/fi\/wp-json\/wp\/v2\/types\/post"}],"author":[{"embeddable":true,"href":"https:\/\/www.europesays.com\/fi\/wp-json\/wp\/v2\/users\/2"}],"replies":[{"embeddable":true,"href":"https:\/\/www.europesays.com\/fi\/wp-json\/wp\/v2\/comments?post=130838"}],"version-history":[{"count":0,"href":"https:\/\/www.europesays.com\/fi\/wp-json\/wp\/v2\/posts\/130838\/revisions"}],"wp:featuredmedia":[{"embeddable":true,"href":"https:\/\/www.europesays.com\/fi\/wp-json\/wp\/v2\/media\/130839"}],"wp:attachment":[{"href":"https:\/\/www.europesays.com\/fi\/wp-json\/wp\/v2\/media?parent=130838"}],"wp:term":[{"taxonomy":"category","embeddable":true,"href":"https:\/\/www.europesays.com\/fi\/wp-json\/wp\/v2\/categories?post=130838"},{"taxonomy":"post_tag","embeddable":true,"href":"https:\/\/www.europesays.com\/fi\/wp-json\/wp\/v2\/tags?post=130838"}],"curies":[{"name":"wp","href":"https:\/\/api.w.org\/{rel}","templated":true}]}}