{"id":130840,"date":"2026-01-01T16:15:07","date_gmt":"2026-01-01T16:15:07","guid":{"rendered":"https:\/\/www.europesays.com\/fi\/130840\/"},"modified":"2026-01-01T16:15:07","modified_gmt":"2026-01-01T16:15:07","slug":"rallin-mm-sarjasta-tipahti-mukava-uutinen-italialaislupaukselle-huima-tilaisuus","status":"publish","type":"post","link":"https:\/\/www.europesays.com\/fi\/130840\/","title":{"rendered":"Rallin MM-sarjasta tipahti mukava uutinen &#8211; italialaislupaukselle huima tilaisuus"},"content":{"rendered":"<p>Tammikuun lopussa 19 vuotta t\u00e4ytt\u00e4v\u00e4 Trentin ajaa rallin MM-sarjan WRC2-luokassa kaudella 2026 kuusi osakilpailua. Nuorukaisen taival starttaa helmikuussa Ruotsin MM-rallista.<\/p>\n<p>Trentin kilpailee lis\u00e4ksi Skodan Rally2-autolla Ruotsissa, Kanariansaarilla, Portugalissa, Kreikassa Suomessa ja Sardiniassa. Tiimin\u00e4 toimii Trentinin taustalla aiemminkin ollut Delta Rally.<\/p>\n<p>\u2013 Olen iloinen, ett\u00e4 voin julkistaa kuuden rallin ohjelmani kuudessa WRC2-osakilpailussa. Iso kiitos kaikille, jotka tekiv\u00e4t t\u00e4st\u00e4 mahdollista, Trentin myh\u00e4ilee.<\/p>\n<p>Italialaiskuski teki l\u00e4pimurtonsa t\u00e4n\u00e4 vuonna kotimaansa sorasarjassa, jonka mestaruuden h\u00e4n voitti vain 18-vuotiaana. Trentin ajoi my\u00f6s viime kaudella viisi MM-rallia, mutta kilpailut osoittautuivat viel\u00e4 opintomatkoiksi.<\/p>\n<p>Kanarialla, Sardiniassa ja Suomessa Trentin kuitenkin p\u00e4\u00e4si maaliin ja sai pisteit\u00e4 Sardiniasta (WRC2-luokan 9.) ja Suomesta (WRC2-luokan 10.). Sen sijaan Portugalissa ja Kreikassa matka katkesi keskeytyksiin.<\/p>\n<p>T\u00e4ll\u00e4 kaudella tavoitteet ovat varmasti korkeammalla, sill\u00e4 kaikki kisat Ruotsia lukuun ottamatta ovat jo italialaiselle tuttuja.<\/p>\n","protected":false},"excerpt":{"rendered":"Tammikuun lopussa 19 vuotta t\u00e4ytt\u00e4v\u00e4 Trentin ajaa rallin MM-sarjan WRC2-luokassa kaudella 2026 kuusi osakilpailua. Nuorukaisen taival starttaa helmikuussa&hellip;\n","protected":false},"author":2,"featured_media":130841,"comment_status":"","ping_status":"","sticky":false,"template":"","format":"standard","meta":{"footnotes":""},"categories":[76],"tags":[79,23179,77,33,31,30,23180,3540,32,78,23181],"class_list":{"0":"post-130840","1":"post","2":"type-post","3":"status-publish","4":"format-standard","5":"has-post-thumbnail","7":"category-talous","8":"tag-business","9":"tag-delta-rally","10":"tag-economy","11":"tag-fi","12":"tag-finland","13":"tag-finnish","14":"tag-giovanni-trentin","15":"tag-rallin-mm-sarja","16":"tag-suomi","17":"tag-talous","18":"tag-wrc2"},"share_on_mastodon":{"url":"https:\/\/pubeurope.com\/@fi\/115820738881299935","error":""},"_links":{"self":[{"href":"https:\/\/www.europesays.com\/fi\/wp-json\/wp\/v2\/posts\/130840","targetHints":{"allow":["GET"]}}],"collection":[{"href":"https:\/\/www.europesays.com\/fi\/wp-json\/wp\/v2\/posts"}],"about":[{"href":"https:\/\/www.europesays.com\/fi\/wp-json\/wp\/v2\/types\/post"}],"author":[{"embeddable":true,"href":"https:\/\/www.europesays.com\/fi\/wp-json\/wp\/v2\/users\/2"}],"replies":[{"embeddable":true,"href":"https:\/\/www.europesays.com\/fi\/wp-json\/wp\/v2\/comments?post=130840"}],"version-history":[{"count":0,"href":"https:\/\/www.europesays.com\/fi\/wp-json\/wp\/v2\/posts\/130840\/revisions"}],"wp:featuredmedia":[{"embeddable":true,"href":"https:\/\/www.europesays.com\/fi\/wp-json\/wp\/v2\/media\/130841"}],"wp:attachment":[{"href":"https:\/\/www.europesays.com\/fi\/wp-json\/wp\/v2\/media?parent=130840"}],"wp:term":[{"taxonomy":"category","embeddable":true,"href":"https:\/\/www.europesays.com\/fi\/wp-json\/wp\/v2\/categories?post=130840"},{"taxonomy":"post_tag","embeddable":true,"href":"https:\/\/www.europesays.com\/fi\/wp-json\/wp\/v2\/tags?post=130840"}],"curies":[{"name":"wp","href":"https:\/\/api.w.org\/{rel}","templated":true}]}}