{"id":130842,"date":"2026-01-01T16:16:10","date_gmt":"2026-01-01T16:16:10","guid":{"rendered":"https:\/\/www.europesays.com\/fi\/130842\/"},"modified":"2026-01-01T16:16:10","modified_gmt":"2026-01-01T16:16:10","slug":"kim-jong-un-ylistaa-vieraassa-maassa-taistelevia-omia-sotilaitaan","status":"publish","type":"post","link":"https:\/\/www.europesays.com\/fi\/130842\/","title":{"rendered":"Kim Jong-un ylist\u00e4\u00e4 vieraassa maassa taistelevia omia sotilaitaan"},"content":{"rendered":"<p><strong class=\"typography-bold\">Kim ei maininnut Ukrainaa puheessaan, vaikka sit\u00e4 tarkoitti.<\/strong><\/p>\n<p>Pohjois-Korean itsevaltainen johtaja <strong class=\"typography-bold\">Kim Jong-un<\/strong><strong class=\"typography-bold\"> <\/strong>ylisti uudenvuoden puheessaan &#8221;vieraassa maassa&#8221; taistelevia Pohjois-Korean sotilaita sek\u00e4 korosti l\u00e4mpimi\u00e4 suhteita Ven\u00e4j\u00e4\u00e4n.<\/p>\n<p>\u2013\u2009Kun koko maa tervehtii juhlamielin uutta vuotta, kaipaan entist\u00e4kin enemm\u00e4n teit\u00e4, jotka taistelette t\u00e4ll\u00e4 hetkell\u00e4 urheasti vieraan maan taistelukentill\u00e4, Kim sanoi puheessaan.<\/p>\n<p>\u2013\u2009Teid\u00e4n tukenanne on Pjongjang ja Moskova, h\u00e4n sanoi.<\/p>\n<p>Kim ei maininnut Ukrainaa puheessaan.<\/p>\n","protected":false},"excerpt":{"rendered":"Kim ei maininnut Ukrainaa puheessaan, vaikka sit\u00e4 tarkoitti. Pohjois-Korean itsevaltainen johtaja Kim Jong-un ylisti uudenvuoden puheessaan &#8221;vieraassa maassa&#8221;&hellip;\n","protected":false},"author":2,"featured_media":130843,"comment_status":"","ping_status":"","sticky":false,"template":"","format":"standard","meta":{"footnotes":""},"categories":[14],"tags":[22,23,26,27,33,31,30,17,24,25,28,29,15,18,21,32,19,20,56,16,59,60,61],"class_list":{"0":"post-130842","1":"post","2":"type-post","3":"status-publish","4":"format-standard","5":"has-post-thumbnail","7":"category-ulkomaat","8":"tag-breaking-news","9":"tag-breakingnews","10":"tag-featured-news","11":"tag-featurednews","12":"tag-fi","13":"tag-finland","14":"tag-finnish","15":"tag-headlines","16":"tag-latest-news","17":"tag-latestnews","18":"tag-main-news","19":"tag-mainnews","20":"tag-news","21":"tag-otsikot","22":"tag-paauutiset","23":"tag-suomi","24":"tag-top-stories","25":"tag-topstories","26":"tag-ulkomaat","27":"tag-uutiset","28":"tag-world","29":"tag-world-news","30":"tag-worldnews"},"share_on_mastodon":{"url":"https:\/\/pubeurope.com\/@fi\/115820742768205836","error":""},"_links":{"self":[{"href":"https:\/\/www.europesays.com\/fi\/wp-json\/wp\/v2\/posts\/130842","targetHints":{"allow":["GET"]}}],"collection":[{"href":"https:\/\/www.europesays.com\/fi\/wp-json\/wp\/v2\/posts"}],"about":[{"href":"https:\/\/www.europesays.com\/fi\/wp-json\/wp\/v2\/types\/post"}],"author":[{"embeddable":true,"href":"https:\/\/www.europesays.com\/fi\/wp-json\/wp\/v2\/users\/2"}],"replies":[{"embeddable":true,"href":"https:\/\/www.europesays.com\/fi\/wp-json\/wp\/v2\/comments?post=130842"}],"version-history":[{"count":0,"href":"https:\/\/www.europesays.com\/fi\/wp-json\/wp\/v2\/posts\/130842\/revisions"}],"wp:featuredmedia":[{"embeddable":true,"href":"https:\/\/www.europesays.com\/fi\/wp-json\/wp\/v2\/media\/130843"}],"wp:attachment":[{"href":"https:\/\/www.europesays.com\/fi\/wp-json\/wp\/v2\/media?parent=130842"}],"wp:term":[{"taxonomy":"category","embeddable":true,"href":"https:\/\/www.europesays.com\/fi\/wp-json\/wp\/v2\/categories?post=130842"},{"taxonomy":"post_tag","embeddable":true,"href":"https:\/\/www.europesays.com\/fi\/wp-json\/wp\/v2\/tags?post=130842"}],"curies":[{"name":"wp","href":"https:\/\/api.w.org\/{rel}","templated":true}]}}