{"id":130846,"date":"2026-01-01T16:18:07","date_gmt":"2026-01-01T16:18:07","guid":{"rendered":"https:\/\/www.europesays.com\/fi\/130846\/"},"modified":"2026-01-01T16:18:07","modified_gmt":"2026-01-01T16:18:07","slug":"ex-maajoukkuehiihtaja-ari-luusua-kisaa-valittomasti-toimintakieltonsa-paatyttya-palaa-kisaladuille-skandinavia-cupissa-urheilua-lyhyesti","status":"publish","type":"post","link":"https:\/\/www.europesays.com\/fi\/130846\/","title":{"rendered":"Ex-maajoukkue\u00adhiiht\u00e4j\u00e4 Ari Luusua kisaa v\u00e4litt\u00f6m\u00e4sti toiminta\u00adkieltonsa p\u00e4\u00e4tytty\u00e4 \u2013 palaa kisaladuille Skandinavia Cupissa | Urheilua lyhyesti"},"content":{"rendered":"<p class=\"aw-1gybjub aw-5vja16 kEtdKx kmuxyA yle__article__paragraph\">Luusua kisaa ensimm\u00e4ist\u00e4 kertaa Tampereen Yrityksen v\u00e4reiss\u00e4. H\u00e4nen paluu\u00adkilpailunsa on Vantaalla hiihdett\u00e4v\u00e4n osakilpailun 10 kilometri\u00e4 vapaalla.<\/p>\n<p><img decoding=\"async\" alt=\"Ari Luusua\" src=\"https:\/\/www.europesays.com\/fi\/wp-content\/uploads\/2026\/01\/39-12692656617f3be11cc7.jpeg\" class=\"aw-1l9m598 hKVVvP\"\/><\/p>\n<p>Avaa kuvien katselu<\/p>\n<p>Ari Luusua palaa kilpaladuille. H\u00e4n hiihti parhaimmillaan 9. sijalle maailmancupin perinteisen sprintiss\u00e4 Rukalla vuonna 2016 Kuva: Getty Images<\/p>\n<p class=\"aw-1gybjub aw-1p7kakr kEtdKx cEmitX yle__article__paragraph\">Entinen maajoukkuesprintteri <strong class=\"aw-ak79eh KyCXm yle__article__strong\">Ari Luusua<\/strong>, 37, palaa kansainv\u00e4lisille kilpaladuille t\u00e4ll\u00e4 viikolla Vantaalla.<\/p>\n<p class=\"aw-1gybjub aw-1p7kakr kEtdKx cEmitX yle__article__paragraph\">Luusua hiiht\u00e4\u00e4 Skandinavia Cupin osakilpailussa Vantaalla uuden seuransa Tampereen Yrityksen v\u00e4reiss\u00e4. Rovaniemell\u00e4 asuva Luusua <a class=\"aw-iao6s4 iHOxEa yle__article__link\" href=\"https:\/\/www.extime.fi\/kisasivut\/vantaa\/vantaa_vapaa.htm\" role=\"link\" rel=\"nofollow noopener\" target=\"_blank\">kilpailee osakilpailussa sunnuntaina<\/a>, hiiht\u00e4en miesten 10 kilometrin vapaan hiihtotavan kisassa.<\/p>\n<p class=\"aw-1gybjub aw-1p7kakr kEtdKx cEmitX yle__article__paragraph\">H\u00e4nen toimintakieltonsa p\u00e4\u00e4ttyy lauantaina, joten h\u00e4n p\u00e4\u00e4see liki v\u00e4litt\u00f6m\u00e4sti tositoimiin. Yle Urheilu kertoi jo aiemmin Luusuan yll\u00e4tyssiirrosta Tampereelle. H\u00e4n on aiemmin edustanut urallaan muun muassa kotipaikkakuntansa Ounasvaaran Hiihtoseuraa.<\/p>\n<p><img decoding=\"async\" alt=\"Ari Luusua \" src=\"https:\/\/www.europesays.com\/fi\/wp-content\/uploads\/2026\/01\/39-4583825a6478e34e429.jpeg\" class=\"aw-1l9m598 hKVVvP\"\/><\/p>\n<p class=\"aw-1gybjub aw-1p7kakr kEtdKx cEmitX yle__article__paragraph\">Luusua antoi 20. hein\u00e4kuuta 2021 dopingn\u00e4ytteen, josta l\u00f6ytyi merkkej\u00e4 drostanoloni-nimisen anabolisen steroidin sek\u00e4 antidopings\u00e4\u00e4nn\u00f6iss\u00e4 kielletyn Meldonium-syd\u00e4nl\u00e4\u00e4kkeen k\u00e4yt\u00f6st\u00e4. Tuolloin pitkien matkojen Ski Classics -sarjassa <a class=\"aw-iao6s4 iHOxEa yle__article__link\" href=\"https:\/\/yle.fi\/a\/3-11859644\" role=\"link\" rel=\"nofollow noopener\" target=\"_blank\">menestyksekk\u00e4\u00e4sti<\/a> kilpailleen Luusuan <a class=\"aw-iao6s4 iHOxEa yle__article__link\" href=\"https:\/\/yle.fi\/a\/3-12501961\" role=\"link\" rel=\"nofollow noopener\" target=\"_blank\">toimintakiellon<\/a> piti alun perin p\u00e4\u00e4tty\u00e4 26. elokuuta t\u00e4n\u00e4 vuonna.<\/p>\n<p class=\"aw-1gybjub aw-1p7kakr kEtdKx cEmitX yle__article__paragraph\">\u2013 H\u00e4nen toimintakieltonsa p\u00e4\u00e4ttyy 3. tammikuuta 2026 eli se on ensimm\u00e4inen p\u00e4iv\u00e4, jolloin h\u00e4n voi osallistua kilpailuihin ja jolloin h\u00e4nen niin sanottu <a class=\"aw-iao6s4 iHOxEa yle__article__link\" href=\"https:\/\/www.fis-ski.com\/DB\/general\/athlete-biography.html?sectorcode=CC&amp;seasoncode=&amp;competitorid=132284&amp;type=result&amp;categorycode=WC&amp;sort=&amp;place=&amp;disciplinecode=&amp;position=&amp;limit=100\" role=\"link\" rel=\"nofollow noopener\" target=\"_blank\">FIS-urheilijakoodinsa<\/a> voidaan aktivoida, Suomen hiihtoliitossa mm. kilpailulisenssiasioista vastaava <strong class=\"aw-ak79eh KyCXm yle__article__strong\">Larissa Erola<\/strong> kertoi aiemmin Yle Urheilulle.<\/p>\n<p class=\"aw-1gybjub aw-1p7kakr kEtdKx cEmitX yle__article__paragraph\">\u2013 Toimintakiellon piti alun perin p\u00e4\u00e4tty\u00e4 jo 26. elokuuta 2025. Mutta koska h\u00e4n teki aikanaan lopettamisilmoituksen ja sen j\u00e4lkeen muutti mielt\u00e4\u00e4n, se vastaavasti pidensi toimintakieltoa muutamalla kuukaudella.<\/p>\n<p><img decoding=\"async\" alt=\"Ari Luusua i sp\u00e5ret\" src=\"https:\/\/www.europesays.com\/fi\/wp-content\/uploads\/2026\/01\/39-5467065c7bc85d8b56c.jpeg\" class=\"aw-1l9m598 hKVVvP\"\/><\/p>\n<p class=\"aw-1gybjub aw-1p7kakr kEtdKx cEmitX yle__article__paragraph\">Luusua kuului 2010-luvulla Suomen sprinttihiiht\u00e4jien parhaimmistoon. Pohjoissuomalaisen parhaimmaksi suoritukseksi maailmancupissa nousi Rukalla hiihdetyss\u00e4 perinteisen hiihtotavan sprinttikisassa saavuttamansa yhdeks\u00e4s sija marraskuussa 2016.<\/p>\n<p class=\"aw-1gybjub aw-1p7kakr kEtdKx cEmitX yle__article__paragraph\">Skandinavia Cup on Kansainv\u00e4lisen hiihtoliiton j\u00e4rjest\u00e4m\u00e4 maailmancupia alempi sarja, jonka kautta on mahdollisuus ansaita osallistumisoikeus itse maailmancupiin.<\/p>\n","protected":false},"excerpt":{"rendered":"Luusua kisaa ensimm\u00e4ist\u00e4 kertaa Tampereen Yrityksen v\u00e4reiss\u00e4. H\u00e4nen paluu\u00adkilpailunsa on Vantaalla hiihdett\u00e4v\u00e4n osakilpailun 10 kilometri\u00e4 vapaalla. Avaa kuvien&hellip;\n","protected":false},"author":2,"featured_media":130847,"comment_status":"","ping_status":"","sticky":false,"template":"","format":"standard","meta":{"footnotes":""},"categories":[5],"tags":[14174,22,23,26,27,33,31,30,17,2095,24,25,28,29,15986,15,18,21,2668,23182,32,19,20,160,16],"class_list":{"0":"post-130846","1":"post","2":"type-post","3":"status-publish","4":"format-standard","5":"has-post-thumbnail","7":"category-otsikot","8":"tag-ari-luusua","9":"tag-breaking-news","10":"tag-breakingnews","11":"tag-featured-news","12":"tag-featurednews","13":"tag-fi","14":"tag-finland","15":"tag-finnish","16":"tag-headlines","17":"tag-hiihto","18":"tag-latest-news","19":"tag-latestnews","20":"tag-main-news","21":"tag-mainnews","22":"tag-miesten-hiihto","23":"tag-news","24":"tag-otsikot","25":"tag-paauutiset","26":"tag-pohjoismaiset-hiihtolajit","27":"tag-skandinavia-cup","28":"tag-suomi","29":"tag-top-stories","30":"tag-topstories","31":"tag-urheilu","32":"tag-uutiset"},"share_on_mastodon":{"url":"https:\/\/pubeurope.com\/@fi\/115820750641517207","error":""},"_links":{"self":[{"href":"https:\/\/www.europesays.com\/fi\/wp-json\/wp\/v2\/posts\/130846","targetHints":{"allow":["GET"]}}],"collection":[{"href":"https:\/\/www.europesays.com\/fi\/wp-json\/wp\/v2\/posts"}],"about":[{"href":"https:\/\/www.europesays.com\/fi\/wp-json\/wp\/v2\/types\/post"}],"author":[{"embeddable":true,"href":"https:\/\/www.europesays.com\/fi\/wp-json\/wp\/v2\/users\/2"}],"replies":[{"embeddable":true,"href":"https:\/\/www.europesays.com\/fi\/wp-json\/wp\/v2\/comments?post=130846"}],"version-history":[{"count":0,"href":"https:\/\/www.europesays.com\/fi\/wp-json\/wp\/v2\/posts\/130846\/revisions"}],"wp:featuredmedia":[{"embeddable":true,"href":"https:\/\/www.europesays.com\/fi\/wp-json\/wp\/v2\/media\/130847"}],"wp:attachment":[{"href":"https:\/\/www.europesays.com\/fi\/wp-json\/wp\/v2\/media?parent=130846"}],"wp:term":[{"taxonomy":"category","embeddable":true,"href":"https:\/\/www.europesays.com\/fi\/wp-json\/wp\/v2\/categories?post=130846"},{"taxonomy":"post_tag","embeddable":true,"href":"https:\/\/www.europesays.com\/fi\/wp-json\/wp\/v2\/tags?post=130846"}],"curies":[{"name":"wp","href":"https:\/\/api.w.org\/{rel}","templated":true}]}}