{"id":130848,"date":"2026-01-01T16:30:07","date_gmt":"2026-01-01T16:30:07","guid":{"rendered":"https:\/\/www.europesays.com\/fi\/130848\/"},"modified":"2026-01-01T16:30:07","modified_gmt":"2026-01-01T16:30:07","slug":"maria-veitola-julkaisi-kuvan-sairaalasta-loppuvuosi-ollut-terveyden-osalta-haastava","status":"publish","type":"post","link":"https:\/\/www.europesays.com\/fi\/130848\/","title":{"rendered":"Maria Veitola julkaisi kuvan sairaalasta \u2013 loppuvuosi ollut terveyden osalta haastava"},"content":{"rendered":"<p>Vuosi vaihtui ja sen lopuksi saatiin tiet\u00e4\u00e4 juontaja <strong>Marian Veitolan<\/strong> paljastuksia vuodesta 2025. Viimeisin niist\u00e4 liittyy sairaalaan. <\/p>\n<p>Lue my\u00f6s: <a href=\"https:\/\/www.como.fi\/uutiset\/maria-veitola-laittoi-koko-perheen-testiin-jouluaiheinen-perhepostaus\/\" title=\"Maria Veitola laittoi koko perheen testiin \u2013 jouluaiheinen perhepostaus\" class=\"underline-custom !font-montserrat !font-bold !underline-offset-4 !decoration-4 !decoration-red-600 !text-md\" rel=\"nofollow noopener\" target=\"_blank\">Maria Veitola laittoi koko perheen testiin \u2013 jouluaiheinen perhepostaus<\/a><\/p>\n<p>\u2013 Oon unohtanut kertoa siit\u00e4 kun olin yksin naapurisaaressa sienimets\u00e4ss\u00e4 ja siell\u00e4 oli kans mustikassa joku vanhempi mies joka soitteli kavereilleen ja lapsilleen sellasia puheluita ett\u00e4 \u201dmiulla on sinnuu ik\u00e4v\u00e4, oot miulle tosi rakas, tuuhan sie k\u00e4ym\u00e4\u00e4n, mie teen siulle soppaa\u201d. Se liikutti, kirjoittaa Veitola yhdest\u00e4 vuoden tapahtumasta.<\/p>\n<p>Toinen Marian paljastama tapahtuma on tapahtunut pubissa.<\/p>\n<p>\u2013 Ja sekin on j\u00e4\u00e4nyt kertomatta, ett\u00e4 Parikkalassa pubissa yks \u00e4ij\u00e4 luuli mua Anna Puuksi ja pyys nimmaria. Annoin tietty koska kyl yst\u00e4vien kuuluu edustaa jos ite ei oo paikalla, kertoo Maria.<\/p>\n<p>Marian julkaisussa on my\u00f6s muita paljastuksia. Julkaisussa on my\u00f6s kuva jokaista vuoden 2025 kuukautta kohti. Viimeinen kuva eli joulukuun kuva on otettu yll\u00e4tt\u00e4en sairaalasta. Maria ei kerro julkaisussaan, miksi h\u00e4nest\u00e4 on otettu kuva sairaalasta.<\/p>\n<p>\u2013 Koska t\u00e4\u00e4 loppuvuosi on ollut v\u00e4h\u00e4n haastava terveyden osalta ni ens vuodelta toivonkin kivuttomuutta, paljon &amp; kivoja uusia ja vanhoja t\u00f6it\u00e4, tietty rakkautta, tanssimista ja vapautta, kirjoittaa Maria.<\/p>\n<p>N\u00e4et Marian julkaisun t\u00e4st\u00e4 alta tai <a href=\"https:\/\/www.instagram.com\/p\/DS7ofKVglca\/?utm_source=ig_web_copy_link&amp;igsh=MzRlODBiNWFlZA==\" target=\"_blank\" rel=\"noreferrer noopener nofollow\">t\u00e4\u00e4lt\u00e4<\/a>.<\/p>\n<p>Lue my\u00f6s: <a href=\"https:\/\/www.como.fi\/tilaa-comon-uutiskirje\/\" title=\"Tilaa Comon uutiskirje ja tied\u00e4t mist\u00e4 kahvitauolla puhutaan! Nappaa kotimaan tv-vinkit ja puheenaiheet suoraan s\u00e4hk\u00f6postiin t\u00e4st\u00e4.\" class=\"underline-custom !font-montserrat !font-bold !underline-offset-4 !decoration-4 !decoration-red-600 !text-md\" rel=\"nofollow noopener\" target=\"_blank\">Tilaa Comon uutiskirje ja tied\u00e4t mist\u00e4 kahvitauolla puhutaan! Nappaa kotimaan tv-vinkit ja puheenaiheet suoraan s\u00e4hk\u00f6postiin t\u00e4st\u00e4.<\/a><\/p>\n<p>\t\t\t<script async src=\"\/\/www.instagram.com\/embed.js\"><\/script><\/p>\n","protected":false},"excerpt":{"rendered":"Vuosi vaihtui ja sen lopuksi saatiin tiet\u00e4\u00e4 juontaja Marian Veitolan paljastuksia vuodesta 2025. Viimeisin niist\u00e4 liittyy sairaalaan. Lue&hellip;\n","protected":false},"author":2,"featured_media":130849,"comment_status":"","ping_status":"","sticky":false,"template":"","format":"standard","meta":{"footnotes":""},"categories":[136],"tags":[407,137,33,31,30,408,1082,32,109],"class_list":{"0":"post-130848","1":"post","2":"type-post","3":"status-publish","4":"format-standard","5":"has-post-thumbnail","7":"category-julkkikset","8":"tag-celebrities","9":"tag-entertainment","10":"tag-fi","11":"tag-finland","12":"tag-finnish","13":"tag-julkkikset","14":"tag-maria-veitola","15":"tag-suomi","16":"tag-viihde"},"share_on_mastodon":{"url":"https:\/\/pubeurope.com\/@fi\/115820798038584262","error":""},"_links":{"self":[{"href":"https:\/\/www.europesays.com\/fi\/wp-json\/wp\/v2\/posts\/130848","targetHints":{"allow":["GET"]}}],"collection":[{"href":"https:\/\/www.europesays.com\/fi\/wp-json\/wp\/v2\/posts"}],"about":[{"href":"https:\/\/www.europesays.com\/fi\/wp-json\/wp\/v2\/types\/post"}],"author":[{"embeddable":true,"href":"https:\/\/www.europesays.com\/fi\/wp-json\/wp\/v2\/users\/2"}],"replies":[{"embeddable":true,"href":"https:\/\/www.europesays.com\/fi\/wp-json\/wp\/v2\/comments?post=130848"}],"version-history":[{"count":0,"href":"https:\/\/www.europesays.com\/fi\/wp-json\/wp\/v2\/posts\/130848\/revisions"}],"wp:featuredmedia":[{"embeddable":true,"href":"https:\/\/www.europesays.com\/fi\/wp-json\/wp\/v2\/media\/130849"}],"wp:attachment":[{"href":"https:\/\/www.europesays.com\/fi\/wp-json\/wp\/v2\/media?parent=130848"}],"wp:term":[{"taxonomy":"category","embeddable":true,"href":"https:\/\/www.europesays.com\/fi\/wp-json\/wp\/v2\/categories?post=130848"},{"taxonomy":"post_tag","embeddable":true,"href":"https:\/\/www.europesays.com\/fi\/wp-json\/wp\/v2\/tags?post=130848"}],"curies":[{"name":"wp","href":"https:\/\/api.w.org\/{rel}","templated":true}]}}