{"id":130850,"date":"2026-01-01T16:31:11","date_gmt":"2026-01-01T16:31:11","guid":{"rendered":"https:\/\/www.europesays.com\/fi\/130850\/"},"modified":"2026-01-01T16:31:11","modified_gmt":"2026-01-01T16:31:11","slug":"lepakko-lensi-hihaan-joensuun-taidemuseon-remontin-yhteydessa-nain-arvorakennuksen-miljoonaremontti-etenee-paikalliset","status":"publish","type":"post","link":"https:\/\/www.europesays.com\/fi\/130850\/","title":{"rendered":"Lepakko lensi hihaan Joensuun taidemuseon remontin yhteydess\u00e4 \u2013 N\u00e4in arvorakennuksen miljoonaremontti etenee | Paikalliset"},"content":{"rendered":"<p>Mik\u00e4s tumma hahmo katonrajassa oikein m\u00f6ll\u00f6tt\u00e4\u00e4?<\/p>\n<p>Horrostava lepakkohan se on. Kun Joensuun taidemuseon vanhaa lattiaa purettiin auki aikaisemmin syksyll\u00e4, alta l\u00f6ytyi kokonainen yhdyskunta.<\/p>\n<p>Siin\u00e4 vaiheessa lepakot h\u00e4tk\u00e4htiv\u00e4t tulijoita sen verran, ett\u00e4 yksi pujahti remontoijan hihasta sis\u00e4lle.<\/p>\n<p>\t\t<a class=\"diks-gallery__link\" href=\"https:\/\/i.media.fi\/incoming\/wzub3u\/11184935.jpg\/alternates\/FREE_1440\/11184935.jpg\" data-thumbnail=\"\" data-sub-html=\"Mika Alm entis\u00f6i ikkunoita taidemuseon juhlasalissa. Varsinkin varjon puolen ikkunat ovat Almin mukaan hyvin s\u00e4ilyneet. Mikko Makkonen\" aria-label=\"Katso isompi kuva\" rel=\"nofollow noopener\" target=\"_blank\"><br \/>\n\t\t\t\t<img class=\"diks-figure__image\" src=\"https:\/\/www.europesays.com\/fi\/wp-content\/uploads\/2026\/01\/11184935.jpg\" loading=\"lazy\" decoding=\"sync\" alt=\"\"\/><\/p>\n<p>\t\t\t<\/a><br \/>\n\t\t\t\t\tMika Alm entis\u00f6i ikkunoita taidemuseon juhlasalissa. Varsinkin varjon puolen ikkunat ovat Almin mukaan hyvin s\u00e4ilyneet. Mikko Makkonen<\/p>\n<p>\t\t<a class=\"diks-gallery__link\" href=\"https:\/\/i.media.fi\/incoming\/b3zjy2\/11184938.jpg\/alternates\/FREE_1440\/11184938.jpg\" data-thumbnail=\"\" data-sub-html=\"Lepakko on asustellut remontin ajan alapohjassa. Mikko Makkonen\" aria-label=\"Katso isompi kuva\" rel=\"nofollow noopener\" target=\"_blank\"><br \/>\n\t\t\t\t<img class=\"diks-figure__image\" src=\"https:\/\/www.europesays.com\/fi\/wp-content\/uploads\/2026\/01\/11184938.jpg\" loading=\"lazy\" decoding=\"sync\" alt=\"\"\/><\/p>\n<p>\t\t\t<\/a><br \/>\n\t\t\t\t\tLepakko on asustellut remontin ajan alapohjassa. Mikko Makkonen<\/p>\n<p>\t\t<a class=\"diks-gallery__link\" href=\"https:\/\/i.media.fi\/incoming\/3zlbte\/11184928.jpg\/alternates\/FREE_1440\/11184928.jpg\" data-thumbnail=\"\" data-sub-html=\"Remontissa museon esteett\u00f6myytt\u00e4 parannetaan. Mikko Makkonen\" aria-label=\"Katso isompi kuva\" rel=\"nofollow noopener\" target=\"_blank\"><br \/>\n\t\t\t\t<img class=\"diks-figure__image\" src=\"https:\/\/www.europesays.com\/fi\/wp-content\/uploads\/2026\/01\/11184928.jpg\" loading=\"lazy\" decoding=\"sync\" alt=\"\"\/><\/p>\n<p>\t\t\t<\/a><br \/>\n\t\t\t\t\tRemontissa museon esteett\u00f6myytt\u00e4 parannetaan. Mikko Makkonen<\/p>\n<p><strong class=\"diks-storyline__impact\">Taidemuseon mittava<\/strong> peruskorjaushanke on edennyt l\u00e4hestulkoon suunnitellussa aikataulussa.<\/p>\n<p>Ty\u00f6t aloitettiin kes\u00e4ll\u00e4, ja valmista pit\u00e4isi tulla elokuun loppuun menness\u00e4. Joen Talon vastaava ty\u00f6njohtaja <strong>Joonas Kinnunen<\/strong> j\u00e4tt\u00e4\u00e4 suunnitelmiin pienen varauksen, sill\u00e4 yll\u00e4tyksilt\u00e4 ei ole v\u00e4ltytty, vaikka rakennuksesta tehtiin kattava kuntotutkimus. Rakenteista on purkamisvaiheessa paljastunut suunnitelmiin vaikuttaneita poikkeamia ja haitta-aineita, kuten asbestia.<\/p>\n<p>\u2013\u2009Olemme joutuneet ottamaan lis\u00e4\u00e4 ty\u00f6ntekij\u00f6it\u00e4 ja ty\u00f6j\u00e4rjestyskin on v\u00e4h\u00e4n muuttunut, mutta pid\u00e4mme viel\u00e4 kiinni elokuun lopusta.<\/p>\n<p>Lis\u00e4ty\u00f6t n\u00e4kyv\u00e4t v\u00e4ist\u00e4m\u00e4tt\u00e4 my\u00f6s budjetissa, joka on reilut seitsem\u00e4n miljoonaa euroa.<\/p>\n<p>P\u00e4\u00e4urakoitsijana hankkeessa toimii Joen Talo aliurakoitsijoineen. Paikallista kokemusta on tuoreeltaan Joensuun kaupungintalon remontista, jossa esille tuli samantyyppisi\u00e4 ongelmia kuin taidemuseossa.<\/p>\n<p>T\u00e4ll\u00e4 hetkell\u00e4 taidemuseon remontti ty\u00f6llist\u00e4\u00e4 p\u00e4ivitt\u00e4in 40\u201350 henkil\u00f6\u00e4.<\/p>\n<p>\t\t<a class=\"diks-gallery__link\" href=\"https:\/\/i.media.fi\/incoming\/9vbn4b\/11184933.jpg\/alternates\/FREE_1440\/11184933.jpg\" data-thumbnail=\"\" data-sub-html=\"Ensimm\u00e4isen kerroksen lattiarakenteet on purettu perusteellisesti pois. Mikko Makkonen\" aria-label=\"Katso isompi kuva\" rel=\"nofollow noopener\" target=\"_blank\"><br \/>\n\t\t\t\t<img class=\"diks-figure__image\" src=\"https:\/\/www.europesays.com\/fi\/wp-content\/uploads\/2026\/01\/11184933.jpg\" loading=\"lazy\" decoding=\"sync\" alt=\"\"\/><\/p>\n<p>\t\t\t<\/a><br \/>\n\t\t\t\t\tEnsimm\u00e4isen kerroksen lattiarakenteet on purettu perusteellisesti pois. Mikko Makkonen<\/p>\n<p>\t\t<a class=\"diks-gallery__link\" href=\"https:\/\/i.media.fi\/incoming\/wl7rty\/11184937.jpg\/alternates\/FREE_1440\/11184937.jpg\" data-thumbnail=\"\" data-sub-html=\"Kirvesmies Atte Leinonen ty\u00f6skenteli ensimm\u00e4isess\u00e4 kerroksessa. Mikko Makkonen\" aria-label=\"Katso isompi kuva\" rel=\"nofollow noopener\" target=\"_blank\"><br \/>\n\t\t\t\t<img class=\"diks-figure__image\" src=\"https:\/\/www.europesays.com\/fi\/wp-content\/uploads\/2026\/01\/11184937.jpg\" loading=\"lazy\" decoding=\"sync\" alt=\"\"\/><\/p>\n<p>\t\t\t<\/a><br \/>\n\t\t\t\t\tKirvesmies Atte Leinonen ty\u00f6skenteli ensimm\u00e4isess\u00e4 kerroksessa. Mikko Makkonen<\/p>\n<blockquote class=\"voice-no-read rs_skip diks-blockquote\">\n<p class=\"diks-blockquote__text\">Pid\u00e4mme viel\u00e4 kiinni elokuun lopusta.<\/p>\n<p>Joonas Kinnunen<\/p><\/blockquote>\n<p><strong class=\"diks-storyline__impact\">Edellisest\u00e4 isosta<\/strong> remontista on yli 40 vuotta aikaa, joten peruskorjauksessa talo uudistuu kellarista ullakolle. N\u00e4yttelytilojen lis\u00e4ksi kunnostetaan ikkunat, uusitaan LVI- ja s\u00e4hk\u00f6tekniikka sek\u00e4 valaistus.<\/p>\n<p>Ensimm\u00e4isen kerroksen n\u00e4yttelytiloista on purettu vanhat alapohjien palkit pois. Kaikki kantavat puurakenteet menev\u00e4t uusiksi, sill\u00e4 vastaan on tullut lahoa ja mikrobivaurioita.<\/p>\n<p>Ensimm\u00e4iseen kerrokseen kunnostetaan entiseen tapaan vaihtuvien n\u00e4yttelyiden tilat. Entiseen henkil\u00f6kunnan huoneeseen tulee museokauppa.<\/p>\n<p><strong class=\"diks-storyline__impact\">Museovirasto on<\/strong> ollut hankkeessa mukana ensimm\u00e4isist\u00e4 hankesuunnitelmista l\u00e4htien. Yliarkkitehti <strong>Teiju Autio<\/strong> osallistui rakennuksen katselmukseen torstaina.<\/p>\n<p>\u2013\u2009Aika vauhdilla tehd\u00e4\u00e4n. Se v\u00e4h\u00e4n huolestuttaa, mutta hyvin t\u00e4m\u00e4 on edennyt, kiteytt\u00e4\u00e4 Autio.<\/p>\n<p>Julkisivun lis\u00e4ksi p\u00e4\u00e4portaikko, juhlasali ja kirjasto pyrit\u00e4\u00e4n pit\u00e4m\u00e4\u00e4n mahdollisimman alkuper\u00e4isess\u00e4 asussa. Ennallistavia muutoksia voi tehd\u00e4, samoin nykym\u00e4\u00e4r\u00e4ysten mukaiset turvallisuusasiat on huomioitava.<\/p>\n<p>Museon esteett\u00f6myys n\u00e4kyy muun muassa p\u00e4\u00e4ovissa, jotka aukeavat jatkossa automatiikalla.<\/p>\n<p>\t\t<a class=\"diks-gallery__link\" href=\"https:\/\/i.media.fi\/incoming\/gt80ai\/11184939.jpg\/alternates\/FREE_1440\/11184939.jpg\" data-thumbnail=\"\" data-sub-html=\"Yhden ikkunanpokan entis\u00f6intiin menee keskim\u00e4\u00e4rin puolitoista p\u00e4iv\u00e4\u00e4, kertoo Mika Alm. Mikko Makkonen\" aria-label=\"Katso isompi kuva\" rel=\"nofollow noopener\" target=\"_blank\"><br \/>\n\t\t\t\t<img class=\"diks-figure__image\" src=\"https:\/\/www.europesays.com\/fi\/wp-content\/uploads\/2026\/01\/11184939.jpg\" loading=\"lazy\" decoding=\"sync\" alt=\"\"\/><\/p>\n<p>\t\t\t<\/a><br \/>\n\t\t\t\t\tYhden ikkunanpokan entis\u00f6intiin menee keskim\u00e4\u00e4rin puolitoista p\u00e4iv\u00e4\u00e4, kertoo Mika Alm. Mikko Makkonen<\/p>\n<p>\t\t<a class=\"diks-gallery__link\" href=\"https:\/\/i.media.fi\/incoming\/l2cf9q\/11184942.jpg\/alternates\/FREE_1440\/11184942.jpg\" data-thumbnail=\"\" data-sub-html=\"Ullakolla kiemurtelevat ilmastointiputket takaavat jatkossa rakennukseen tasaisen museaaliset olosuhteet, joista aikaisemmin vain haaveiltiin. Mikko Makkonen\" aria-label=\"Katso isompi kuva\" rel=\"nofollow noopener\" target=\"_blank\"><br \/>\n\t\t\t\t<img class=\"diks-figure__image\" src=\"https:\/\/www.europesays.com\/fi\/wp-content\/uploads\/2026\/01\/11184942.jpg\" loading=\"lazy\" decoding=\"sync\" alt=\"\"\/><\/p>\n<p>\t\t\t<\/a><br \/>\n\t\t\t\t\tUllakolla kiemurtelevat ilmastointiputket takaavat jatkossa rakennukseen tasaisen museaaliset olosuhteet, joista aikaisemmin vain haaveiltiin. Mikko Makkonen<\/p>\n<p>\t\t<a class=\"diks-gallery__link\" href=\"https:\/\/i.media.fi\/incoming\/bgawhd\/11184931.jpg\/alternates\/FREE_1440\/11184931.jpg\" data-thumbnail=\"\" data-sub-html=\"Arkkitehti Ilkka K\u00e4rn\u00e4 tuntee taidemuseon nurkat hyvin. Mikko Makkonen\" aria-label=\"Katso isompi kuva\" rel=\"nofollow noopener\" target=\"_blank\"><br \/>\n\t\t\t\t<img class=\"diks-figure__image\" src=\"https:\/\/www.europesays.com\/fi\/wp-content\/uploads\/2026\/01\/11184931.jpg\" loading=\"lazy\" decoding=\"sync\" alt=\"\"\/><\/p>\n<p>\t\t\t<\/a><br \/>\n\t\t\t\t\tArkkitehti Ilkka K\u00e4rn\u00e4 tuntee taidemuseon nurkat hyvin. Mikko Makkonen<\/p>\n<p><strong class=\"diks-storyline__impact\">Toisen kerroksen<\/strong> juhlasalissa on meneill\u00e4\u00e4n ikkunoiden entis\u00f6inti. Vanhat ikkunat pyrit\u00e4\u00e4n s\u00e4\u00e4st\u00e4m\u00e4\u00e4n pokineen ja laseineen. Salista kunnostetaan kaupungin ykk\u00f6sjuhlatilaa, kehaisee arkkitehti <strong>Ilkka K\u00e4rn\u00e4 <\/strong>Arcadiasta.<\/p>\n<p>Jatkossa tilaa vuokrataan erilaisiin juhliin, ja museonjohtaja <strong>Tarja Raninen-Siiskosen<\/strong> mukaan puhelin on jo soinut. Tila kiinnostaa muun muassa h\u00e4iden pitopaikkana. Juhlien j\u00e4rjest\u00e4minen helpottuu, sill\u00e4 salia vastap\u00e4\u00e4t\u00e4 tulee catering-piste. My\u00f6s kokoustekniikka paranee.<\/p>\n<p>Toiseen kerrokseen rakennetaan teeman\u00e4yttelyj\u00e4 ja kokoelmia. Teeman\u00e4yttelyt jatkuvat kolmannessa kerroksessa, jonne sijoittuu my\u00f6s lasten maailma. Se kulkee viel\u00e4 ainakin toistaiseksi Mukulakadun nimell\u00e4.<\/p>\n<p>Remontin my\u00f6t\u00e4 taidemuseo saa my\u00f6s toimivan viisarikellon, kun alkuper\u00e4inen koneisto kunnostetaan, lupaa K\u00e4rn\u00e4.<\/p>\n<p>\t\t<a class=\"diks-gallery__link\" href=\"https:\/\/i.media.fi\/incoming\/aigqxu\/11184930.jpg\/alternates\/FREE_1440\/11184930.jpg\" data-thumbnail=\"\" data-sub-html=\"Ylimm\u00e4n kerroksen sein\u00e4hirret ovat perua 1920-luvulta, kun kerros on otettu k\u00e4ytt\u00f6\u00f6n. Samalla katon muoto muuttui. Mikko Makkonen\" aria-label=\"Katso isompi kuva\" rel=\"nofollow noopener\" target=\"_blank\"><br \/>\n\t\t\t\t<img class=\"diks-figure__image\" src=\"https:\/\/www.europesays.com\/fi\/wp-content\/uploads\/2026\/01\/11184930.jpg\" loading=\"lazy\" decoding=\"sync\" alt=\"\"\/><\/p>\n<p>\t\t\t<\/a><br \/>\n\t\t\t\t\tYlimm\u00e4n kerroksen sein\u00e4hirret ovat perua 1920-luvulta, kun kerros on otettu k\u00e4ytt\u00f6\u00f6n. Samalla katon muoto muuttui. Mikko Makkonen<\/p>\n<p>\t\t<a class=\"diks-gallery__link\" href=\"https:\/\/i.media.fi\/incoming\/yp6pdj\/11184941.jpg\/alternates\/FREE_1440\/11184941.jpg\" data-thumbnail=\"\" data-sub-html=\"Remontin my\u00f6t\u00e4 taidemuseo uusiutuu, lupaa museonjohtaja Tarja Raninen-Siiskonen. Mikko Makkonen\" aria-label=\"Katso isompi kuva\" rel=\"nofollow noopener\" target=\"_blank\"><br \/>\n\t\t\t\t<img class=\"diks-figure__image\" src=\"https:\/\/www.europesays.com\/fi\/wp-content\/uploads\/2026\/01\/11184941.jpg\" loading=\"lazy\" decoding=\"sync\" alt=\"\"\/><\/p>\n<p>\t\t\t<\/a><br \/>\n\t\t\t\t\tRemontin my\u00f6t\u00e4 taidemuseo uusiutuu, lupaa museonjohtaja Tarja Raninen-Siiskonen. Mikko Makkonen<\/p>\n<p><strong class=\"diks-storyline__impact\">Sis\u00e4lt\u00f6suunnittelu<\/strong> on kovassa vauhdissa.<\/p>\n<p>Vaihtuvuutta on lupa odottaa, eik\u00e4 esimerkiksi vanhasta taidemuseosta tutun Madonna-huoneen sis\u00e4lt\u00f6\u00e4 tulla sellaisenaan n\u00e4kem\u00e4\u00e4n. Sen sijaan ikonihuone on ihasteltavana jatkossakin, koska esineiden lahjoitusehto sit\u00e4 edellytt\u00e4\u00e4.<\/p>\n<p>\u2013\u2009Teemme el\u00e4mykselliset mutta my\u00f6s sisustuksellisesti hienot huoneet, Raninen-Siiskonen sanoo.<\/p>\n<p>El\u00e4myksellisyydest\u00e4 tulee mieleen interaktiivisuus, jota sisarmuseossa Elieliss\u00e4 viljell\u00e4\u00e4n. Onko vastaavaa odotettavissa taidemuseoon?<\/p>\n<p>\u2013\u2009Ei samassa m\u00e4\u00e4rin. Museo eri tyyppinen, mutta yhteisty\u00f6t\u00e4 tulemme tekem\u00e4\u00e4n. Alakerran n\u00e4yttelyiss\u00e4 yhdistyy taide- ja kulttuurihistoria.<\/p>\n<p>N\u00e4yttelyhuoneiden sisustaminen ei voi alkaa samalta istumalta, kun museon v\u00e4ki saa avaimet. P\u00f6lyn pit\u00e4\u00e4 kirjaimellisesti antaa laskeutua.<\/p>\n<p>Aikanaan kun ovet avautuvat, toisen ja kolmannen kerroksen v\u00e4lisess\u00e4 portaikossa k\u00e4vij\u00f6it\u00e4 odottaa yll\u00e4tys.<\/p>\n<p>Edellisess\u00e4 remontissa maalikerroksen alle on j\u00e4\u00e4nyt vanhojen lyseolaisten maalaama Joensuun kartta, joka nyt saadaan esille ihailtavaksi.<\/p>\n<p>Viel\u00e4 nyt sein\u00e4\u00e4 peitt\u00e4\u00e4 vanerilevy.<\/p>\n<p class=\"diks-title diks-article-box__title\">Taidemuseon peruskorjaus<\/p>\n<p>Yli 7 miljoonan hanke<\/p>\n<p>Theodor Deckerin suunnittelema rakennus valmistui poikalyseoksi vuonna 1894.<\/p>\n<p>Toimi kouluk\u00e4yt\u00f6ss\u00e4 vuoteen 1977 asti.<\/p>\n<p>Edellisest\u00e4 peruskorjauksesta on aikaa yli 40 vuotta.<\/p>\n<p>Nyt remontoitavia neli\u00f6it\u00e4 on noin 2\u2009800.<\/p>\n<p>Museon kokoelmaan kuuluu 6\u2009500 taideteosta.<\/p>\n","protected":false},"excerpt":{"rendered":"Mik\u00e4s tumma hahmo katonrajassa oikein m\u00f6ll\u00f6tt\u00e4\u00e4? Horrostava lepakkohan se on. Kun Joensuun taidemuseon vanhaa lattiaa purettiin auki aikaisemmin&hellip;\n","protected":false},"author":2,"featured_media":130851,"comment_status":"","ping_status":"","sticky":false,"template":"","format":"standard","meta":{"footnotes":""},"categories":[135],"tags":[389,387,388,390,137,33,31,30,2675,1133,5058,108,1013,966,2355,32,394,393,391,392,109],"class_list":{"0":"post-130850","1":"post","2":"type-post","3":"status-publish","4":"format-standard","5":"has-post-thumbnail","7":"category-taiteet-ja-suunnittelu","8":"tag-arts","9":"tag-arts-and-design","10":"tag-artsanddesign","11":"tag-design","12":"tag-entertainment","13":"tag-fi","14":"tag-finland","15":"tag-finnish","16":"tag-instagram","17":"tag-joensuu","18":"tag-kaupungissa","19":"tag-kulttuuri","20":"tag-kuvataide","21":"tag-museot","22":"tag-rakennus","23":"tag-suomi","24":"tag-suunnittelu","25":"tag-taiteet","26":"tag-taiteet-ja-suunnittelu","27":"tag-taiteetsuunnittelu","28":"tag-viihde"},"share_on_mastodon":{"url":"https:\/\/pubeurope.com\/@fi\/115820801820500195","error":""},"_links":{"self":[{"href":"https:\/\/www.europesays.com\/fi\/wp-json\/wp\/v2\/posts\/130850","targetHints":{"allow":["GET"]}}],"collection":[{"href":"https:\/\/www.europesays.com\/fi\/wp-json\/wp\/v2\/posts"}],"about":[{"href":"https:\/\/www.europesays.com\/fi\/wp-json\/wp\/v2\/types\/post"}],"author":[{"embeddable":true,"href":"https:\/\/www.europesays.com\/fi\/wp-json\/wp\/v2\/users\/2"}],"replies":[{"embeddable":true,"href":"https:\/\/www.europesays.com\/fi\/wp-json\/wp\/v2\/comments?post=130850"}],"version-history":[{"count":0,"href":"https:\/\/www.europesays.com\/fi\/wp-json\/wp\/v2\/posts\/130850\/revisions"}],"wp:featuredmedia":[{"embeddable":true,"href":"https:\/\/www.europesays.com\/fi\/wp-json\/wp\/v2\/media\/130851"}],"wp:attachment":[{"href":"https:\/\/www.europesays.com\/fi\/wp-json\/wp\/v2\/media?parent=130850"}],"wp:term":[{"taxonomy":"category","embeddable":true,"href":"https:\/\/www.europesays.com\/fi\/wp-json\/wp\/v2\/categories?post=130850"},{"taxonomy":"post_tag","embeddable":true,"href":"https:\/\/www.europesays.com\/fi\/wp-json\/wp\/v2\/tags?post=130850"}],"curies":[{"name":"wp","href":"https:\/\/api.w.org\/{rel}","templated":true}]}}