{"id":130854,"date":"2026-01-01T16:37:07","date_gmt":"2026-01-01T16:37:07","guid":{"rendered":"https:\/\/www.europesays.com\/fi\/130854\/"},"modified":"2026-01-01T16:37:07","modified_gmt":"2026-01-01T16:37:07","slug":"antti-aalto-ainoana-suomalaisena-toiselle-kierrokselle-garmisch-partenkirchenissa-domen-prevc-hyppasi-jalleen-voittoon-urheilu","status":"publish","type":"post","link":"https:\/\/www.europesays.com\/fi\/130854\/","title":{"rendered":"Antti Aalto ainoana suomalaisena toiselle kierrokselle Garmisch-Partenkircheniss\u00e4 \u2013 Domen Prevc hypp\u00e4si j\u00e4lleen voittoon | Urheilu"},"content":{"rendered":"<p>Slovenialaism\u00e4kihypp\u00e4\u00e4j\u00e4 Domen Prevc nappasi voiton my\u00f6s Keski-Euroopan m\u00e4kiviikon toisessa kilpailussa, joka hyp\u00e4ttiin torstaina Saksan Garmisch-Partenkircheniss\u00e4.<\/p>\n<p>Maanantaina Prevc oli ykk\u00f6nen m\u00e4kiviikon avauskisassa Oberstdorfissa.<\/p>\n<p>Prevc hypp\u00e4si Garmisch-Partenkircheniss\u00e4 143 ja 141 metri\u00e4 ja ker\u00e4si yhteispisteet 303,1. Slovenialaisen ykk\u00f6ssija tuli ylivoimaisesti, sill\u00e4 h\u00e4n voitti toiseksi ylt\u00e4neen it\u00e4valtalaisen Jan H\u00f6rlin 15,4 pisteell\u00e4.<\/p>\n<p>Suomalaismiehist\u00e4 Antti Aalto ylsi toiselle kierrokselle ja oli lopputuloksissa 28:s.<\/p>\n<p>Aalto hypp\u00e4si pudotuskilpailuna j\u00e4rjestetyll\u00e4 avauskierroksella 126 metri\u00e4 ja h\u00e4visi it\u00e4valtalaiselle Daniel Tschofenigille. Suomalaishypp\u00e4\u00e4j\u00e4 p\u00e4\u00e4si parhaiden h\u00e4vi\u00e4jien joukossa toiselle kierrokselle. Toisella kierroksella Aalto hypp\u00e4si 119,5 metri\u00e4.<\/p>\n<p>Niko Kyt\u00f6saho h\u00e4visi avauskierroksen pudotuskilpailussa it\u00e4valtalaiselle Jonas Schusterille ja Eetu Nousiainen saksalaiselle Philipp Raimundille. Toiselta kierrokselta pudonneista suomalaisista Kyt\u00f6saho oli 37:s ja Nousiainen 41:s.<\/p>\n","protected":false},"excerpt":{"rendered":"Slovenialaism\u00e4kihypp\u00e4\u00e4j\u00e4 Domen Prevc nappasi voiton my\u00f6s Keski-Euroopan m\u00e4kiviikon toisessa kilpailussa, joka hyp\u00e4ttiin torstaina Saksan Garmisch-Partenkircheniss\u00e4. Maanantaina Prevc oli&hellip;\n","protected":false},"author":2,"featured_media":130855,"comment_status":"","ping_status":"","sticky":false,"template":"","format":"standard","meta":{"footnotes":""},"categories":[158],"tags":[23184,2267,33,31,30,2096,41,3318,19717,2668,159,32,160],"class_list":{"0":"post-130854","1":"post","2":"type-post","3":"status-publish","4":"format-standard","5":"has-post-thumbnail","7":"category-urheilu","8":"tag-eetu-nousiainen","9":"tag-eurooppa","10":"tag-fi","11":"tag-finland","12":"tag-finnish","13":"tag-hiihtolajit","14":"tag-liikunta-ja-urheilu","15":"tag-maastohiihto","16":"tag-niko-kytosaho","17":"tag-pohjoismaiset-hiihtolajit","18":"tag-sports","19":"tag-suomi","20":"tag-urheilu"},"share_on_mastodon":{"url":"https:\/\/pubeurope.com\/@fi\/115820825498231362","error":""},"_links":{"self":[{"href":"https:\/\/www.europesays.com\/fi\/wp-json\/wp\/v2\/posts\/130854","targetHints":{"allow":["GET"]}}],"collection":[{"href":"https:\/\/www.europesays.com\/fi\/wp-json\/wp\/v2\/posts"}],"about":[{"href":"https:\/\/www.europesays.com\/fi\/wp-json\/wp\/v2\/types\/post"}],"author":[{"embeddable":true,"href":"https:\/\/www.europesays.com\/fi\/wp-json\/wp\/v2\/users\/2"}],"replies":[{"embeddable":true,"href":"https:\/\/www.europesays.com\/fi\/wp-json\/wp\/v2\/comments?post=130854"}],"version-history":[{"count":0,"href":"https:\/\/www.europesays.com\/fi\/wp-json\/wp\/v2\/posts\/130854\/revisions"}],"wp:featuredmedia":[{"embeddable":true,"href":"https:\/\/www.europesays.com\/fi\/wp-json\/wp\/v2\/media\/130855"}],"wp:attachment":[{"href":"https:\/\/www.europesays.com\/fi\/wp-json\/wp\/v2\/media?parent=130854"}],"wp:term":[{"taxonomy":"category","embeddable":true,"href":"https:\/\/www.europesays.com\/fi\/wp-json\/wp\/v2\/categories?post=130854"},{"taxonomy":"post_tag","embeddable":true,"href":"https:\/\/www.europesays.com\/fi\/wp-json\/wp\/v2\/tags?post=130854"}],"curies":[{"name":"wp","href":"https:\/\/api.w.org\/{rel}","templated":true}]}}