{"id":130860,"date":"2026-01-01T16:42:09","date_gmt":"2026-01-01T16:42:09","guid":{"rendered":"https:\/\/www.europesays.com\/fi\/130860\/"},"modified":"2026-01-01T16:42:09","modified_gmt":"2026-01-01T16:42:09","slug":"mamdani-vannoi-virkavalansa-new-yorkin-pormestarina-uutisia-lyhyesti","status":"publish","type":"post","link":"https:\/\/www.europesays.com\/fi\/130860\/","title":{"rendered":"Mamdani vannoi virkavalansa New Yorkin pormestarina | Uutisia lyhyesti"},"content":{"rendered":"<p class=\"aw-1gybjub aw-5vja16 kEtdKx kmuxyA yle__article__paragraph\">H\u00e4nest\u00e4 tuli New Yorkin ensimm\u00e4inen islaminuskoinen, etel\u00e4aasialaistaustainen ja Afrikassa syntynyt pormestari.<\/p>\n<p><img decoding=\"async\" alt=\"Mies vannomassa valaa tilaisuudessa.\" src=\"https:\/\/www.europesays.com\/fi\/wp-content\/uploads\/2026\/01\/39-1576240695609e0074fc.jpeg\" class=\"aw-1l9m598 hKVVvP\"\/><\/p>\n<p>Avaa kuvien katselu<\/p>\n<p>Zohran Mamdani (kesk.) vannoi virkavalansa hyl\u00e4tyll\u00e4 City Hallin metroasemalla New Yorkissa 1. tammikuuta. Tilaisuudessa olivat mukana my\u00f6s New Yorkin osavaltion oikeusministeri Letitia James (vas.) ja Mamdanin vaimo Rama Duwaji (oik.). Kuva: Amir Hamja \/ AOP<\/p>\n<p class=\"aw-1gybjub aw-1p7kakr kEtdKx cEmitX yle__article__paragraph\">New Yorkissa demokraattien <strong class=\"aw-ak79eh KyCXm yle__article__strong\">Zohran Mamdani<\/strong> on vannonut virkavalansa pormestarina, kun vuosi vaihtui Yhdysvaltain it\u00e4rannikolla.<\/p>\n<p class=\"aw-1gybjub aw-1p7kakr kEtdKx cEmitX yle__article__paragraph\">New Yorkin pormestarin teht\u00e4v\u00e4 on Yhdysvaltain politiikan vaativimpia teht\u00e4vi\u00e4, ja Mamdanista tulee yksi maan seuratuimmista poliitikoista.<\/p>\n<p class=\"aw-1gybjub aw-1p7kakr kEtdKx cEmitX yle__article__paragraph\">Mamdani vannoi valansa k\u00e4si Koraanin p\u00e4\u00e4ll\u00e4 hyl\u00e4tyll\u00e4 City Hallin metroasemalla kaupungintalon alla. H\u00e4nest\u00e4 tuli New Yorkin ensimm\u00e4inen islaminuskoinen pormestari.<\/p>\n<p class=\"aw-1gybjub aw-1p7kakr kEtdKx cEmitX yle__article__paragraph\">34-vuotias Mamdani on my\u00f6s New Yorkin ensimm\u00e4inen etel\u00e4aasialaistaustainen ja ensimm\u00e4inen Afrikassa syntynyt pormestari.<\/p>\n<p class=\"aw-1gybjub aw-1p7kakr kEtdKx cEmitX yle__article__paragraph\">Mamdani voitti pormestarin vaalit marraskuussa ja sanoi silloin, ett\u00e4 h\u00e4nen voittonsa n\u00e4ytt\u00e4\u00e4 tien, jolla republikaanipresidentti <strong class=\"aw-ak79eh KyCXm yle__article__strong\">Donald Trump on<\/strong> voitettavissa. Mamdani on kuvaillut itse\u00e4\u00e4n demokraattiseksi sosialistiksi.<\/p>\n<p class=\"aw-1gybjub aw-1p7kakr kEtdKx cEmitX yle__article__paragraph\">Yhdysvaltain demokraattipuolueen vasenta laitaa edustava Mamdani on profiloitunut my\u00f6s palestiinalaisten tukijana. H\u00e4n sai Yhdysvaltain kansalaisuuden vuonna 2018.<\/p>\n<p class=\"aw-1gybjub aw-1p7kakr kEtdKx cEmitX yle__article__paragraph\">Mamdani vannoo virkavalansa uudelleen n\u00e4ytt\u00e4v\u00e4mm\u00e4ss\u00e4 julkisessa seremoniassa kaupungintalolla klo 13 paikallista aikaa. Silloin valan ottaa vastaan yksi Mamdanin poliittisista esikuvista, Yhdysvaltain senaattori <strong class=\"aw-ak79eh KyCXm yle__article__strong\">Bernie Sanders<\/strong>.<\/p>\n<p class=\"aw-1gybjub aw-1p7kakr kEtdKx cEmitX yle__article__paragraph\">Uusi hallinto j\u00e4rjest\u00e4\u00e4 kaikille avoimen katujuhlan Broadwaylla.<\/p>\n<p class=\"aw-1gybjub aw-1p7kakr kEtdKx cEmitX yle__article__paragraph\">L\u00e4hteet: AFP, AP, Reuters, STT<\/p>\n","protected":false},"excerpt":{"rendered":"H\u00e4nest\u00e4 tuli New Yorkin ensimm\u00e4inen islaminuskoinen, etel\u00e4aasialaistaustainen ja Afrikassa syntynyt pormestari. Avaa kuvien katselu Zohran Mamdani (kesk.) vannoi&hellip;\n","protected":false},"author":2,"featured_media":130861,"comment_status":"","ping_status":"","sticky":false,"template":"","format":"standard","meta":{"footnotes":""},"categories":[14],"tags":[22,23,26,27,33,31,30,17,24,25,28,29,17052,5995,15,18,21,32,19,20,56,16,59,60,61,619],"class_list":{"0":"post-130860","1":"post","2":"type-post","3":"status-publish","4":"format-standard","5":"has-post-thumbnail","7":"category-ulkomaat","8":"tag-breaking-news","9":"tag-breakingnews","10":"tag-featured-news","11":"tag-featurednews","12":"tag-fi","13":"tag-finland","14":"tag-finnish","15":"tag-headlines","16":"tag-latest-news","17":"tag-latestnews","18":"tag-main-news","19":"tag-mainnews","20":"tag-mamdani","21":"tag-new-york","22":"tag-news","23":"tag-otsikot","24":"tag-paauutiset","25":"tag-suomi","26":"tag-top-stories","27":"tag-topstories","28":"tag-ulkomaat","29":"tag-uutiset","30":"tag-world","31":"tag-world-news","32":"tag-worldnews","33":"tag-yhdysvallat"},"share_on_mastodon":{"url":"https:\/\/pubeurope.com\/@fi\/115820845035865330","error":""},"_links":{"self":[{"href":"https:\/\/www.europesays.com\/fi\/wp-json\/wp\/v2\/posts\/130860","targetHints":{"allow":["GET"]}}],"collection":[{"href":"https:\/\/www.europesays.com\/fi\/wp-json\/wp\/v2\/posts"}],"about":[{"href":"https:\/\/www.europesays.com\/fi\/wp-json\/wp\/v2\/types\/post"}],"author":[{"embeddable":true,"href":"https:\/\/www.europesays.com\/fi\/wp-json\/wp\/v2\/users\/2"}],"replies":[{"embeddable":true,"href":"https:\/\/www.europesays.com\/fi\/wp-json\/wp\/v2\/comments?post=130860"}],"version-history":[{"count":0,"href":"https:\/\/www.europesays.com\/fi\/wp-json\/wp\/v2\/posts\/130860\/revisions"}],"wp:featuredmedia":[{"embeddable":true,"href":"https:\/\/www.europesays.com\/fi\/wp-json\/wp\/v2\/media\/130861"}],"wp:attachment":[{"href":"https:\/\/www.europesays.com\/fi\/wp-json\/wp\/v2\/media?parent=130860"}],"wp:term":[{"taxonomy":"category","embeddable":true,"href":"https:\/\/www.europesays.com\/fi\/wp-json\/wp\/v2\/categories?post=130860"},{"taxonomy":"post_tag","embeddable":true,"href":"https:\/\/www.europesays.com\/fi\/wp-json\/wp\/v2\/tags?post=130860"}],"curies":[{"name":"wp","href":"https:\/\/api.w.org\/{rel}","templated":true}]}}