{"id":130864,"date":"2026-01-01T16:44:07","date_gmt":"2026-01-01T16:44:07","guid":{"rendered":"https:\/\/www.europesays.com\/fi\/130864\/"},"modified":"2026-01-01T16:44:07","modified_gmt":"2026-01-01T16:44:07","slug":"kaksi-luistelijaa-vajosi-jaihin-puumalassa-pelastuslaitos-kiittelee-auttajia-ripeasta-toiminnasta-tilanteessa-etela-savo","status":"publish","type":"post","link":"https:\/\/www.europesays.com\/fi\/130864\/","title":{"rendered":"Kaksi luistelijaa vajosi j\u00e4ihin Puumalassa \u2013 pelastuslaitos kiittelee auttajia ripe\u00e4st\u00e4 toiminnasta tilanteessa | Etel\u00e4-Savo"},"content":{"rendered":"<p class=\"aw-1gybjub aw-5vja16 kEtdKx kmuxyA yle__article__paragraph\">Kaksi ihmist\u00e4 putosi torstaina j\u00e4ihin rannan edustalla Puumalassa. Tapahtuman silminn\u00e4kij\u00e4 h\u00e4lytti apua ja ilmoittajan puoliso pelasti pudonneet veneeseen.<\/p>\n<p><img decoding=\"async\" alt=\"Kartta, jossa n\u00e4kyy Puumalan keskusta ja hieman ylemp\u00e4n\u00e4 sijaitseva Sahanlahti.\" src=\"https:\/\/www.europesays.com\/fi\/wp-content\/uploads\/2026\/01\/39-157631869567fe50bdd0.jpeg\" class=\"aw-1l9m598 hKVVvP\"\/><\/p>\n<p>Avaa kuvien katselu<\/p>\n<p>Yritt\u00e4j\u00e4pariskunnan ripe\u00e4 toiminta pelasti j\u00e4ihin pudonneet luistelijat Puumalassa. Kuva: Tommi Pylkk\u00f6 \/ Yle, Mapcreator, OpenStreetMap<\/p>\n<p class=\"aw-1gybjub aw-1p7kakr kEtdKx cEmitX yle__article__paragraph\">Kaksi aikuista luistelijaa putosi j\u00e4ihin Puumalan Sahanlahden rannassa uudenvuodenp\u00e4iv\u00e4n\u00e4 noin 30 metri\u00e4 rannasta.<\/p>\n<p class=\"aw-1gybjub aw-1p7kakr kEtdKx cEmitX yle__article__paragraph\">Luistelijoiden onneksi tilanteen n\u00e4ki ikkunasta lomakohteen em\u00e4nt\u00e4, joka soitti h\u00e4t\u00e4keskukseen ja kutsui puolisonsa apuun.<\/p>\n<p class=\"aw-1gybjub aw-1p7kakr kEtdKx cEmitX yle__article__paragraph\">Lomakohteen is\u00e4nt\u00e4 otti soutuveneen ja l\u00e4hti v\u00e4litt\u00f6m\u00e4sti pelastamaan veden varaan joutuneita ty\u00f6nt\u00e4m\u00e4ll\u00e4 soutuvenett\u00e4 edess\u00e4\u00e4n j\u00e4\u00e4ll\u00e4.<\/p>\n<p class=\"aw-1gybjub aw-1p7kakr kEtdKx cEmitX yle__article__paragraph\">Is\u00e4nt\u00e4 onnistui saamaan luistelijat veneeseen, mutta vene vajosi j\u00e4\u00e4n l\u00e4vitse, eik\u00e4 rantaan siirtyminen en\u00e4\u00e4 onnistunut.<\/p>\n<p class=\"aw-1gybjub aw-1p7kakr kEtdKx cEmitX yle__article__paragraph\">Etel\u00e4-Savon pelastuslaitoksen pelastajat p\u00e4\u00e4siv\u00e4t p\u00e4ivyst\u00e4v\u00e4n palomestarin <strong class=\"aw-ak79eh KyCXm yle__article__strong\">Eero Ahon<\/strong> mukaan paikalle viidess\u00e4toista minuutissa ja saivat vedetty\u00e4 veneen rannalle.<\/p>\n<p class=\"aw-1gybjub aw-1p7kakr kEtdKx cEmitX yle__article__paragraph\">\u2013 Yritt\u00e4j\u00e4pariskunta toimi nohevasti ja esimerkillisesti, palomestari kiittelee.<\/p>\n<p class=\"aw-1gybjub aw-1p7kakr kEtdKx cEmitX yle__article__paragraph\">H\u00e4nen mukaansa henkil\u00f6vahingoilta v\u00e4ltyttiin ripe\u00e4n toiminnan ansiosta.<\/p>\n","protected":false},"excerpt":{"rendered":"Kaksi ihmist\u00e4 putosi torstaina j\u00e4ihin rannan edustalla Puumalassa. Tapahtuman silminn\u00e4kij\u00e4 h\u00e4lytti apua ja ilmoittajan puoliso pelasti pudonneet veneeseen.&hellip;\n","protected":false},"author":2,"featured_media":130865,"comment_status":"","ping_status":"","sticky":false,"template":"","format":"standard","meta":{"footnotes":""},"categories":[5],"tags":[22,23,184,14319,26,27,33,31,30,17,71,24,25,28,29,15,837,18,21,2102,32,19,20,16],"class_list":{"0":"post-130864","1":"post","2":"type-post","3":"status-publish","4":"format-standard","5":"has-post-thumbnail","7":"category-otsikot","8":"tag-breaking-news","9":"tag-breakingnews","10":"tag-etela-savo","11":"tag-etela-savon-pelastuslaitos","12":"tag-featured-news","13":"tag-featurednews","14":"tag-fi","15":"tag-finland","16":"tag-finnish","17":"tag-headlines","18":"tag-kotimaa","19":"tag-latest-news","20":"tag-latestnews","21":"tag-main-news","22":"tag-mainnews","23":"tag-news","24":"tag-onnettomuudet","25":"tag-otsikot","26":"tag-paauutiset","27":"tag-puumala","28":"tag-suomi","29":"tag-top-stories","30":"tag-topstories","31":"tag-uutiset"},"share_on_mastodon":{"url":"https:\/\/pubeurope.com\/@fi\/115820852850875248","error":""},"_links":{"self":[{"href":"https:\/\/www.europesays.com\/fi\/wp-json\/wp\/v2\/posts\/130864","targetHints":{"allow":["GET"]}}],"collection":[{"href":"https:\/\/www.europesays.com\/fi\/wp-json\/wp\/v2\/posts"}],"about":[{"href":"https:\/\/www.europesays.com\/fi\/wp-json\/wp\/v2\/types\/post"}],"author":[{"embeddable":true,"href":"https:\/\/www.europesays.com\/fi\/wp-json\/wp\/v2\/users\/2"}],"replies":[{"embeddable":true,"href":"https:\/\/www.europesays.com\/fi\/wp-json\/wp\/v2\/comments?post=130864"}],"version-history":[{"count":0,"href":"https:\/\/www.europesays.com\/fi\/wp-json\/wp\/v2\/posts\/130864\/revisions"}],"wp:featuredmedia":[{"embeddable":true,"href":"https:\/\/www.europesays.com\/fi\/wp-json\/wp\/v2\/media\/130865"}],"wp:attachment":[{"href":"https:\/\/www.europesays.com\/fi\/wp-json\/wp\/v2\/media?parent=130864"}],"wp:term":[{"taxonomy":"category","embeddable":true,"href":"https:\/\/www.europesays.com\/fi\/wp-json\/wp\/v2\/categories?post=130864"},{"taxonomy":"post_tag","embeddable":true,"href":"https:\/\/www.europesays.com\/fi\/wp-json\/wp\/v2\/tags?post=130864"}],"curies":[{"name":"wp","href":"https:\/\/api.w.org\/{rel}","templated":true}]}}