{"id":13088,"date":"2025-08-22T11:33:07","date_gmt":"2025-08-22T11:33:07","guid":{"rendered":"https:\/\/www.europesays.com\/fi\/13088\/"},"modified":"2025-08-22T11:33:07","modified_gmt":"2025-08-22T11:33:07","slug":"valovoimaisen-pullistelijan-kaytos-kuohuttaa-kokkien-sisapiiri-puhuu-suoraan-iltalehti","status":"publish","type":"post","link":"https:\/\/www.europesays.com\/fi\/13088\/","title":{"rendered":"\u201dValovoimaisen pullistelijan\u201d k\u00e4yt\u00f6s kuohuttaa \u2013 Kokkien sis\u00e4piiri puhuu suoraan &#8211; Iltalehti"},"content":{"rendered":"<ol>\n<li><a href=\"https:\/\/news.google.com\/rss\/articles\/CBMihwFBVV95cUxPQ01WMVBoQ3RwaG1JMUxobWtEU3ppbURqWUNQcWx4UWdLcHdQNUMxODN1Y2pmUXJPX0ZqU3hoeTRPQUgyWXZVZ3VMUFdjVDI4SEpwMXI4ZDlYSlNDWlY4U3BYbERwWG5rWWJ4NkpaMXRDeGt1SHdjcVV1Vk9VdzVLTERHX0tEU1E?oc=5\" target=\"_blank\" rel=\"nofollow noopener\">\u201dValovoimaisen pullistelijan\u201d k\u00e4yt\u00f6s kuohuttaa \u2013 Kokkien sis\u00e4piiri puhuu suoraan<\/a>&nbsp;&nbsp;Iltalehti<\/li>\n<li><a href=\"https:\/\/news.google.com\/rss\/articles\/CBMiXkFVX3lxTE9TN0JlRk41VkRLVFBrOThrNnkyUFFudUZUNmItZVpjeUtTS0F6YTFmVTJEN2ZZNnZhMUxoekZFVlZGZ29NSEVfT3JLdUwzNExnaHVub3hESXpKcUhveGc?oc=5\" target=\"_blank\" rel=\"nofollow noopener\">HS:n tiedot: Osa ty\u00f6ntekij\u00f6ist\u00e4 l\u00e4hti Michelin-ravintolasta Kozeen Shiwanin k\u00e4yt\u00f6ksen vuoksi<\/a>&nbsp;&nbsp;HS.fi<\/li>\n<li><a href=\"https:\/\/news.google.com\/rss\/articles\/CBMiZEFVX3lxTFBIT0ZqZF90LVJKanBqUnM2WHEzSWRweFFnSVduUTBoSFVsamptQVB2LTZIaUNtc1pZM0kwWmZtcmxnR3hMZnZIc0Z1Qm9RSzVlNjVpZDNaMjZkY1JWNHRsZlBXWUY?oc=5\" target=\"_blank\" rel=\"nofollow noopener\">Yll\u00e4tt\u00e4en ravintolansa sulkeneen julkkiskokin siskon tulkkausyhti\u00f6kin lopettaa toimintansa<\/a>&nbsp;&nbsp;Ilta-Sanomat<\/li>\n<li><a href=\"https:\/\/news.google.com\/rss\/articles\/CBMiQkFVX3lxTE5BWi01WnRWRUZjRHNvU0lhU1JJX3R0WXl4blR4V0FoXzd3WC04anFETFhCcWFvcl9DTlJ4aWw5T2tUZw?oc=5\" target=\"_blank\" rel=\"nofollow noopener\">Kehuttu Michelin-ravintola sulki yll\u00e4tt\u00e4en ovensa Helsingiss\u00e4 \u2013 ravintoloitsija: \u201dOn parempi keskitty\u00e4 omaan terveyteen\u201d<\/a>&nbsp;&nbsp;Yle<\/li>\n<li><a href=\"https:\/\/news.google.com\/rss\/articles\/CBMiWEFVX3lxTE90SlZqVUZNZDExUnUyRTFKZ1paS1QtQUNBMjNKVzBtbEtCMVVFODktdnVURGhiSHdkLXNvNzJGSTlodHNMTVJxOUw5YXJxV3k1eUpNRHU2OGE?oc=5\" target=\"_blank\" rel=\"nofollow noopener\">Ravintolat | MTV: Kohuravintolan kokki tuli julkisuuteen<\/a>&nbsp;&nbsp;L\u00e4nsiv\u00e4yl\u00e4<\/li>\n<\/ol>\n","protected":false},"excerpt":{"rendered":"\u201dValovoimaisen pullistelijan\u201d k\u00e4yt\u00f6s kuohuttaa \u2013 Kokkien sis\u00e4piiri puhuu suoraan&nbsp;&nbsp;Iltalehti HS:n tiedot: Osa ty\u00f6ntekij\u00f6ist\u00e4 l\u00e4hti Michelin-ravintolasta Kozeen Shiwanin k\u00e4yt\u00f6ksen&hellip;\n","protected":false},"author":2,"featured_media":13089,"comment_status":"","ping_status":"","sticky":false,"template":"","format":"standard","meta":{"footnotes":""},"categories":[136],"tags":[5441,5442,407,137,2783,33,31,30,2714,408,3820,1390,3723,3722,900,2331,32,109],"class_list":{"0":"post-13088","1":"post","2":"type-post","3":"status-publish","4":"format-standard","5":"has-post-thumbnail","7":"category-julkkikset","8":"tag-asiantuntijahaastattelu","9":"tag-behind-the-scenes","10":"tag-celebrities","11":"tag-entertainment","12":"tag-erikoishaastattelu","13":"tag-fi","14":"tag-finland","15":"tag-finnish","16":"tag-henkilojuttu","17":"tag-julkkikset","18":"tag-kahvila-ravintolat-ja-ruokakioskit","19":"tag-kuukausi","20":"tag-ravintolat","21":"tag-ravitsemusala","22":"tag-ruoka","23":"tag-ruoka-ja-juoma","24":"tag-suomi","25":"tag-viihde"},"share_on_mastodon":{"url":"","error":""},"_links":{"self":[{"href":"https:\/\/www.europesays.com\/fi\/wp-json\/wp\/v2\/posts\/13088","targetHints":{"allow":["GET"]}}],"collection":[{"href":"https:\/\/www.europesays.com\/fi\/wp-json\/wp\/v2\/posts"}],"about":[{"href":"https:\/\/www.europesays.com\/fi\/wp-json\/wp\/v2\/types\/post"}],"author":[{"embeddable":true,"href":"https:\/\/www.europesays.com\/fi\/wp-json\/wp\/v2\/users\/2"}],"replies":[{"embeddable":true,"href":"https:\/\/www.europesays.com\/fi\/wp-json\/wp\/v2\/comments?post=13088"}],"version-history":[{"count":0,"href":"https:\/\/www.europesays.com\/fi\/wp-json\/wp\/v2\/posts\/13088\/revisions"}],"wp:featuredmedia":[{"embeddable":true,"href":"https:\/\/www.europesays.com\/fi\/wp-json\/wp\/v2\/media\/13089"}],"wp:attachment":[{"href":"https:\/\/www.europesays.com\/fi\/wp-json\/wp\/v2\/media?parent=13088"}],"wp:term":[{"taxonomy":"category","embeddable":true,"href":"https:\/\/www.europesays.com\/fi\/wp-json\/wp\/v2\/categories?post=13088"},{"taxonomy":"post_tag","embeddable":true,"href":"https:\/\/www.europesays.com\/fi\/wp-json\/wp\/v2\/tags?post=13088"}],"curies":[{"name":"wp","href":"https:\/\/api.w.org\/{rel}","templated":true}]}}