{"id":130880,"date":"2026-01-01T17:09:08","date_gmt":"2026-01-01T17:09:08","guid":{"rendered":"https:\/\/www.europesays.com\/fi\/130880\/"},"modified":"2026-01-01T17:09:08","modified_gmt":"2026-01-01T17:09:08","slug":"etelaan-voi-rysahtaa-perjantaina-jopa-yli-20-senttia-lunta","status":"publish","type":"post","link":"https:\/\/www.europesays.com\/fi\/130880\/","title":{"rendered":"Etel\u00e4\u00e4n voi rys\u00e4ht\u00e4\u00e4 perjantaina jopa yli 20 sentti\u00e4 lunta"},"content":{"rendered":"<p>S\u00e4\u00e4|P\u00f6lly\u00e4v\u00e4 lumi voi tehd\u00e4 perjantaiaamun ajokelist\u00e4 huonon. S\u00e4\u00e4 saattaa vaikuttaa my\u00f6s junaliikenteeseen.<\/p>\n<p>Lue tiivistelm\u00e4<\/p>\n<p class=\"article-body mb-nof-24 px-nof-16 sndp-summary-bullet-point-font\">Etel\u00e4-Suomeen voi sataa perjantaina paikoin yli 20 sentti\u00e4 lunta, kertoo p\u00e4ivyst\u00e4v\u00e4 meteorologi Eveliina Silvennoinen Ilmatieteen laitokselta.<\/p>\n<p class=\"article-body mb-nof-24 px-nof-16 sndp-summary-bullet-point-font\">Lumisateet alkavat torstai-iltana Lounais-Suomesta ja levi\u00e4v\u00e4t perjantain aikana muualle Etel\u00e4-Suomeen.<\/p>\n<p class=\"article-body mb-nof-24 px-nof-16 sndp-summary-bullet-point-font\">Runsas lumentulo vaikeuttaa ajokeli\u00e4. P\u00e4\u00e4kaupunkiseudun l\u00e4hijunaliikenteess\u00e4 matkustajien saattaa kannattaa varata ylim\u00e4\u00e4r\u00e4ist\u00e4 aikaa.<\/p>\n<p class=\"article-body mb-nof-24 px-nof-16\">Etel\u00e4rannikolle voi rys\u00e4ht\u00e4\u00e4 perjantaina paikoin jopa yli 20 sentti\u00e4 lunta. Se, minne runsaimmat lumisateet tarkalleen osuvat, on kuitenkin viel\u00e4 ep\u00e4selv\u00e4\u00e4, kertoo p\u00e4ivyst\u00e4v\u00e4 meteorologi <a class=\"font-bold underline-offset-[0.12em] [text-decoration:var(--person-link-text-decoration)] ![text-decoration-color:var(--person-link-text-decoration-color)]\" href=\"https:\/\/www.hs.fi\/haku\/?query=Eveliina%20Silvennoinen\" rel=\"nofollow noopener\" target=\"_blank\">Eveliina Silvennoinen<\/a> Ilmatieteen laitokselta.<\/p>\n<p class=\"article-body mb-nof-24 px-nof-16\">\u201dSuomenlahdelle n\u00e4ytt\u00e4isi muodostuvan lumikuuronauhoja v\u00e4h\u00e4n samaan tapaan kuin kes\u00e4ll\u00e4 ukkoskuuronauhoja. Niist\u00e4 lunta voi tulla enemm\u00e4nkin varsinkin, jos nauhat liikkuvat hitaasti ja j\u00e4\u00e4v\u00e4t pitk\u00e4ksi aikaa samoille sijoille\u201d, Silvennoinen kertoo.<\/p>\n<p class=\"article-body mb-nof-24 px-nof-16\">Torstai-illan ennusteen mukaan eniten lunta kertyisi perjantaina L\u00e4nsi-Uudellemaalle. Tilanne voi kuitenkin muuttua jo pienist\u00e4 tuulen suunnan muutoksista. Enimm\u00e4t lumisateet voivat siis osua illan ennustetta idemm\u00e4s tai l\u00e4nnemm\u00e4s.<\/p>\n<p class=\"article-body mb-nof-24 px-nof-16\">Lumisateet alkavat torstai-illan mittaan Lounais-Suomesta ja levi\u00e4v\u00e4t y\u00f6n ja perjantain aikana muualle Etel\u00e4-Suomeen.<\/p>\n<p class=\"article-body mb-nof-24 px-nof-16\">Enimm\u00e4kseen lunta on odotettavissa 5\u201310 sentti\u00e4. L\u00e4mp\u00f6tila kohoaa etel\u00e4ss\u00e4 nollan ja viiden pakkasasteen v\u00e4lille, mutta s\u00e4ilyy Silvennoisen mukaan Manner-Suomessa joka tapauksessa pakkasella.<\/p>\n<p class=\"article-body mb-nof-24 px-nof-16\">Runsas lumentulo vaikeuttaa perjantaina ajokeli\u00e4 laajalti Etel\u00e4-Suomessa. Lumi on kevytt\u00e4 pakkaslunta ja tuuli puuskaista, mik\u00e4 saa lumen p\u00f6lly\u00e4m\u00e4\u00e4n ja heikent\u00e4\u00e4 n\u00e4kyvyytt\u00e4, Silvennoinen kuvailee.<\/p>\n<p class=\"article-body mb-nof-24 px-nof-16\">P\u00e4\u00e4kaupunkiseudun l\u00e4hijunaliikenteess\u00e4 matkustajien voi olla syyt\u00e4 varata matkaan tavallista enemm\u00e4n aikaa, neuvoo viestinn\u00e4n asiantuntija <a class=\"font-bold underline-offset-[0.12em] [text-decoration:var(--person-link-text-decoration)] ![text-decoration-color:var(--person-link-text-decoration-color)]\" href=\"https:\/\/www.hs.fi\/haku\/?query=Jenni%20Vuorio\" rel=\"nofollow noopener\" target=\"_blank\">Jenni Vuorio<\/a> Helsingin seudun liikenteest\u00e4 (HSL). Lumi voi saada junat my\u00f6h\u00e4stelem\u00e4\u00e4n tai aiheuttaa vuorojen perumisia.<\/p>\n<p class=\"article-body mb-nof-24 px-nof-16\">L\u00e4hijunaliikenteess\u00e4 on ollut torstaina <a class=\"underline underline-offset-[0.12em] [text-decoration-thickness:var(--generic-link-underline-thickness)] [text-decoration-color:var(--generic-link-underline-color)] [text-decoration-skip-ink:var(--generic-link-underline-skip-ink)] break-words\" href=\"https:\/\/www.hs.fi\/helsinki\/art-2000011724262.html\" rel=\"nofollow noopener\" target=\"_blank\">ongelmia<\/a> ratavaurion vuoksi. Vaurio pyrit\u00e4\u00e4n korjaamaan illan aikana.<\/p>\n","protected":false},"excerpt":{"rendered":"S\u00e4\u00e4|P\u00f6lly\u00e4v\u00e4 lumi voi tehd\u00e4 perjantaiaamun ajokelist\u00e4 huonon. S\u00e4\u00e4 saattaa vaikuttaa my\u00f6s junaliikenteeseen. Lue tiivistelm\u00e4 Etel\u00e4-Suomeen voi sataa perjantaina&hellip;\n","protected":false},"author":2,"featured_media":130881,"comment_status":"","ping_status":"","sticky":false,"template":"","format":"standard","meta":{"footnotes":""},"categories":[12],"tags":[22,23,26,27,33,31,30,17,46,24,25,28,29,15,18,21,32,19,20,16],"class_list":{"0":"post-130880","1":"post","2":"type-post","3":"status-publish","4":"format-standard","5":"has-post-thumbnail","7":"category-suomi","8":"tag-breaking-news","9":"tag-breakingnews","10":"tag-featured-news","11":"tag-featurednews","12":"tag-fi","13":"tag-finland","14":"tag-finnish","15":"tag-headlines","16":"tag-helsingin-sanomat","17":"tag-latest-news","18":"tag-latestnews","19":"tag-main-news","20":"tag-mainnews","21":"tag-news","22":"tag-otsikot","23":"tag-paauutiset","24":"tag-suomi","25":"tag-top-stories","26":"tag-topstories","27":"tag-uutiset"},"share_on_mastodon":{"url":"https:\/\/pubeurope.com\/@fi\/115820951273384971","error":""},"_links":{"self":[{"href":"https:\/\/www.europesays.com\/fi\/wp-json\/wp\/v2\/posts\/130880","targetHints":{"allow":["GET"]}}],"collection":[{"href":"https:\/\/www.europesays.com\/fi\/wp-json\/wp\/v2\/posts"}],"about":[{"href":"https:\/\/www.europesays.com\/fi\/wp-json\/wp\/v2\/types\/post"}],"author":[{"embeddable":true,"href":"https:\/\/www.europesays.com\/fi\/wp-json\/wp\/v2\/users\/2"}],"replies":[{"embeddable":true,"href":"https:\/\/www.europesays.com\/fi\/wp-json\/wp\/v2\/comments?post=130880"}],"version-history":[{"count":0,"href":"https:\/\/www.europesays.com\/fi\/wp-json\/wp\/v2\/posts\/130880\/revisions"}],"wp:featuredmedia":[{"embeddable":true,"href":"https:\/\/www.europesays.com\/fi\/wp-json\/wp\/v2\/media\/130881"}],"wp:attachment":[{"href":"https:\/\/www.europesays.com\/fi\/wp-json\/wp\/v2\/media?parent=130880"}],"wp:term":[{"taxonomy":"category","embeddable":true,"href":"https:\/\/www.europesays.com\/fi\/wp-json\/wp\/v2\/categories?post=130880"},{"taxonomy":"post_tag","embeddable":true,"href":"https:\/\/www.europesays.com\/fi\/wp-json\/wp\/v2\/tags?post=130880"}],"curies":[{"name":"wp","href":"https:\/\/api.w.org\/{rel}","templated":true}]}}