{"id":130884,"date":"2026-01-01T17:23:10","date_gmt":"2026-01-01T17:23:10","guid":{"rendered":"https:\/\/www.europesays.com\/fi\/130884\/"},"modified":"2026-01-01T17:23:10","modified_gmt":"2026-01-01T17:23:10","slug":"2025-menetettiin-iso-joukko-merkittavia-suomalaisia","status":"publish","type":"post","link":"https:\/\/www.europesays.com\/fi\/130884\/","title":{"rendered":"2025 menetettiin iso joukko merkitt\u00e4vi\u00e4 suomalaisia"},"content":{"rendered":"<p>            Seiskan arkisto\n        <\/p>\n<p class=\"subtitle \">Kuluneena vuonna surtiin useaa yll\u00e4tyskuolemaa sek\u00e4 poikkeuksellista terveystaistelua.<\/p>\n<p class=\"article-content article-content-width !bg-background\">N\u00e4yttelij\u00e4-yritt\u00e4j\u00e4  menehtyi marraskuussa vajaat kaksi vuotta sen j\u00e4lkeen, kun h\u00e4n kertoi sairastavansa aivosy\u00f6p\u00e4\u00e4. Olga taisteli parhaansa mukaan vakavaa sairautta vastaan ja viel\u00e4 lokakuussa Olga edusti Cancel-elokuvan ensi-illassa puolisonsa  ja perheen lasten  ja  kanssa.\u00a0<\/p>\n<p class=\"font-weight-bold m-font-weight-bold article-content article-content-width !bg-background\">Videolla lis\u00e4\u00e4 Olgan kuolinuutisesta<\/p>\n<p class=\"article-content article-content-width !bg-background\">47-vuotiaan Olgan el\u00e4m\u00e4 p\u00e4\u00e4ttyi omassa kodissa Iitiss\u00e4 oman perheen ymp\u00e4r\u00f6im\u00e4n\u00e4.<\/p>\n<p class=\"article-content article-content-width !bg-background\">\u2013 Minusta se meni niin kuin sen kuuluukin menn\u00e4. Juuri siten ajattelinkin, ett\u00e4 h\u00e4nen l\u00e4ht\u00f6ns\u00e4 hoidetaan t\u00e4st\u00e4 maanp\u00e4\u00e4llisest\u00e4 taipaleesta, Tuukka Temonen kuvaili Seiskalle.<\/p>\n<p>                <img decoding=\"async\" src=\"https:\/\/www.europesays.com\/fi\/wp-content\/uploads\/2026\/01\/2022611.webp.jpeg\" width=\"576\" height=\"720\" alt=\"Olga Temonen jaksoi taistella loppuun saakka.\" loading=\"lazy\" \/>            <\/p>\n<p>\n            Olga Temonen jaksoi taistella loppuun saakka.<br \/>\n            ATTE KAJOVA\n        <\/p>\n<p class=\"article-content article-content-width !bg-background\">Perhe py\u00f6ritti kotitilallaan pizzeriaa, ja Olga muistetaan muun muassa Salatut el\u00e4m\u00e4t -sarjan n\u00e4yttelij\u00e4n\u00e4 sek\u00e4 elokuvarooleistaan. Olga ja Apulanta-yhtyeest\u00e4 tuttu Tuukka avioituivat 2008.<\/p>\n<p>Shokkikuolema operaation j\u00e4lkeen<\/p>\n<p class=\"article-content article-content-width !bg-background\">Kotimaisen viihteen legenda  kuoli maaliskuussa kotikaupungissaan Kotkassa. Kuolema tuli kaikille yll\u00e4tyksen\u00e4. Taustalla oli ex-puoliso  mukaan liian aikainen kotiutus sairaalasta sappirakkoleikkauksen j\u00e4ljilt\u00e4.<\/p>\n<p>                <img decoding=\"async\" src=\"https:\/\/www.europesays.com\/fi\/wp-content\/uploads\/2026\/01\/2022606.webp.jpeg\" width=\"576\" height=\"720\" alt=\"Tapani Kansan kuolema tuli yll\u00e4tt\u00e4en ja ex-puoliso syytt\u00e4\u00e4 hoitovirhett\u00e4 tapahtuneesta.\" loading=\"lazy\" \/>            <\/p>\n<p>\n            Tapani Kansan kuolema tuli yll\u00e4tt\u00e4en ja ex-puoliso syytt\u00e4\u00e4 hoitovirhett\u00e4 tapahtuneesta.<br \/>\n            Atte Kajova\n        <\/p>\n<p class=\"article-content article-content-width !bg-background\">\u2013 Leikkaushaavan kiinnikkeet olivat irronneet, ja Tapani oli viety takaisin sairaalaan, jossa h\u00e4n kuoli uuden leikkauksen aikana, Nina kertoi Seiskalle.<\/p>\n<p class=\"article-content article-content-width !bg-background\">Suosittu laulaja menehtyi juuri ennen kuin h\u00e4nen el\u00e4m\u00e4st\u00e4\u00e4n kertova musiikkin\u00e4ytelm\u00e4 sai ensi-iltansa. Laulaja ehti kuitenkin antaa siunauksensa  p\u00e4\u00e4roolille.<\/p>\n<p>        <a itemprop=\"url\" href=\"https:\/\/www.seiska.fi\/kotimaa\/il-tapani-kansan-perintoriita-nyt-puhuu-poika-ei-jaanyt-mitaan\/1987593\" rel=\"nofollow noopener\" target=\"_blank\"><\/p>\n<p>\nIL: Tapani Kansan perint\u00f6riita\n<\/p>\n<p class=\"section-date\">\n        <strong class=\"article-section\" data-section=\"kotimaa\"><br \/>\n            kotimaa<br \/>\n        <\/strong><br \/>\n        8.11.2025 15:30\n    <\/p>\n<p>IL: Tapani Kansan perint\u00f6riita \u2013 nyt puhuu poika: &#8221;Ei j\u00e4\u00e4nyt mit\u00e4\u00e4n&#8221;\n    <\/p>\n<p itemprop=\"description\" class=\"subtitle \">\n    Tapani Kansan esikoinen Johannes Kuorikoski on avannut sanaisen arkkunsa liittyen is\u00e4ns\u00e4 perint\u00f6\u00f6n.\n<\/p>\n<p>        <\/a><\/p>\n<p>Viihteen monitoimimies on poissa<\/p>\n<p class=\"article-content article-content-width !bg-background\"> teki vuosikymmenten mittaisen uran suomalaisella musiikin ja viihteen kent\u00e4ll\u00e4. Kenties tunnetuin h\u00e4nen t\u00f6ist\u00e4\u00e4n oli pesti Dingon managerina. <\/p>\n<p>                <img decoding=\"async\" src=\"https:\/\/www.europesays.com\/fi\/wp-content\/uploads\/2026\/01\/2022614.webp.jpeg\" width=\"576\" height=\"720\" alt=\"Lasse Norres ehti j\u00e4rjest\u00e4\u00e4 omat hautajaisensa.\" loading=\"lazy\" \/>            <\/p>\n<p>\n            Lasse Norres ehti j\u00e4rjest\u00e4\u00e4 omat hautajaisensa.<br \/>\n            Matti Matikainen\n        <\/p>\n<p class=\"article-content article-content-width !bg-background\">Lokakuussa Lasse kertoi Helsingin Sanomille saaneensa sy\u00f6p\u00e4diagnoosin viime talvena. Elokuussa Lassen vointi huononi ja l\u00e4\u00e4k\u00e4ri kertoi, ettei h\u00e4n n\u00e4kisi en\u00e4\u00e4 joulua.\u00a0<\/p>\n<p class=\"article-content article-content-width !bg-background\">Aktiivista ja el\u00e4m\u00e4nmy\u00f6nteist\u00e4 miest\u00e4 j\u00e4iv\u00e4t kaipaamaan suuri joukko suomalaisia viihdealan vaikuttajia sek\u00e4 oma perhe, vaimo  sek\u00e4 lapset  ja <\/p>\n<p>        <a itemprop=\"url\" href=\"https:\/\/www.seiska.fi\/kotimaa\/saimi-hoyer-murtui-lasse-norreksen-hautajaisissamaailma-menetti-valon\/2005824\" rel=\"nofollow noopener\" target=\"_blank\"><\/p>\n<p>\nLasse Norreksen hautajaiset\n<\/p>\n<p class=\"section-date\">\n        <strong class=\"article-section\" data-section=\"kotimaa\"><br \/>\n            kotimaa<br \/>\n        <\/strong><br \/>\n        27.11.2025 17:10\n    <\/p>\n<p>Saimi Hoyer murtui Lasse Norreksen hautajaisissa:&#8221;Maailma menetti valon&#8221;\n    <\/p>\n<p itemprop=\"description\" class=\"subtitle \">\n    L\u00e4hipiiri saapui saattelemaan musiikkimanagerin viimeiselle matkalleen.\n<\/p>\n<p>        <\/a><\/p>\n<p>Ainoa oikea Hollywood-t\u00e4hti<\/p>\n<p class=\"article-content article-content-width !bg-background\">Suomen ainoa oikea Hollywood-t\u00e4hti  kuoli toukokuussa helsinkil\u00e4isess\u00e4 hoitokodissa 95-vuotiaana. Taina muutti takaisin Suomeen vasta viimeisiksi vuosikseen ja teki viel\u00e4 2000-luvulla teatterirooleja New Yorkissa.\u00a0<\/p>\n<p>                <img decoding=\"async\" src=\"https:\/\/www.europesays.com\/fi\/wp-content\/uploads\/2026\/01\/2022624.webp.jpeg\" width=\"576\" height=\"730\" alt=\"Taina Elg asui lopulta valtaosan el\u00e4m\u00e4st\u00e4\u00e4n Yhdysvalloissa.\" loading=\"lazy\" \/>            <\/p>\n<p>\n            Taina Elg asui lopulta valtaosan el\u00e4m\u00e4st\u00e4\u00e4n Yhdysvalloissa.<br \/>\n            Helge Heinonen\/Museovirasto\n        <\/p>\n<p>                <img decoding=\"async\" src=\"https:\/\/www.europesays.com\/fi\/wp-content\/uploads\/2026\/01\/2022618.webp.jpeg\" width=\"576\" height=\"389\" alt=\"Taina Elg onnistui siin\u00e4, miss\u00e4 muut ovat ep\u00e4onnistuneet.\" loading=\"lazy\" \/>            <\/p>\n<p>\n            Taina Elg onnistui siin\u00e4, miss\u00e4 muut ovat ep\u00e4onnistuneet.<br \/>\n            Jarmo Heikkinen\n        <\/p>\n<p class=\"article-content article-content-width !bg-background\">Tainan l\u00e4pimurto oli sopimus MGM-studion kanssa. 1950-luvulla h\u00e4n t\u00e4hditti useita elokuvia, joista tunnetuin oli legendaarinen Tyt\u00f6t, jossa t\u00e4htinelikossa oli Tainan lis\u00e4ksi . Ensimm\u00e4isen Golden Globe -palkintonsa Taina ansaitsi vuonna 1957 romanttisesta sotaelokuvasta Ikuisesti sinun.<\/p>\n<p class=\"article-content article-content-width !bg-background\">\u00a0Taina Elg oli naimisissa kahdesti. H\u00e4nell\u00e4 on ensimm\u00e4isest\u00e4 liitostaan  kanssa poika, muusikko . <\/p>\n<p>Yhteiskuntakriittisyys j\u00e4i historiaan<\/p>\n<p class=\"article-content article-content-width !bg-background\">Toimittaja  kuoli maaliskuussa \u00e4killisen sairaskohtauksen seurauksena. 83-vuotiaana menehtynyt Karpo muistetaan kulttimaineeseen nousseesta, yhteiskuntakriittisest\u00e4 ohjelmastaan Karpolla on asiaa vuosina 1983 \u2013 2007.\u00a0<\/p>\n<p class=\"article-content article-content-width !bg-background\">Yhteiskunnan ep\u00e4kohdista raportoinut toimittaja ehti tehd\u00e4 ty\u00f6t\u00e4\u00e4n yli 50 vuoden ajan.<\/p>\n<p>                <img decoding=\"async\" src=\"https:\/\/www.europesays.com\/fi\/wp-content\/uploads\/2026\/01\/2022626.webp.jpeg\" width=\"576\" height=\"720\" alt=\"Hannu Karpon ohjelma oli sukupolvikokemus.\" loading=\"lazy\" \/>            <\/p>\n<p>\n            Hannu Karpon ohjelma oli sukupolvikokemus.<br \/>\n            Timo Korhonen\n        <\/p>\n<p>        <a itemprop=\"url\" href=\"https:\/\/www.seiska.fi\/kotimaa\/hannu-karpo-on-kuollut\/1652866\" rel=\"nofollow noopener\" target=\"_blank\"><\/p>\n<p>\n1942 &#8211; 2025\n<\/p>\n<p class=\"section-date\">\n        <strong class=\"article-section\" data-section=\"kotimaa\"><br \/>\n            kotimaa<br \/>\n        <\/strong><br \/>\n        23.3.2025 19:17\n    <\/p>\n<p>Hannu Karpo on kuollut\n    <\/p>\n<p itemprop=\"description\" class=\"subtitle \">\n    Hannu Karpo menehtyi 18. maaliskuuta.\n<\/p>\n<p>        <\/a><\/p>\n<p>Hekin l\u00e4htiv\u00e4t<\/p>\n<p class=\"article-content article-content-width !bg-background\">, sisustusarkkitehti ja muotoilija (s. 1933)<\/p>\n<p class=\"article-content article-content-width !bg-background\">, s\u00e4velt\u00e4j\u00e4 (s. 1933)<\/p>\n<p class=\"article-content article-content-width !bg-background\">, muusikko ja musiikkialan vaikuttaja (s. 1947)<\/p>\n<p class=\"article-content article-content-width !bg-background\"> n\u00e4yttelij\u00e4 (s. 1946) Dennis Rafkin, ravintoloitsija ja talousneuvos (s. 1944<\/p>\n<p>                <img decoding=\"async\" src=\"https:\/\/www.europesays.com\/fi\/wp-content\/uploads\/2026\/01\/2022635.webp.jpeg\" width=\"576\" height=\"720\" alt=\"Sulevi Peltolan kasvot kuuluivat suomalaisen elokuvan kuvastoon.\" loading=\"lazy\" \/>            <\/p>\n<p>\n            Sulevi Peltolan kasvot kuuluivat suomalaisen elokuvan kuvastoon.<br \/>\n            Sanna-Mari Metsi\n        <\/p>\n<p class=\"article-content article-content-width !bg-background\">, muusikko (s. 1944) Elina Salo, n\u00e4yttelij\u00e4 (s. 1936)<\/p>\n<p class=\"article-content article-content-width !bg-background\">, n\u00e4yttelij\u00e4 (s. 1931)<\/p>\n<p>                <img decoding=\"async\" src=\"https:\/\/www.europesays.com\/fi\/wp-content\/uploads\/2026\/01\/2022628.webp.jpeg\" width=\"576\" height=\"720\" alt=\"Eila Roine ehti tehd\u00e4 poikkeuksellisen pitk\u00e4n ja monipuolisen uran.\" loading=\"lazy\" \/>            <\/p>\n<p>\n            Eila Roine ehti tehd\u00e4 poikkeuksellisen pitk\u00e4n ja monipuolisen uran.<br \/>\n            Miira Ojanen\n        <\/p>\n<p>                <img decoding=\"async\" src=\"https:\/\/www.europesays.com\/fi\/wp-content\/uploads\/2026\/01\/2022647.webp.jpeg\" width=\"576\" height=\"322\" alt=\"Christopher Wegelius oli suomalaisen ratsastusmaailman merkkihenkil\u00f6it\u00e4, joka muistettiin my\u00f6s romahtaneen SKOP-pankin johdosta 1990-luvun pankkikriisin aikaan.\" loading=\"lazy\" \/>            <\/p>\n<p>\n            Christopher Wegelius oli suomalaisen ratsastusmaailman merkkihenkil\u00f6it\u00e4, joka muistettiin my\u00f6s romahtaneen SKOP-pankin johdosta 1990-luvun pankkikriisin aikaan.<br \/>\n            YLE\n        <\/p>\n<p class=\"article-content article-content-width !bg-background\">, juristi, kilparatsastaja (s. 1944)<\/p>\n<p class=\"article-content article-content-width !bg-background\">, poliitikko (s. 1952)<\/p>\n<p class=\"article-content article-content-width !bg-background\">, n\u00e4yttelij\u00e4 ja muusikko.Muistetaan Sleepy Sleepersin ja Leningrad Cowboysin riveist\u00e4 (s. 1954)<\/p>\n<p class=\"article-content article-content-width !bg-background\">, poliitikko (s. 1946)<\/p>\n","protected":false},"excerpt":{"rendered":"Seiskan arkisto Kuluneena vuonna surtiin useaa yll\u00e4tyskuolemaa sek\u00e4 poikkeuksellista terveystaistelua. N\u00e4yttelij\u00e4-yritt\u00e4j\u00e4 menehtyi marraskuussa vajaat kaksi vuotta sen j\u00e4lkeen,&hellip;\n","protected":false},"author":2,"featured_media":130885,"comment_status":"","ping_status":"","sticky":false,"template":"","format":"standard","meta":{"footnotes":""},"categories":[136],"tags":[407,137,33,31,30,408,14520,3411,32,23186,13623,167,109,23185],"class_list":{"0":"post-130884","1":"post","2":"type-post","3":"status-publish","4":"format-standard","5":"has-post-thumbnail","7":"category-julkkikset","8":"tag-celebrities","9":"tag-entertainment","10":"tag-fi","11":"tag-finland","12":"tag-finnish","13":"tag-julkkikset","14":"tag-lasse-norres","15":"tag-olga-temonen","16":"tag-suomi","17":"tag-taina-elg","18":"tag-tapani-kansa","19":"tag-terveys","20":"tag-viihde","21":"tag-vuoden-kuolleet"},"share_on_mastodon":{"url":"https:\/\/pubeurope.com\/@fi\/115821006424271312","error":""},"_links":{"self":[{"href":"https:\/\/www.europesays.com\/fi\/wp-json\/wp\/v2\/posts\/130884","targetHints":{"allow":["GET"]}}],"collection":[{"href":"https:\/\/www.europesays.com\/fi\/wp-json\/wp\/v2\/posts"}],"about":[{"href":"https:\/\/www.europesays.com\/fi\/wp-json\/wp\/v2\/types\/post"}],"author":[{"embeddable":true,"href":"https:\/\/www.europesays.com\/fi\/wp-json\/wp\/v2\/users\/2"}],"replies":[{"embeddable":true,"href":"https:\/\/www.europesays.com\/fi\/wp-json\/wp\/v2\/comments?post=130884"}],"version-history":[{"count":0,"href":"https:\/\/www.europesays.com\/fi\/wp-json\/wp\/v2\/posts\/130884\/revisions"}],"wp:featuredmedia":[{"embeddable":true,"href":"https:\/\/www.europesays.com\/fi\/wp-json\/wp\/v2\/media\/130885"}],"wp:attachment":[{"href":"https:\/\/www.europesays.com\/fi\/wp-json\/wp\/v2\/media?parent=130884"}],"wp:term":[{"taxonomy":"category","embeddable":true,"href":"https:\/\/www.europesays.com\/fi\/wp-json\/wp\/v2\/categories?post=130884"},{"taxonomy":"post_tag","embeddable":true,"href":"https:\/\/www.europesays.com\/fi\/wp-json\/wp\/v2\/tags?post=130884"}],"curies":[{"name":"wp","href":"https:\/\/api.w.org\/{rel}","templated":true}]}}