{"id":130886,"date":"2026-01-01T17:24:09","date_gmt":"2026-01-01T17:24:09","guid":{"rendered":"https:\/\/www.europesays.com\/fi\/130886\/"},"modified":"2026-01-01T17:24:09","modified_gmt":"2026-01-01T17:24:09","slug":"revontulet-ja-yotaivaan-tahtinaytokset-saa-kuvattua-keskella-kaupunkiakin-nailla-vinkeilla-varsinais-suomi","status":"publish","type":"post","link":"https:\/\/www.europesays.com\/fi\/130886\/","title":{"rendered":"Revontulet ja y\u00f6taivaan t\u00e4hti\u00adn\u00e4yt\u00f6kset saa kuvattua keskell\u00e4 kaupunkiakin n\u00e4ill\u00e4 vinkeill\u00e4 | Varsinais-Suomi"},"content":{"rendered":"<p class=\"aw-1gybjub aw-1p7kakr kEtdKx cEmitX yle__article__paragraph\">Y\u00f6taivasta valokuvaavien ykk\u00f6svihollinen on valosaaste. Katulamppujen, tehtaiden ja kasvihuoneiden valot l\u00e4ikkyv\u00e4t taivaalle, jolloin t\u00e4hdet ja muut y\u00f6taivaan kohteet eiv\u00e4t tahdo erottua.<\/p>\n<p class=\"aw-1gybjub aw-1p7kakr kEtdKx cEmitX yle__article__paragraph\">Mutta se ei haittaa y\u00f6taivaan kuvaajaa, joka tiet\u00e4\u00e4 mit\u00e4 tekee.<\/p>\n<p class=\"aw-1gybjub aw-1p7kakr kEtdKx cEmitX yle__article__paragraph\">Vuosikymmeni\u00e4 valokuvausta harrastanut Ursa-aktiivi ja luontoharrastaja, turkulainen <strong class=\"aw-ak79eh KyCXm yle__article__strong\">Mikko Peussa<\/strong> varoittaa keinovalojen keskell\u00e4 tallustavia vaipumasta ep\u00e4toivoon.<\/p>\n<p class=\"aw-1gybjub aw-1p7kakr kEtdKx cEmitX yle__article__paragraph\">\u2013 Valosaaste on aika dramaattinen termi. Itse puhun mieluummin haittavalosta tai huonosti suunnitellusta valaistuksesta. Kuvia saa vaikka keskell\u00e4 kaupunkia, h\u00e4n sanoo.<\/p>\n<p class=\"aw-1gybjub aw-1p7kakr kEtdKx cEmitX yle__article__paragraph\">T\u00e4ss\u00e4 jutussa Peussa kertoo vinkkins\u00e4 y\u00f6taivaan kuvaajille ruuhka-Suomeen. H\u00e4n on kuvannut artikkelin videot ja kuvat.<\/p>\n<p><img decoding=\"async\" alt=\"\" src=\"https:\/\/www.europesays.com\/fi\/wp-content\/uploads\/2026\/01\/13-67-7bd06e0cf36b405d919b2a787ae07f71.jpeg\" class=\"aw-ml7zab fDhVEC\"\/><\/p>\n<p class=\"aw-1gybjub aw-1p7kakr kEtdKx cEmitX yle__article__paragraph\">N\u00e4m\u00e4 revontulet Peussa kuvasi Turun Jyrkk\u00e4l\u00e4ss\u00e4 valojen keskell\u00e4.<\/p>\n<p>Kaupungissa riitt\u00e4\u00e4 kuvattavaa<\/p>\n<p class=\"aw-1gybjub aw-1p7kakr kEtdKx cEmitX yle__article__paragraph\">Toisin kuin usein luullaan, monet y\u00f6taivaan kohteet ovat kuvattavissa kaupungin keskustassa ja Kuun valossa.<\/p>\n<p class=\"aw-1gybjub aw-1p7kakr kEtdKx cEmitX yle__article__paragraph\">Voimakkaat revontulet, kirkkaat planeetat ja halot Kuun valossa ovat kaikki kohteita, joita Peussa on kuvannut asutuksen keskell\u00e4. Yksi kohde jopa vaatii ihmisten lamppuja tullakseen n\u00e4kyviin: keinovalopilarit.<\/p>\n<p class=\"aw-1gybjub aw-1p7kakr kEtdKx cEmitX yle__article__paragraph\">\u2013 Nekin ovat komeita y\u00f6taivaan kohteita, joita ei p\u00e4iv\u00e4ll\u00e4 tai pime\u00e4ss\u00e4 korvessa n\u00e4e, Peussa sanoo.<\/p>\n<p><img decoding=\"async\" alt=\"Katuvalot piirt\u00e4v\u00e4t taivaalle pystysuoran valopilarin.\" src=\"https:\/\/www.europesays.com\/fi\/wp-content\/uploads\/2026\/01\/39-1569741693fc20bf2b28.jpeg\" class=\"aw-ml7zab fDhVEC\"\/><\/p>\n<p class=\"aw-1gybjub aw-1p7kakr kEtdKx cEmitX yle__article__paragraph\">Keinovalopilarit Turun Pansiossa.<\/p>\n<p class=\"aw-1gybjub aw-1p7kakr kEtdKx cEmitX yle__article__paragraph\">Y\u00f6taivaan kuvaajalle l\u00f6ytyy kuvattavaa my\u00f6s kes\u00e4ll\u00e4. Silloin Peussa jahtaa valaisevia y\u00f6pilvi\u00e4.<\/p>\n<p class=\"aw-1gybjub aw-1p7kakr kEtdKx cEmitX yle__article__paragraph\">\u2013 T\u00e4m\u00e4 on siit\u00e4 mukava harrastus, ett\u00e4 jokaiselle vuodenajalle on omat kohteensa.<\/p>\n<p>Jos valosaaste haittaa, \u00e4l\u00e4 kuvaa sit\u00e4<\/p>\n<p class=\"aw-1gybjub aw-1p7kakr kEtdKx cEmitX yle__article__paragraph\">Helpoin tapa v\u00e4ltt\u00e4\u00e4 h\u00e4iritsev\u00e4t valot on valita kuvauspaikka oikein: jos haluat kuvata kohdetta pohjoisessa, etsi paikka jossa valot j\u00e4\u00e4v\u00e4t sel\u00e4n taakse etel\u00e4\u00e4n. Silloin ei tarvitse v\u00e4ltt\u00e4m\u00e4tt\u00e4 edes l\u00e4hte\u00e4 hirve\u00e4n kauas.<\/p>\n<p class=\"aw-1gybjub aw-1p7kakr kEtdKx cEmitX yle__article__paragraph\">Mikko Peussa k\u00e4y paljon kuvaamassa esimerkiksi Ruissalossa, vaikka Turku valoineen on vain muutaman kilometrin p\u00e4\u00e4ss\u00e4.<\/p>\n<p class=\"aw-1gybjub aw-1p7kakr kEtdKx cEmitX yle__article__paragraph\">\u2013 Turku j\u00e4\u00e4 it\u00e4\u00e4n, joten l\u00e4nteen p\u00e4in on oikein hyv\u00e4 kuvata. Vain Ahvenanmaan ja Tukholman valot kajastavat horisontissa, mutta ei muuta.<\/p>\n<p class=\"aw-1gybjub aw-1p7kakr kEtdKx cEmitX yle__article__paragraph\">Voit katsoa l\u00e4himm\u00e4t pime\u00e4t paikat <a class=\"aw-iao6s4 iHOxEa yle__article__link\" href=\"https:\/\/www.taivaanvahti.fi\/locations\/browse\/map\" role=\"link\" rel=\"nofollow noopener\" target=\"_blank\">Ursan Taivaanvahdista<\/a>. Sivustolle on koottu harrastajien l\u00f6yt\u00e4mi\u00e4 havaintopaikkoja.<\/p>\n<p><img decoding=\"async\" alt=\"T\u00e4htitaivas, jossa erottuu Linnunrata.\" src=\"https:\/\/www.europesays.com\/fi\/wp-content\/uploads\/2026\/01\/39-15668476938153c8bd02.jpeg\" class=\"aw-ml7zab fDhVEC\"\/><\/p>\n<p class=\"aw-1gybjub aw-1p7kakr kEtdKx cEmitX yle__article__paragraph\">Peussalla on Kemi\u00f6nsaarella vakiopaikkansa, joissa saa kuvattua esimerkiksi etel\u00e4taivaalla n\u00e4kyv\u00e4n Linnunradan.<\/p>\n<p>Syv\u00e4 taivas on vaativa kohde<\/p>\n<p class=\"aw-1gybjub aw-1p7kakr kEtdKx cEmitX yle__article__paragraph\">Aivan kaikki kuvat eiv\u00e4t tietenk\u00e4\u00e4n kaupungissa onnistu. Himme\u00e4t revontulet ja syv\u00e4n taivaan kohteet vaativat kunnon pimeytt\u00e4.<\/p>\n<p class=\"aw-1gybjub aw-1p7kakr kEtdKx cEmitX yle__article__paragraph\">Varsinkin syv\u00e4n taivaan kohteet ovat sellaisia, joissa kaikesta hajavalosta on pelk\u00e4st\u00e4\u00e4n haittaa.<\/p>\n<p class=\"aw-1gybjub aw-1p7kakr kEtdKx cEmitX yle__article__paragraph\">Galakseja ja sumuja varten Peussa hakeutuu Varsinais-Suomen pimeimpiin kolkkiin. Rym\u00e4ttyl\u00e4, Aura, Myn\u00e4m\u00e4ki, Nousiainen, P\u00f6yty\u00e4, Yl\u00e4ne. Raasinkorpi on eritt\u00e4in pime\u00e4\u00e4 seutua, Peussa luettelee.<\/p>\n<p class=\"aw-1gybjub aw-1p7kakr kEtdKx cEmitX yle__article__paragraph\">\u2013 Jos kuvaan vaikka Andromedan galaksia tai Orionin suurta kaasusumua, menen Kemi\u00f6nsaaren korpimetsiin, siell\u00e4 on minulle tutut paikat, h\u00e4n sanoo.<\/p>\n<p class=\"aw-1gybjub aw-1p7kakr kEtdKx cEmitX yle__article__paragraph\">Kemi\u00f6nsaari on erityisen hyv\u00e4 paikka etel\u00e4\u00e4n p\u00e4in kuvattaessa, koska merell\u00e4 ei valosaastetta ole.<\/p>\n<p><img decoding=\"async\" alt=\"V\u00e4rik\u00e4s sumu y\u00f6taivaalla.\" src=\"https:\/\/www.europesays.com\/fi\/wp-content\/uploads\/2026\/01\/39-15670316938393fa98c5.jpeg\" class=\"aw-ml7zab fDhVEC\"\/><\/p>\n<p class=\"aw-1gybjub aw-1p7kakr kEtdKx cEmitX yle__article__paragraph\">Orionin suuri kaasusumu kuvattuna Kemi\u00f6nsaaresta.<\/p>\n<p>Revontulet vaativat juuri sopivan valotuksen<\/p>\n<p class=\"aw-1gybjub aw-1p7kakr kEtdKx cEmitX yle__article__paragraph\">Palataan viel\u00e4 revontuliin. Revontulien kuvaaminen vaatii k\u00e4yt\u00e4nn\u00f6ss\u00e4 aina jalustan, koska kuvan ottamiseksi tarvitaan v\u00e4hint\u00e4\u00e4n useamman sekunnin mittainen valotus.<\/p>\n<p class=\"aw-1gybjub aw-1p7kakr kEtdKx cEmitX yle__article__paragraph\">Valtavan pitki\u00e4 valotuksia kannattaa kuitenkin v\u00e4ltt\u00e4\u00e4, Peussa huomauttaa. T\u00e4m\u00e4 johtuu siit\u00e4, ett\u00e4 revontulet liikkuvat.<\/p>\n<p class=\"aw-1gybjub aw-1p7kakr kEtdKx cEmitX yle__article__paragraph\">\u2013 Revontulet on aika nopealiikkeisi\u00e4. Jos valotusaika on valtavan pitk\u00e4, kuvasta tulee harsomainen.<\/p>\n<p class=\"aw-1gybjub aw-1p7kakr kEtdKx cEmitX yle__article__paragraph\">Maltillinen valotus saa revontulien piirteet esiin. Peussan mukaan lyhyen\u00e4 voi pit\u00e4\u00e4 1\u20136 sekunnin valotusta, pitk\u00e4n\u00e4 6\u201320 sekuntia. T\u00e4st\u00e4 pitemmill\u00e4 valotuksilla revontulien yksityiskohdat alkavat h\u00e4vit\u00e4.<\/p>\n<p><img decoding=\"async\" alt=\"Peltomaisema, taivaalla revontulia.\" src=\"https:\/\/www.europesays.com\/fi\/wp-content\/uploads\/2026\/01\/39-156706569385bad16bda.jpeg\" class=\"aw-ml7zab fDhVEC\"\/><\/p>\n<p class=\"aw-1gybjub aw-1p7kakr kEtdKx cEmitX yle__article__paragraph\">T\u00e4t\u00e4 kuvaa on valotettu kuusi sekuntia. Kuvassa erottuu hyvin revontulen muotoja.<\/p>\n<p>Revontulia voi kuvata my\u00f6s etel\u00e4ss\u00e4 \u2013 joskus jopa pohjoista paremmin<\/p>\n<p class=\"aw-1gybjub aw-1p7kakr kEtdKx cEmitX yle__article__paragraph\">Runsas kymmenen vuotta sitten lokakuussa Mikko Peussa otti kuvan, jonka muistaa lopun ik\u00e4\u00e4ns\u00e4. H\u00e4n huomasi parvekkeeltaan, ett\u00e4 taivaalla alkaa leiskua revontulia.<\/p>\n<p class=\"aw-1gybjub aw-1p7kakr kEtdKx cEmitX yle__article__paragraph\">Peussa l\u00e4hti l\u00e4heiselle Ruissalon saarelle, etteiv\u00e4t revontulet ehdi menn\u00e4 sivu suun.<\/p>\n<p class=\"aw-1gybjub aw-1p7kakr kEtdKx cEmitX yle__article__paragraph\">\u2013 Kansanpuiston pelloilla huomasin, ett\u00e4 n\u00e4iss\u00e4 revontulissa on jotain poikkeavaa. Niiss\u00e4 oli tavallaan hylly ja laineet ja ne olivat l\u00e4nnemp\u00e4n\u00e4 kuin revontulet normaalisti.<\/p>\n<p class=\"aw-1gybjub aw-1p7kakr kEtdKx cEmitX yle__article__paragraph\">Peussa latasi kuvat Ursan Taivaanvahti-palveluun, jossa ne her\u00e4ttiv\u00e4t tutkijoidenkin kiinnostuksen.<\/p>\n<p class=\"aw-1gybjub aw-1p7kakr kEtdKx cEmitX yle__article__paragraph\">Muutamaa vuotta my\u00f6hemmin revontulityyppi nimettiin dyyniksi, uudesta revontulityypist\u00e4 tuli <a class=\"aw-iao6s4 iHOxEa yle__article__link\" href=\"https:\/\/yle.fi\/a\/3-11181408\" role=\"link\" rel=\"nofollow noopener\" target=\"_blank\">kansainv\u00e4linen uutinen<\/a>, ja Peussa sai havainnostaan ansioituneille avaruusharrastajille jaettavan Stella Arcti -palkinnon yhdess\u00e4 kolmen muun henkil\u00f6n kanssa.<\/p>\n<p class=\"aw-1gybjub aw-1p7kakr kEtdKx cEmitX yle__article__paragraph\">Erikoista dyyneiss\u00e4 on harvinaisuuden lis\u00e4ksi se, ett\u00e4 ne n\u00e4kyv\u00e4t paremmin etel\u00e4ss\u00e4 kuin Lapissa. Peussan mukaan Etel\u00e4-Suomi on muutenkin mainettaan parempi paikka revontulikuvaajalle.<\/p>\n<p class=\"aw-1gybjub aw-1p7kakr kEtdKx cEmitX yle__article__paragraph\">\u2013 Lapissa revontulet ovat monesti niin voimakkaat ja aivan p\u00e4\u00e4ll\u00e4, ett\u00e4 koko taivas on valokuvassa vihre\u00e4\u00e4 harsoa. Etel\u00e4ss\u00e4 revontulet n\u00e4kyv\u00e4t hyvin n\u00e4tisti pohjoisen horisontissa. Olen kuvannut revontulet pari kolme sataa kertaa Turusta ja l\u00e4hialueilta, Peussa sanoo.<\/p>\n<p><img decoding=\"async\" alt=\"Revontulia s\u00e4nkipellon yll\u00e4.\" src=\"https:\/\/www.europesays.com\/fi\/wp-content\/uploads\/2026\/01\/39-1569748693fc738be82f.jpeg\" class=\"aw-ml7zab fDhVEC\"\/><img decoding=\"async\" alt=\"Revontulia s\u00e4nkipellon yll\u00e4.\" src=\"https:\/\/www.europesays.com\/fi\/wp-content\/uploads\/2026\/01\/39-1569748693fc738be82f.jpeg\" class=\"aw-ml7zab gXNbEA\"\/><\/p>\n<p class=\"aw-1gybjub aw-1p7kakr kEtdKx cEmitX yle__article__paragraph\">Mikko Peussa kuvasi dyynit vuonna 2015 Turun Ruissalossa.<\/p>\n<p class=\"aw-1gybjub aw-1p7kakr kEtdKx cEmitX yle__article__paragraph\">Dyynit erottuvat vasemmalla laidalla vaakasuorina kuvioina.<\/p>\n","protected":false},"excerpt":{"rendered":"Y\u00f6taivasta valokuvaavien ykk\u00f6svihollinen on valosaaste. Katulamppujen, tehtaiden ja kasvihuoneiden valot l\u00e4ikkyv\u00e4t taivaalle, jolloin t\u00e4hdet ja muut y\u00f6taivaan kohteet&hellip;\n","protected":false},"author":2,"featured_media":130887,"comment_status":"","ping_status":"","sticky":false,"template":"","format":"standard","meta":{"footnotes":""},"categories":[135],"tags":[389,387,388,390,137,33,31,30,71,72,2403,32,394,16705,393,391,392,662,2365,663,109],"class_list":{"0":"post-130886","1":"post","2":"type-post","3":"status-publish","4":"format-standard","5":"has-post-thumbnail","7":"category-taiteet-ja-suunnittelu","8":"tag-arts","9":"tag-arts-and-design","10":"tag-artsanddesign","11":"tag-design","12":"tag-entertainment","13":"tag-fi","14":"tag-finland","15":"tag-finnish","16":"tag-kotimaa","17":"tag-luonto","18":"tag-revontulet","19":"tag-suomi","20":"tag-suunnittelu","21":"tag-tahtitaivas","22":"tag-taiteet","23":"tag-taiteet-ja-suunnittelu","24":"tag-taiteetsuunnittelu","25":"tag-turku","26":"tag-valokuvaus","27":"tag-varsinais-suomi","28":"tag-viihde"},"share_on_mastodon":{"url":"https:\/\/pubeurope.com\/@fi\/115821010174738135","error":""},"_links":{"self":[{"href":"https:\/\/www.europesays.com\/fi\/wp-json\/wp\/v2\/posts\/130886","targetHints":{"allow":["GET"]}}],"collection":[{"href":"https:\/\/www.europesays.com\/fi\/wp-json\/wp\/v2\/posts"}],"about":[{"href":"https:\/\/www.europesays.com\/fi\/wp-json\/wp\/v2\/types\/post"}],"author":[{"embeddable":true,"href":"https:\/\/www.europesays.com\/fi\/wp-json\/wp\/v2\/users\/2"}],"replies":[{"embeddable":true,"href":"https:\/\/www.europesays.com\/fi\/wp-json\/wp\/v2\/comments?post=130886"}],"version-history":[{"count":0,"href":"https:\/\/www.europesays.com\/fi\/wp-json\/wp\/v2\/posts\/130886\/revisions"}],"wp:featuredmedia":[{"embeddable":true,"href":"https:\/\/www.europesays.com\/fi\/wp-json\/wp\/v2\/media\/130887"}],"wp:attachment":[{"href":"https:\/\/www.europesays.com\/fi\/wp-json\/wp\/v2\/media?parent=130886"}],"wp:term":[{"taxonomy":"category","embeddable":true,"href":"https:\/\/www.europesays.com\/fi\/wp-json\/wp\/v2\/categories?post=130886"},{"taxonomy":"post_tag","embeddable":true,"href":"https:\/\/www.europesays.com\/fi\/wp-json\/wp\/v2\/tags?post=130886"}],"curies":[{"name":"wp","href":"https:\/\/api.w.org\/{rel}","templated":true}]}}