{"id":130888,"date":"2026-01-01T17:27:07","date_gmt":"2026-01-01T17:27:07","guid":{"rendered":"https:\/\/www.europesays.com\/fi\/130888\/"},"modified":"2026-01-01T17:27:07","modified_gmt":"2026-01-01T17:27:07","slug":"eras-suomen-parhaista-metalliyhtyeista-ilahdutti-julkaisi-uuden-videon","status":"publish","type":"post","link":"https:\/\/www.europesays.com\/fi\/130888\/","title":{"rendered":"Er\u00e4s Suomen parhaista metalliyhtyeist\u00e4 ilahdutti: julkaisi uuden videon"},"content":{"rendered":"<p><strong>Sara <\/strong>julkaisi eilen musiikkivideon Kun kaikkeus katsoo -kappaleeseen.<\/p>\n<p>Biisi l\u00f6ytyy vallan loistavalta\u00a0Hallava-albumilta, joka ilmestyi tammikuussa 2025. B\u00e4ndin keikkavuosi huipentui loppuunmyytyyn 30-vuotisjuhlakeikkaan Tampereen Tavara-asemalla marraskuussa. Hallava sai laajaa kriitikkohuomiota, ja albumi on ehdolla Emma Gaalassa Vuoden metalli -kategoriassa sek\u00e4 yleis\u00f6\u00e4\u00e4nestyksess\u00e4, ja se valittiin sek\u00e4 Soundin ett\u00e4 Infernon toimittajien vuoden albumiksi.<\/p>\n<p>Lue my\u00f6s: <a href=\"https:\/\/www.rumba.fi\/uutiset\/eras-suomen-parhaista-metalliyhtyeista-30-vuotta-juhlakeikka-tulossa-pian-loppuunmyyty\/\" title=\"Er\u00e4s Suomen parhaista metalliyhtyeist\u00e4 30 vuotta: juhlakeikka tulossa, pian loppuunmyyty\" class=\"underline-custom !font-montserrat !font-bold !underline-offset-4 !decoration-4 !decoration-tilt-light !text-md\" rel=\"nofollow noopener\" target=\"_blank\">Er\u00e4s Suomen parhaista metalliyhtyeist\u00e4 30 vuotta: juhlakeikka tulossa, pian loppuunmyyty<\/a><\/p>\n<p>Katso video alta.<\/p>\n<p><img loading=\"lazy\" decoding=\"async\" alt=\"YouTube video\" width=\"480\" height=\"360\" data-pin-nopin=\"true\" nopin=\"nopin\" class=\"perfmatters-lazy\" src=\"https:\/\/www.europesays.com\/fi\/wp-content\/uploads\/2026\/01\/1767288427_860_hqdefault.jpg\"\/><\/p>\n<p>Lue my\u00f6s: <a href=\"https:\/\/www.rumba.fi\/uutiskirje\/\" title=\"Tilaa Rumban uutiskirje\" class=\"underline-custom !font-montserrat !font-bold !underline-offset-4 !decoration-4 !decoration-red-600 !text-md\" rel=\"nofollow noopener\" target=\"_blank\">Tilaa Rumban uutiskirje ja tied\u00e4t mist\u00e4 kahvitauolla puhutaan! Nappaa ajankohtaiset musiikin uutiset ja puheenaiheet suoraan s\u00e4hk\u00f6postiin t\u00e4st\u00e4.<\/a><\/p>\n","protected":false},"excerpt":{"rendered":"Sara julkaisi eilen musiikkivideon Kun kaikkeus katsoo -kappaleeseen. Biisi l\u00f6ytyy vallan loistavalta\u00a0Hallava-albumilta, joka ilmestyi tammikuussa 2025. B\u00e4ndin keikkavuosi&hellip;\n","protected":false},"author":2,"featured_media":130889,"comment_status":"","ping_status":"","sticky":false,"template":"","format":"standard","meta":{"footnotes":""},"categories":[132],"tags":[137,33,31,30,195,47,32,109],"class_list":{"0":"post-130888","1":"post","2":"type-post","3":"status-publish","4":"format-standard","5":"has-post-thumbnail","7":"category-musiikki","8":"tag-entertainment","9":"tag-fi","10":"tag-finland","11":"tag-finnish","12":"tag-music","13":"tag-musiikki","14":"tag-suomi","15":"tag-viihde"},"share_on_mastodon":{"url":"https:\/\/pubeurope.com\/@fi\/115821021917209675","error":""},"_links":{"self":[{"href":"https:\/\/www.europesays.com\/fi\/wp-json\/wp\/v2\/posts\/130888","targetHints":{"allow":["GET"]}}],"collection":[{"href":"https:\/\/www.europesays.com\/fi\/wp-json\/wp\/v2\/posts"}],"about":[{"href":"https:\/\/www.europesays.com\/fi\/wp-json\/wp\/v2\/types\/post"}],"author":[{"embeddable":true,"href":"https:\/\/www.europesays.com\/fi\/wp-json\/wp\/v2\/users\/2"}],"replies":[{"embeddable":true,"href":"https:\/\/www.europesays.com\/fi\/wp-json\/wp\/v2\/comments?post=130888"}],"version-history":[{"count":0,"href":"https:\/\/www.europesays.com\/fi\/wp-json\/wp\/v2\/posts\/130888\/revisions"}],"wp:featuredmedia":[{"embeddable":true,"href":"https:\/\/www.europesays.com\/fi\/wp-json\/wp\/v2\/media\/130889"}],"wp:attachment":[{"href":"https:\/\/www.europesays.com\/fi\/wp-json\/wp\/v2\/media?parent=130888"}],"wp:term":[{"taxonomy":"category","embeddable":true,"href":"https:\/\/www.europesays.com\/fi\/wp-json\/wp\/v2\/categories?post=130888"},{"taxonomy":"post_tag","embeddable":true,"href":"https:\/\/www.europesays.com\/fi\/wp-json\/wp\/v2\/tags?post=130888"}],"curies":[{"name":"wp","href":"https:\/\/api.w.org\/{rel}","templated":true}]}}