{"id":130898,"date":"2026-01-01T17:36:08","date_gmt":"2026-01-01T17:36:08","guid":{"rendered":"https:\/\/www.europesays.com\/fi\/130898\/"},"modified":"2026-01-01T17:36:08","modified_gmt":"2026-01-01T17:36:08","slug":"vuonna-2025-taysissa-syntyi-156-vauvaa-enemman-kuin-edellisvuonna-muutama-parkkihallissakin","status":"publish","type":"post","link":"https:\/\/www.europesays.com\/fi\/130898\/","title":{"rendered":"Vuonna 2025 Taysissa syntyi 156 vauvaa enemm\u00e4n kuin edellisvuonna \u2013 muutama parkkihallissakin"},"content":{"rendered":"<p>Heti vuoden 2026 ensimm\u00e4isin\u00e4 tunteina Taysissa syntyi kahdeksan vauvaa.<\/p>\n<p class=\"article-body mb-nof-24 px-nof-16\">Aamulehti<\/p>\n<p class=\"article-body mb-nof-24 px-nof-16\">Vuoden 2026 ensimm\u00e4inen p\u00e4iv\u00e4 oli vilkas Taysin synnytysosastoilla. Kello 11.50:een menness\u00e4 oli ehtinyt synty\u00e4 jo kahdeksan lasta. Vauvoja oli t\u00e4h\u00e4n menness\u00e4 syntynyt Kangasalle, Pirkkalaan, Tampereelle ja Yl\u00f6j\u00e4rvelle.<\/p>\n<p class=\"article-body mb-nof-24 px-nof-16\">Ahdasta ei kuitenkaan tullut, sill\u00e4 Taysissa on 19 synnytyssalia ja lis\u00e4ksi tarkkailutiloja.<\/p>\n","protected":false},"excerpt":{"rendered":"Heti vuoden 2026 ensimm\u00e4isin\u00e4 tunteina Taysissa syntyi kahdeksan vauvaa. Aamulehti Vuoden 2026 ensimm\u00e4inen p\u00e4iv\u00e4 oli vilkas Taysin synnytysosastoilla.&hellip;\n","protected":false},"author":2,"featured_media":130899,"comment_status":"","ping_status":"","sticky":false,"template":"","format":"standard","meta":{"footnotes":""},"categories":[12],"tags":[157,22,23,26,27,33,31,30,17,24,25,28,29,15,18,21,32,19,20,16],"class_list":{"0":"post-130898","1":"post","2":"type-post","3":"status-publish","4":"format-standard","5":"has-post-thumbnail","7":"category-suomi","8":"tag-aamulehti","9":"tag-breaking-news","10":"tag-breakingnews","11":"tag-featured-news","12":"tag-featurednews","13":"tag-fi","14":"tag-finland","15":"tag-finnish","16":"tag-headlines","17":"tag-latest-news","18":"tag-latestnews","19":"tag-main-news","20":"tag-mainnews","21":"tag-news","22":"tag-otsikot","23":"tag-paauutiset","24":"tag-suomi","25":"tag-top-stories","26":"tag-topstories","27":"tag-uutiset"},"share_on_mastodon":{"url":"https:\/\/pubeurope.com\/@fi\/115821057432460312","error":""},"_links":{"self":[{"href":"https:\/\/www.europesays.com\/fi\/wp-json\/wp\/v2\/posts\/130898","targetHints":{"allow":["GET"]}}],"collection":[{"href":"https:\/\/www.europesays.com\/fi\/wp-json\/wp\/v2\/posts"}],"about":[{"href":"https:\/\/www.europesays.com\/fi\/wp-json\/wp\/v2\/types\/post"}],"author":[{"embeddable":true,"href":"https:\/\/www.europesays.com\/fi\/wp-json\/wp\/v2\/users\/2"}],"replies":[{"embeddable":true,"href":"https:\/\/www.europesays.com\/fi\/wp-json\/wp\/v2\/comments?post=130898"}],"version-history":[{"count":0,"href":"https:\/\/www.europesays.com\/fi\/wp-json\/wp\/v2\/posts\/130898\/revisions"}],"wp:featuredmedia":[{"embeddable":true,"href":"https:\/\/www.europesays.com\/fi\/wp-json\/wp\/v2\/media\/130899"}],"wp:attachment":[{"href":"https:\/\/www.europesays.com\/fi\/wp-json\/wp\/v2\/media?parent=130898"}],"wp:term":[{"taxonomy":"category","embeddable":true,"href":"https:\/\/www.europesays.com\/fi\/wp-json\/wp\/v2\/categories?post=130898"},{"taxonomy":"post_tag","embeddable":true,"href":"https:\/\/www.europesays.com\/fi\/wp-json\/wp\/v2\/tags?post=130898"}],"curies":[{"name":"wp","href":"https:\/\/api.w.org\/{rel}","templated":true}]}}