{"id":130900,"date":"2026-01-01T17:37:07","date_gmt":"2026-01-01T17:37:07","guid":{"rendered":"https:\/\/www.europesays.com\/fi\/130900\/"},"modified":"2026-01-01T17:37:07","modified_gmt":"2026-01-01T17:37:07","slug":"hollannissa-ammuttiin-holtittomasti-ilotulitteita-amsterdamissa-paloi-vanha-kirkko-uutisia-lyhyesti","status":"publish","type":"post","link":"https:\/\/www.europesays.com\/fi\/130900\/","title":{"rendered":"Hollannissa ammuttiin holtittomasti ilotulitteita, Amsterdamissa paloi vanha kirkko | Uutisia lyhyesti"},"content":{"rendered":"<p class=\"aw-1gybjub aw-5vja16 kEtdKx kmuxyA yle__article__paragraph\">Hollantilaiset olivat hamstanneet raketteja lakimuutoksen takia.<\/p>\n<p><img decoding=\"async\" alt=\"Palomiehi\u00e4 palavan kirkon edess\u00e4.\" src=\"https:\/\/www.europesays.com\/fi\/wp-content\/uploads\/2026\/01\/39-157632569568da99b95d.jpeg\" class=\"aw-1l9m598 hKVVvP\"\/><\/p>\n<p>Avaa kuvien katselu<\/p>\n<p>Vondelkerk-kirkko palaa. Kuva: Remko de Waal \/ AOP<\/p>\n<p>17:46\u2022P\u00e4ivitetty 19:15<\/p>\n<p class=\"aw-1gybjub aw-1p7kakr kEtdKx cEmitX yle__article__paragraph\">Hollannin viranomaiset olivat t\u00e4ysty\u00f6llistettyj\u00e4 holtittomasti ilotulitteita ampuvien nuorten kanssa uudenvuodeny\u00f6n\u00e4.<\/p>\n<p class=\"aw-1gybjub aw-1p7kakr kEtdKx cEmitX yle__article__paragraph\">Hollannissa astuu nyt 1. tammikuuta voimaan laki, joka kielt\u00e4\u00e4 tavallisilta kansalaisilta ilotuloitteiden hankkimisen ja niiden laukaisemisen. T\u00e4st\u00e4 syyst\u00e4 hollantilaiset olivat hamstranneet poikkeuksellisen paljon tulitteita.<\/p>\n<p class=\"aw-1gybjub aw-1p7kakr kEtdKx cEmitX yle__article__paragraph\">Raketteja ammuttiin holtittomasti. Monin paikoin nuorisojoukot ampuivat raketteja p\u00e4in poliiseja tai palomiehi\u00e4.<\/p>\n<p class=\"aw-1gybjub aw-1p7kakr kEtdKx cEmitX yle__article__paragraph\">Amsterdamin poliisip\u00e4\u00e4llikk\u00f6 <strong class=\"aw-ak79eh KyCXm yle__article__strong\">Nina Kooiman<\/strong> kertoo uutistoimisto AFP:lle, ett\u00e4 uudenvuodeny\u00f6n aikana h\u00e4nt\u00e4 kohti ammuttiin kolme rakettia tai muuta r\u00e4j\u00e4hdett\u00e4.<\/p>\n<p><img decoding=\"async\" alt=\"Pelastushenkil\u00f6kunta keskustelemassa ohikulkijoiden kanssa.\" src=\"https:\/\/www.europesays.com\/fi\/wp-content\/uploads\/2026\/01\/39-1576331695692d12bddb.jpeg\" loading=\"lazy\" class=\"aw-1l9m598 hKVVvP\"\/><\/p>\n<p>Avaa kuvien katselu<\/p>\n<p>Amstardamin Vondelkerk-kirkko palaneena. Kuva: Koen van Weel \/ AOP<\/p>\n<p class=\"aw-1gybjub aw-1p7kakr kEtdKx cEmitX yle__article__paragraph\">Amsterdamissa syttyi tuleen vuonna 1872 valmistunut Vondelkerk-kirkko. Palon ep\u00e4ill\u00e4\u00e4n syttyneen ilotulitteista. Kirkon 50-metri\u00e4 korkea torni romahti ja katto tuhoutui, mutta kirkon kiviset sein\u00e4 s\u00e4ilyiv\u00e4t pystyss\u00e4.<\/p>\n<p class=\"aw-1gybjub aw-1p7kakr kEtdKx cEmitX yle__article__paragraph\">L\u00e4hde: AFP<\/p>\n","protected":false},"excerpt":{"rendered":"Hollantilaiset olivat hamstanneet raketteja lakimuutoksen takia. Avaa kuvien katselu Vondelkerk-kirkko palaa. Kuva: Remko de Waal \/ AOP 17:46\u2022P\u00e4ivitetty&hellip;\n","protected":false},"author":2,"featured_media":130901,"comment_status":"","ping_status":"","sticky":false,"template":"","format":"standard","meta":{"footnotes":""},"categories":[5],"tags":[11379,22,23,26,27,33,31,30,17,5604,7558,24,25,28,29,15,837,18,21,32,19,20,1265,56,16],"class_list":{"0":"post-130900","1":"post","2":"type-post","3":"status-publish","4":"format-standard","5":"has-post-thumbnail","7":"category-otsikot","8":"tag-amsterdam","9":"tag-breaking-news","10":"tag-breakingnews","11":"tag-featured-news","12":"tag-featurednews","13":"tag-fi","14":"tag-finland","15":"tag-finnish","16":"tag-headlines","17":"tag-hollanti","18":"tag-ilotulitukset","19":"tag-latest-news","20":"tag-latestnews","21":"tag-main-news","22":"tag-mainnews","23":"tag-news","24":"tag-onnettomuudet","25":"tag-otsikot","26":"tag-paauutiset","27":"tag-suomi","28":"tag-top-stories","29":"tag-topstories","30":"tag-tulipalot","31":"tag-ulkomaat","32":"tag-uutiset"},"share_on_mastodon":{"url":"https:\/\/pubeurope.com\/@fi\/115821061268963334","error":""},"_links":{"self":[{"href":"https:\/\/www.europesays.com\/fi\/wp-json\/wp\/v2\/posts\/130900","targetHints":{"allow":["GET"]}}],"collection":[{"href":"https:\/\/www.europesays.com\/fi\/wp-json\/wp\/v2\/posts"}],"about":[{"href":"https:\/\/www.europesays.com\/fi\/wp-json\/wp\/v2\/types\/post"}],"author":[{"embeddable":true,"href":"https:\/\/www.europesays.com\/fi\/wp-json\/wp\/v2\/users\/2"}],"replies":[{"embeddable":true,"href":"https:\/\/www.europesays.com\/fi\/wp-json\/wp\/v2\/comments?post=130900"}],"version-history":[{"count":0,"href":"https:\/\/www.europesays.com\/fi\/wp-json\/wp\/v2\/posts\/130900\/revisions"}],"wp:featuredmedia":[{"embeddable":true,"href":"https:\/\/www.europesays.com\/fi\/wp-json\/wp\/v2\/media\/130901"}],"wp:attachment":[{"href":"https:\/\/www.europesays.com\/fi\/wp-json\/wp\/v2\/media?parent=130900"}],"wp:term":[{"taxonomy":"category","embeddable":true,"href":"https:\/\/www.europesays.com\/fi\/wp-json\/wp\/v2\/categories?post=130900"},{"taxonomy":"post_tag","embeddable":true,"href":"https:\/\/www.europesays.com\/fi\/wp-json\/wp\/v2\/tags?post=130900"}],"curies":[{"name":"wp","href":"https:\/\/api.w.org\/{rel}","templated":true}]}}