{"id":130904,"date":"2026-01-01T17:52:06","date_gmt":"2026-01-01T17:52:06","guid":{"rendered":"https:\/\/www.europesays.com\/fi\/130904\/"},"modified":"2026-01-01T17:52:06","modified_gmt":"2026-01-01T17:52:06","slug":"nyt-on-mita-katsoa-hs-listasi-30-vuoden-parasta-tv-sarjaa","status":"publish","type":"post","link":"https:\/\/www.europesays.com\/fi\/130904\/","title":{"rendered":"Nyt on mit\u00e4 katsoa: HS listasi 30 vuoden parasta tv-sarjaa"},"content":{"rendered":"<p>Televisio|HS10 Sarjat poimii esiin kiinnostavinta katsottavaa suoratoisto\u00adpalveluista, ja nyt on vuosikatsauksen aika.<\/p>\n<p class=\"article-body mb-nof-24 px-nof-16\">Vuonna 2025 Helsingin Sanomien kriitikot arvioivat liki 200 suoratoistopalveluissa julkaistua tv-sarjaa.<\/p>\n<p class=\"article-body mb-nof-24 px-nof-16\">Hienoja nelj\u00e4n t\u00e4hden arvoisia jatkokausiakin n\u00e4htiin, mutta t\u00e4ll\u00e4 vuoden parhaiden tv-sarjojen listalla ne saivat nyt tehd\u00e4 tilaa uutuuksille. Muista kuitenkin hakusanat \u201dThe White Lotus\u201d, \u201dSusipalatsi\u201d, \u201dThe Last of Us\u201d, \u201dAndor\u201d, \u201dHacks\u201d, \u201dThe Bear\u201d, \u201dThe New Pope\u201d ja \u201dMunkkivuori\u201d.<\/p>\n","protected":false},"excerpt":{"rendered":"Televisio|HS10 Sarjat poimii esiin kiinnostavinta katsottavaa suoratoisto\u00adpalveluista, ja nyt on vuosikatsauksen aika. Vuonna 2025 Helsingin Sanomien kriitikot arvioivat&hellip;\n","protected":false},"author":2,"featured_media":130905,"comment_status":"","ping_status":"","sticky":false,"template":"","format":"standard","meta":{"footnotes":""},"categories":[133],"tags":[137,33,31,30,46,32,206,156,109],"class_list":{"0":"post-130904","1":"post","2":"type-post","3":"status-publish","4":"format-standard","5":"has-post-thumbnail","7":"category-televisiot","8":"tag-entertainment","9":"tag-fi","10":"tag-finland","11":"tag-finnish","12":"tag-helsingin-sanomat","13":"tag-suomi","14":"tag-televisiot","15":"tag-tv","16":"tag-viihde"},"share_on_mastodon":{"url":"https:\/\/pubeurope.com\/@fi\/115821120286184241","error":""},"_links":{"self":[{"href":"https:\/\/www.europesays.com\/fi\/wp-json\/wp\/v2\/posts\/130904","targetHints":{"allow":["GET"]}}],"collection":[{"href":"https:\/\/www.europesays.com\/fi\/wp-json\/wp\/v2\/posts"}],"about":[{"href":"https:\/\/www.europesays.com\/fi\/wp-json\/wp\/v2\/types\/post"}],"author":[{"embeddable":true,"href":"https:\/\/www.europesays.com\/fi\/wp-json\/wp\/v2\/users\/2"}],"replies":[{"embeddable":true,"href":"https:\/\/www.europesays.com\/fi\/wp-json\/wp\/v2\/comments?post=130904"}],"version-history":[{"count":0,"href":"https:\/\/www.europesays.com\/fi\/wp-json\/wp\/v2\/posts\/130904\/revisions"}],"wp:featuredmedia":[{"embeddable":true,"href":"https:\/\/www.europesays.com\/fi\/wp-json\/wp\/v2\/media\/130905"}],"wp:attachment":[{"href":"https:\/\/www.europesays.com\/fi\/wp-json\/wp\/v2\/media?parent=130904"}],"wp:term":[{"taxonomy":"category","embeddable":true,"href":"https:\/\/www.europesays.com\/fi\/wp-json\/wp\/v2\/categories?post=130904"},{"taxonomy":"post_tag","embeddable":true,"href":"https:\/\/www.europesays.com\/fi\/wp-json\/wp\/v2\/tags?post=130904"}],"curies":[{"name":"wp","href":"https:\/\/api.w.org\/{rel}","templated":true}]}}