{"id":130906,"date":"2026-01-01T17:53:10","date_gmt":"2026-01-01T17:53:10","guid":{"rendered":"https:\/\/www.europesays.com\/fi\/130906\/"},"modified":"2026-01-01T17:53:10","modified_gmt":"2026-01-01T17:53:10","slug":"wintersun-uusi-albumi-2026-kaaoszine","status":"publish","type":"post","link":"https:\/\/www.europesays.com\/fi\/130906\/","title":{"rendered":"Wintersun uusi albumi 2026 &#8211; KaaosZine"},"content":{"rendered":"<p><strong>Wintersun<\/strong>-yhtyeen keulakuva <a href=\"https:\/\/kaaoszine.fi\/olin-aivan-kauhuissani-kun-kuulin-ensimmaisen-kerran-huutolaulua-wintersunin-jari-maenpaa-paljastaa-tarinansa-metallilaulajana\/\" rel=\"nofollow noopener\" target=\"_blank\">Jari M\u00e4enp\u00e4\u00e4<\/a> on jakanut fanien iloksi <a href=\"https:\/\/www.facebook.com\/share\/v\/1AeyNSVGET\/\" rel=\"nofollow noopener\" target=\"_blank\">kattavan tilannep\u00e4ivityksen<\/a> yhtyeen tulevasta albumista uudenvuoden toivotusten yhteydess\u00e4. Vaikka vuosi 2025 oli M\u00e4enp\u00e4\u00e4n mukaan haastava \u201dTime II\u201d -albumin menestyksekk\u00e4\u00e4n julkaisuvuoden j\u00e4lkeen, on uuden levyn parissa saatu aikaan merkitt\u00e4v\u00e4\u00e4 edistyst\u00e4.<\/p>\n<p>M\u00e4enp\u00e4\u00e4n mukaan uusi <strong>Wintersun<\/strong>-albumi on t\u00e4ll\u00e4 hetkell\u00e4 noin 85\u201390-prosenttisesti valmis. Edellisest\u00e4 80 prosentin p\u00e4ivityksest\u00e4 edistys on ollut maltillisempaa, mutta syy on positiivinen: albumille on lis\u00e4tty per\u00e4ti 15 minuuttia uutta musiikkia. Tulevasta levyst\u00e4 onkin tulossa yli tunnin mittainen kokonaisuus ja samalla <strong>Wintersunin<\/strong> uran pisin albumi.<\/p>\n<p>Albumin intro-osio on M\u00e4enp\u00e4\u00e4n mukaan valmis ja lopputulos kuulostaa erinomaiselta. Erityist\u00e4 huomiota on kiinnitetty orkestrointeihin, joita on hiottu aiempaa huolellisemmin. L\u00e4hes kaikki orkesteriosuudet ovat valmiina, lukuun ottamatta kahden kappaleen finaaleja. My\u00f6s lauluosuudet ovat viimeistely\u00e4 vaille valmiit \u2013 j\u00e4ljell\u00e4 on en\u00e4\u00e4 joitakin puhtaita lauluraitoja, korkeita huutoja sek\u00e4 taustalauluja.<\/p>\n<p>Artikkeli jatkuu mainoksen j\u00e4lkeen<a class=\"gofollow\" data-track=\"MjgxNiw0MCwxLDYw\" href=\"https:\/\/www.nummirock.fi\/\" rel=\"nofollow noopener\" target=\"_blank\"><img decoding=\"async\" src=\"https:\/\/www.europesays.com\/fi\/wp-content\/uploads\/2025\/12\/nummirock-2026-980x400-1.jpg\"\/><\/a>Mainos p\u00e4\u00e4ttyy<\/p>\n<p>Seuraavaksi ty\u00f6n alle siirtyy kitarasoundi. M\u00e4enp\u00e4\u00e4 kertoo aloittavansa analogisten kitaravahvistimiensa digitaalisen taltioinnin, sill\u00e4 h\u00e4n kokee uuden albumin vaativan klassista Mesa Boogie Triaxis -soundia. Pluginien ei h\u00e4nen mukaansa viel\u00e4k\u00e4\u00e4n koeta p\u00e4ihitt\u00e4v\u00e4n aitoa rautaa.<\/p>\n<p>My\u00f6s miksaus- ja masterointipuolella on saavutettu merkitt\u00e4vi\u00e4 l\u00e4pimurtoja. M\u00e4enp\u00e4\u00e4 kuvailee uuden albumin kuulostavan jo nyt paremmalta kuin mik\u00e4\u00e4n aiempi <strong>Wintersun<\/strong>-julkaisu, ja viimeistelyss\u00e4 tarvitaan en\u00e4\u00e4 hienos\u00e4\u00e4t\u00f6\u00e4.<\/p>\n<p>Lis\u00e4ksi M\u00e4enp\u00e4\u00e4 vihjaa ty\u00f6st\u00e4v\u00e4ns\u00e4 albumin yhteyteen my\u00f6s lis\u00e4materiaaleja tulevaa \u201disompaa pakettia\u201d varten, joista luvataan kertoa lis\u00e4\u00e4 my\u00f6hemmin. H\u00e4n kiitt\u00e4\u00e4 lopuksi faneja tuesta vuoden 2025 aikana ja toivottaa kaikille hyv\u00e4\u00e4 uutta vuotta 2026 Wintersunin puolesta.<\/p>\n<p>Artikkeli jatkuu mainoksen j\u00e4lkeen<a class=\"gofollow\" data-track=\"MjgxNCw0MSwxLDYw\" href=\"https:\/\/hellsinkimetalfestival.fi\/\" rel=\"nofollow noopener\" target=\"_blank\"><img decoding=\"async\" src=\"https:\/\/www.europesays.com\/fi\/wp-content\/uploads\/2025\/12\/hellsinki-osa-2-980x400-1.jpg\"\/><\/a>Mainos p\u00e4\u00e4ttyy<\/p>\n<p>Uuden albumin julkaisuaikataulusta ei viel\u00e4 kerrottu tarkempaa ajankohtaa, mutta edistysaskeleiden perusteella Wintersunin seuraavaa t\u00e4yspitk\u00e4\u00e4 kuullaan todenn\u00e4k\u00f6isesti vuoden 2026 aikana.<\/p>\n<p>Aiheeseen liittyv\u00e4t videot:<\/p>\n","protected":false},"excerpt":{"rendered":"Wintersun-yhtyeen keulakuva Jari M\u00e4enp\u00e4\u00e4 on jakanut fanien iloksi kattavan tilannep\u00e4ivityksen yhtyeen tulevasta albumista uudenvuoden toivotusten yhteydess\u00e4. Vaikka vuosi&hellip;\n","protected":false},"author":2,"featured_media":130907,"comment_status":"","ping_status":"","sticky":false,"template":"","format":"standard","meta":{"footnotes":""},"categories":[132],"tags":[137,33,31,30,195,47,32,109,23187],"class_list":{"0":"post-130906","1":"post","2":"type-post","3":"status-publish","4":"format-standard","5":"has-post-thumbnail","7":"category-musiikki","8":"tag-entertainment","9":"tag-fi","10":"tag-finland","11":"tag-finnish","12":"tag-music","13":"tag-musiikki","14":"tag-suomi","15":"tag-viihde","16":"tag-wintersun"},"share_on_mastodon":{"url":"https:\/\/pubeurope.com\/@fi\/115821124325707589","error":""},"_links":{"self":[{"href":"https:\/\/www.europesays.com\/fi\/wp-json\/wp\/v2\/posts\/130906","targetHints":{"allow":["GET"]}}],"collection":[{"href":"https:\/\/www.europesays.com\/fi\/wp-json\/wp\/v2\/posts"}],"about":[{"href":"https:\/\/www.europesays.com\/fi\/wp-json\/wp\/v2\/types\/post"}],"author":[{"embeddable":true,"href":"https:\/\/www.europesays.com\/fi\/wp-json\/wp\/v2\/users\/2"}],"replies":[{"embeddable":true,"href":"https:\/\/www.europesays.com\/fi\/wp-json\/wp\/v2\/comments?post=130906"}],"version-history":[{"count":0,"href":"https:\/\/www.europesays.com\/fi\/wp-json\/wp\/v2\/posts\/130906\/revisions"}],"wp:featuredmedia":[{"embeddable":true,"href":"https:\/\/www.europesays.com\/fi\/wp-json\/wp\/v2\/media\/130907"}],"wp:attachment":[{"href":"https:\/\/www.europesays.com\/fi\/wp-json\/wp\/v2\/media?parent=130906"}],"wp:term":[{"taxonomy":"category","embeddable":true,"href":"https:\/\/www.europesays.com\/fi\/wp-json\/wp\/v2\/categories?post=130906"},{"taxonomy":"post_tag","embeddable":true,"href":"https:\/\/www.europesays.com\/fi\/wp-json\/wp\/v2\/tags?post=130906"}],"curies":[{"name":"wp","href":"https:\/\/api.w.org\/{rel}","templated":true}]}}