{"id":130912,"date":"2026-01-01T17:56:10","date_gmt":"2026-01-01T17:56:10","guid":{"rendered":"https:\/\/www.europesays.com\/fi\/130912\/"},"modified":"2026-01-01T17:56:10","modified_gmt":"2026-01-01T17:56:10","slug":"jasmi-joensuu-hypahti-tour-de-skilla-neljanneksi-urheilu","status":"publish","type":"post","link":"https:\/\/www.europesays.com\/fi\/130912\/","title":{"rendered":"Jasmi Joensuu hyp\u00e4hti Tour de Skill\u00e4 nelj\u00e4nneksi | Urheilu"},"content":{"rendered":"<p>Jasmi Joensuu ylsi Tour de Ski -maastohiihtokiertueen nelj\u00e4nnell\u00e4 etapilla uransa parhaaseen sijoitukseen maailmancupin normaalimatkoilla. Joensuu sijoittui uudenvuodenp\u00e4iv\u00e4n\u00e4 20 kilometrin perinteisen hiihtotavan takaa-ajossa nelj\u00e4nneksi, ja h\u00e4n jatkaa kiertueen kokonaiskilpailua samalta sijalta.<\/p>\n<p>Johanna Matintalo nousi takaa-ajossa kuudenneksi ja Kerttu Niskanen seitsem\u00e4nneksi. Tasainen suomalaiskolmikko on kokonaiskilpailussa alle kahden minuutin p\u00e4\u00e4ss\u00e4 kiertuetta johtavasta Yhdysvaltain Jessie Digginsist\u00e4. Ruotsin Moa Ilar ja It\u00e4vallan Teresa Stadlober ovat toisena ja kolmantena vain parinkymmenen sekunnin p\u00e4\u00e4ss\u00e4 suomalaisista.<\/p>\n<p>Joensuun nelossija oli h\u00e4nelle my\u00f6s kauden paras maailmancupissa.<\/p>\n<p>\u2013\u2009Tosi helpottunut olo. Olen treenannut hyvin ja odottanut, koska tulee t\u00e4llainen hiihto, Joensuu tiivisti tunnelmansa Viaplayn tv-haastattelussa.<\/p>\n<p>\u2013\u2009Oli minulle t\u00e4ydellinen keli ja suksi, mutta kolmella viimeisell\u00e4 kierroksella (4 km) meno oli aika rajua.<\/p>\n<p>Joensuun nousi kiertueen kokonaiskilpailussa viisi sijaa. Mieliala kirkastui viel\u00e4 reilummin, sill\u00e4 h\u00e4n oli j\u00e4\u00e4nyt edellisp\u00e4iv\u00e4n er\u00e4kilpailussa sijalle 40.<\/p>\n<p>\u2013\u2009Sen j\u00e4lkeen s\u00e4tin itse\u00e4ni aika paljon, Joensuu paljasti.<\/p>\n<p>Tour de Ski jatkuu Val di Fiemmess\u00e4 perinteisen sprintill\u00e4 lauantaina, ja kiertue huipentuu Alpe Cermisin loppunousuun sunnuntaina.<\/p>\n<p>\u2013\u2009Paras matka viel\u00e4 tulossa, mutta nyt t\u00e4ytyy palautua, Joensuu viittasi olympiaradalla hiihdett\u00e4v\u00e4\u00e4n sprinttikilpailuun.<\/p>\n<p>\t\t\t\tSeuraavaksi olympiaradalle<\/p>\n<p>My\u00f6s Matintalo odottaa innolla sprintti\u00e4, joka hiihdet\u00e4\u00e4n Milano-Cortinan olympiaradalla.<\/p>\n<p>\u2013\u2009Kiva p\u00e4\u00e4st\u00e4 korkkaamaan olympialadut. Minua kiinnostaa nyt tulosta enemm\u00e4n mahdollisuus n\u00e4hd\u00e4, milt\u00e4 se latu n\u00e4ytt\u00e4\u00e4 liven\u00e4, Matintalo kertoi.<\/p>\n<p>Matintalo sivusi takaa-ajossa kauden parasta maailmancupin sijoitustaan. H\u00e4n tunsi silti, ettei saanut itsest\u00e4\u00e4n kaikkea irti. Suomalaiset j\u00e4tt\u00e4ytyiv\u00e4t letkassaan Ebba Anderssonin peesiin, mutta ruotsalaisen suksissa ei ollut riitt\u00e4v\u00e4\u00e4 luistoa laskuosuuksille.<\/p>\n<p>\u2013\u2009Tyydyimme siihen, ett\u00e4 hiihdettiin porukassa, ja siihen kisa varmaan menikin. Hiihdossa oli kuitenkin sill\u00e4 tavalla hyvi\u00e4 merkkej\u00e4, ett\u00e4 se tuntui helpolta, Matintalo tarkensi.<\/p>\n<p>My\u00f6s Niskanen harmitteli sit\u00e4, etteiv\u00e4t suomalaiset ryhtyneet vauhdittamaan kilpailua laskuosuuksilla.<\/p>\n<p>\u2013\u2009Ebballa oli menohaluja yl\u00e4m\u00e4kiin, mutta tulimme alam\u00e4keen turhan laiskasti, Niskanen vahvisti.<\/p>\n<p>Niskanen vihjaisi samalla, ettei h\u00e4n v\u00e4ltt\u00e4m\u00e4tt\u00e4 hiihd\u00e4 kiertuetta loppuun, kun tarjolla on en\u00e4\u00e4 sprintti ja loppunousu.<\/p>\n<p>\u2013\u2009En osaa sanoa, Niskanen vastasi Viaplayn l\u00e4hetyksess\u00e4 kysymykseen jatkosta.<\/p>\n<p>\t\t\t\tP\u00e4rm\u00e4koski luovutti<\/p>\n<p>Vilma Nissinen jatkaa kiertuetta sijalta 22, takaa-ajossa kertaalleen lumeen tupsahtanut Vilma Ryytty sijalta 27 ja hengitysongelmista k\u00e4rsiv\u00e4 Jasmin K\u00e4h\u00e4r\u00e4 sijalta 37.<\/p>\n<p>Krista P\u00e4rm\u00e4koski valahti takaa-ajossa sijalle 46 ja p\u00e4\u00e4tti keskeytt\u00e4\u00e4 kiertueen.<\/p>\n<p>\u2013\u2009Oli vaikeata, enk\u00e4 pit\u00e4nyt en\u00e4\u00e4 kahden kiekan j\u00e4lkeen kiirett\u00e4. L\u00e4hden kotiin, koronasta toipuva P\u00e4rm\u00e4koski ilmoitti.<\/p>\n<p>Milano-Cortinan talviolympialaiset j\u00e4rjestet\u00e4\u00e4n 6.\u201322. helmikuuta.<\/p>\n","protected":false},"excerpt":{"rendered":"Jasmi Joensuu ylsi Tour de Ski -maastohiihtokiertueen nelj\u00e4nnell\u00e4 etapilla uransa parhaaseen sijoitukseen maailmancupin normaalimatkoilla. Joensuu sijoittui uudenvuodenp\u00e4iv\u00e4n\u00e4 20&hellip;\n","protected":false},"author":2,"featured_media":130913,"comment_status":"","ping_status":"","sticky":false,"template":"","format":"standard","meta":{"footnotes":""},"categories":[158],"tags":[33,31,30,2096,13139,12224,41,3570,2668,159,32,1145,160],"class_list":{"0":"post-130912","1":"post","2":"type-post","3":"status-publish","4":"format-standard","5":"has-post-thumbnail","7":"category-urheilu","8":"tag-fi","9":"tag-finland","10":"tag-finnish","11":"tag-hiihtolajit","12":"tag-johanna-matintalo","13":"tag-kerttu-niskanen","14":"tag-liikunta-ja-urheilu","15":"tag-milano","16":"tag-pohjoismaiset-hiihtolajit","17":"tag-sports","18":"tag-suomi","19":"tag-talviurheilu","20":"tag-urheilu"},"share_on_mastodon":{"url":"https:\/\/pubeurope.com\/@fi\/115821136199330949","error":""},"_links":{"self":[{"href":"https:\/\/www.europesays.com\/fi\/wp-json\/wp\/v2\/posts\/130912","targetHints":{"allow":["GET"]}}],"collection":[{"href":"https:\/\/www.europesays.com\/fi\/wp-json\/wp\/v2\/posts"}],"about":[{"href":"https:\/\/www.europesays.com\/fi\/wp-json\/wp\/v2\/types\/post"}],"author":[{"embeddable":true,"href":"https:\/\/www.europesays.com\/fi\/wp-json\/wp\/v2\/users\/2"}],"replies":[{"embeddable":true,"href":"https:\/\/www.europesays.com\/fi\/wp-json\/wp\/v2\/comments?post=130912"}],"version-history":[{"count":0,"href":"https:\/\/www.europesays.com\/fi\/wp-json\/wp\/v2\/posts\/130912\/revisions"}],"wp:featuredmedia":[{"embeddable":true,"href":"https:\/\/www.europesays.com\/fi\/wp-json\/wp\/v2\/media\/130913"}],"wp:attachment":[{"href":"https:\/\/www.europesays.com\/fi\/wp-json\/wp\/v2\/media?parent=130912"}],"wp:term":[{"taxonomy":"category","embeddable":true,"href":"https:\/\/www.europesays.com\/fi\/wp-json\/wp\/v2\/categories?post=130912"},{"taxonomy":"post_tag","embeddable":true,"href":"https:\/\/www.europesays.com\/fi\/wp-json\/wp\/v2\/tags?post=130912"}],"curies":[{"name":"wp","href":"https:\/\/api.w.org\/{rel}","templated":true}]}}