{"id":130914,"date":"2026-01-01T17:57:09","date_gmt":"2026-01-01T17:57:09","guid":{"rendered":"https:\/\/www.europesays.com\/fi\/130914\/"},"modified":"2026-01-01T17:57:09","modified_gmt":"2026-01-01T17:57:09","slug":"tekisi-mieli-vieda-kaulaliina-erika-vikmanin-esiintymisasu-puhuttaa","status":"publish","type":"post","link":"https:\/\/www.europesays.com\/fi\/130914\/","title":{"rendered":"&#8221;Tekisi mieli vied\u00e4 kaulaliina&#8221; \u2013 Erika Vikmanin esiintymisasu puhuttaa"},"content":{"rendered":"<p>Uudenvuodenaattona 31.12.2025 j\u00e4rjestettiin Helsingin Kansalaistorilla perinteinen uudenvuodenjuhla, jossa esiintyiv\u00e4t suomalais-kreikkalainen r\u00e4pp\u00e4ri\u00a0<strong>Ares<\/strong>, tuorein Euroviisuedustajamme\u00a0<strong>Erika Vikman<\/strong>\u00a0sek\u00e4 Pohjanmaalta kotoisin oleva suomenruotsalainen sensaatio\u00a0<strong>Kaj<\/strong>, joka edusti t\u00e4n\u00e4 vuonna Ruotsia Euroviisuissa.<\/p>\n<p>Kire\u00e4st\u00e4 pakkasesta huolimatta juhlijoita saapui paikalle tuttuun tapaan kymmeni\u00e4 tuhansia.<\/p>\n<p>Lue my\u00f6s: <a href=\"https:\/\/www.voice.fi\/ilmiot\/a-235881\" title=\"Erika Vikman julkaisi Instagramissa ajatuksia her\u00e4tt\u00e4v\u00e4n postauksen \u2013 asetettiin 18 vuoden alaik\u00e4raja\" class=\"underline-custom !font-montserrat !font-bold !underline-offset-4 !decoration-4 !decoration-tilt-light !text-md\" rel=\"nofollow noopener\" target=\"_blank\">Erika Vikman julkaisi Instagramissa ajatuksia her\u00e4tt\u00e4v\u00e4n postauksen \u2013 asetettiin 18 vuoden alaik\u00e4raja<\/a><\/p>\n<p>Lue my\u00f6s: <a href=\"https:\/\/www.voice.fi\/muoti-ja-kauneus\/a-205428\" title=\"Erika Vikmanilta yhteisty\u00f6mallisto suomalaismerkin kanssa \u2013 katso, milt\u00e4 se n\u00e4ytt\u00e4\u00e4\" class=\"underline-custom !font-montserrat !font-bold !underline-offset-4 !decoration-4 !decoration-tilt-light !text-md\" rel=\"nofollow noopener\" target=\"_blank\">Erika Vikmanilta yhteisty\u00f6mallisto suomalaismerkin kanssa \u2013 katso, milt\u00e4 se n\u00e4ytt\u00e4\u00e4<\/a><\/p>\n<p>Pipomeren villinnyt Erika Vikman oli pukeutunut ihonmy\u00f6t\u00e4iseen keltaiseen haalariin ja valkoiseen hattuun, ja esitti kylm\u00e4st\u00e4 ilmasta huolimatta energisen show\u2019n.<\/p>\n<p>Jotkut katsojat olivat kuitenkin huolissaan h\u00e4nen kylm\u00e4nkest\u00e4vyydest\u00e4\u00e4n.<\/p>\n<p>Sosiaalisessa mediassa asiaa on kommentoitu useammallakin alustalla.<\/p>\n<p>Lue my\u00f6s: <a href=\"https:\/\/www.voice.fi\/musiikki\/a-190719\" title=\"Kolumni: UMK:n ruma j\u00e4lkipyykki paljastaa, mist\u00e4 Cicciolina-fanituksessa todella oli kyse\" class=\"underline-custom !font-montserrat !font-bold !underline-offset-4 !decoration-4 !decoration-tilt-light !text-md\" rel=\"nofollow noopener\" target=\"_blank\">Kolumni: UMK:n ruma j\u00e4lkipyykki paljastaa, mist\u00e4 Cicciolina-fanituksessa todella oli kyse<\/a><\/p>\n<p>Lue my\u00f6s: <a href=\"https:\/\/www.voice.fi\/viihde\/huomiota-haettu-erika-vikmanin-ja-erna-huskon-suukottelu-linnan-juhlien-jatkoilla-sai-somen-ryopsahtamaan\" title=\"\u201dHuomiota haettu\u201d \u2013 Erika Vikmanin  ja Erna Huskon suukottelu Linnan juhlien jatkoilla sai somen ry\u00f6ps\u00e4ht\u00e4m\u00e4\u00e4n\" class=\"underline-custom !font-montserrat !font-bold !underline-offset-4 !decoration-4 !decoration-tilt-light !text-md\" rel=\"nofollow noopener\" target=\"_blank\">\u201dHuomiota haettu\u201d \u2013 Erika Vikmanin  ja Erna Huskon suukottelu Linnan juhlien jatkoilla sai somen ry\u00f6ps\u00e4ht\u00e4m\u00e4\u00e4n<\/a><\/p>\n<p>\u2013 Hyrr. M\u00e4 katoin telkkarista, hienot ruoskat kansalle. Samalla mietin, et onkohan lavalla l\u00e4mmittimet tai jotain, hitto keuhkokuume kohta koko k\u00f6\u00f6rill\u00e4?!<\/p>\n<p>\u2013 Oli upea keikka ja oli ilo olla paikalla. Ja vitsit, mietin kans sit\u00e4 et miten tarkenitte.<\/p>\n<p>\u2013 Eik\u00f6 Erikalla ole kylm\u00e4? Kaula paljaana ja -14 astetta.<\/p>\n<p>\u2013 Tekisi mieli vied\u00e4 Erikalle kaulahuivi.<\/p>\n<p>Asu ker\u00e4\u00e4 my\u00f6s kehuja:<\/p>\n<p>\u2013 Upea Erika! T\u00e4ll\u00e4 kertaa asu oli napakymppi! Haalari &amp; lakki, hienot valinnat! Ei tarvitse paljastaa rintoja eik\u00e4 esiinty\u00e4 v\u00e4hiss\u00e4 vaatteissa kun on noin t\u00e4ydellinen vartalo, siev\u00e4t kasvot ja pett\u00e4m\u00e4t\u00f6n laulutaito!\u00a0<\/p>\n<p>\u2013 Olipa hieno konsertti ja upea keltainen nahkahaalari.<\/p>\n<p>\u2013 Aivan mahtava asu taas ja kova veto. Hyv\u00e4 Erika.<\/p>\n<p>\u2013 Olit\u00a0kyll\u00e4 upea tossa keltaisessa asussa ja hattu! T\u00e4ys 10!<\/p>\n<p>\u2013 Jumalatar Erika. Heti tuli mieleen Kill Billin keltainen asu, kunnon nahkainen boss lady.<\/p>\n<p>\u2013 Upea. <strong>Britney Spearsin<\/strong> punainen asu j\u00e4\u00e4 toiseksi!<\/p>\n<p>\u2013 T\u00e4yden kympin asu. Upea mimmi oot.<\/p>\n<p>\u2013 En kest\u00e4 ihana asu!\u00a0<\/p>\n<p>\u2013 Todella upea asu ja ihana v\u00e4ri.<\/p>\n<p>\u2013 T\u00e4m\u00e4 look on ikoninen!<\/p>\n","protected":false},"excerpt":{"rendered":"Uudenvuodenaattona 31.12.2025 j\u00e4rjestettiin Helsingin Kansalaistorilla perinteinen uudenvuodenjuhla, jossa esiintyiv\u00e4t suomalais-kreikkalainen r\u00e4pp\u00e4ri\u00a0Ares, tuorein Euroviisuedustajamme\u00a0Erika Vikman\u00a0sek\u00e4 Pohjanmaalta kotoisin oleva suomenruotsalainen&hellip;\n","protected":false},"author":2,"featured_media":130915,"comment_status":"","ping_status":"","sticky":false,"template":"","format":"standard","meta":{"footnotes":""},"categories":[130],"tags":[137,11144,16910,33,31,30,32,109],"class_list":{"0":"post-130914","1":"post","2":"type-post","3":"status-publish","4":"format-standard","5":"has-post-thumbnail","7":"category-viihde","8":"tag-entertainment","9":"tag-erika-vikman","10":"tag-esiintymisasu","11":"tag-fi","12":"tag-finland","13":"tag-finnish","14":"tag-suomi","15":"tag-viihde"},"share_on_mastodon":{"url":"https:\/\/pubeurope.com\/@fi\/115821139856650553","error":""},"_links":{"self":[{"href":"https:\/\/www.europesays.com\/fi\/wp-json\/wp\/v2\/posts\/130914","targetHints":{"allow":["GET"]}}],"collection":[{"href":"https:\/\/www.europesays.com\/fi\/wp-json\/wp\/v2\/posts"}],"about":[{"href":"https:\/\/www.europesays.com\/fi\/wp-json\/wp\/v2\/types\/post"}],"author":[{"embeddable":true,"href":"https:\/\/www.europesays.com\/fi\/wp-json\/wp\/v2\/users\/2"}],"replies":[{"embeddable":true,"href":"https:\/\/www.europesays.com\/fi\/wp-json\/wp\/v2\/comments?post=130914"}],"version-history":[{"count":0,"href":"https:\/\/www.europesays.com\/fi\/wp-json\/wp\/v2\/posts\/130914\/revisions"}],"wp:featuredmedia":[{"embeddable":true,"href":"https:\/\/www.europesays.com\/fi\/wp-json\/wp\/v2\/media\/130915"}],"wp:attachment":[{"href":"https:\/\/www.europesays.com\/fi\/wp-json\/wp\/v2\/media?parent=130914"}],"wp:term":[{"taxonomy":"category","embeddable":true,"href":"https:\/\/www.europesays.com\/fi\/wp-json\/wp\/v2\/categories?post=130914"},{"taxonomy":"post_tag","embeddable":true,"href":"https:\/\/www.europesays.com\/fi\/wp-json\/wp\/v2\/tags?post=130914"}],"curies":[{"name":"wp","href":"https:\/\/api.w.org\/{rel}","templated":true}]}}