{"id":130922,"date":"2026-01-01T18:03:08","date_gmt":"2026-01-01T18:03:08","guid":{"rendered":"https:\/\/www.europesays.com\/fi\/130922\/"},"modified":"2026-01-01T18:03:08","modified_gmt":"2026-01-01T18:03:08","slug":"hakkanen-historia-toistaa-nyt-itseaan-vaarallisella-tavalla","status":"publish","type":"post","link":"https:\/\/www.europesays.com\/fi\/130922\/","title":{"rendered":"H\u00e4kk\u00e4nen: Historia toistaa nyt itse\u00e4\u00e4n vaarallisella tavalla"},"content":{"rendered":"<p>Puolustus\u00adpolitiikka|Puolustusministeri Antti H\u00e4kk\u00e4nen vihjasi, ett\u00e4 Ukrainan rauhanehdot saattavat vaikuttaa hyvin ik\u00e4v\u00e4sti Suomen turvallisuuteen.<\/p>\n<p>Lue tiivistelm\u00e4<\/p>\n<p class=\"article-body mb-nof-24 px-nof-16 sndp-summary-bullet-point-font\">Puolustusministeri Antti H\u00e4kk\u00e4nen varoittaa, ett\u00e4 Ukrainan mahdollinen rauhansopimus vaikuttaa Suomen turvallisuuteen.<\/p>\n<p class=\"article-body mb-nof-24 px-nof-16 sndp-summary-bullet-point-font\">H\u00e4kk\u00e4nen muistutti torstaina uudenvuoden vastaanotollaan, ett\u00e4 toisen maailmansodan tulos m\u00e4\u00e4ritti Suomen turvallisuutta vuosikymmeni\u00e4.<\/p>\n<p class=\"article-body mb-nof-24 px-nof-16 sndp-summary-bullet-point-font\">H\u00e4kk\u00e4sen mukaan historia toistaa itse\u00e4\u00e4n vaarallisella tavalla nyt, kun Ven\u00e4j\u00e4, Kiina, Pohjois-Korea ja Iran muodostavat tiivistyv\u00e4ll\u00e4 yhteisty\u00f6ll\u00e4\u00e4n vakavan haasteen turvallisuudelle.<\/p>\n<p class=\"article-body mb-nof-24 px-nof-16\">Puolustusministeri <a class=\"font-bold underline-offset-[0.12em] [text-decoration:var(--person-link-text-decoration)] ![text-decoration-color:var(--person-link-text-decoration-color)]\" href=\"https:\/\/www.hs.fi\/haku\/?query=Antti%20H%C3%A4kk%C3%A4nen\" rel=\"nofollow noopener\" target=\"_blank\">Antti H\u00e4kk\u00e4nen<\/a> (kok) varoitti torstaina puolustusministerin uudenvuoden vastaanotolla siit\u00e4, ett\u00e4 Ukrainan mahdollinen rauhansopimus voi vaikuttaa pitk\u00e4n aikaa my\u00f6s Suomen turvallisuuteen.<\/p>\n<p class=\"article-body mb-nof-24 px-nof-16\">\u201dTeemme lujasti t\u00f6it\u00e4 rauhan saamiseksi Ukrainaan. Rauhan rakentamisessa pit\u00e4\u00e4 kuitenkin olla tarkkana. Rauhanehdot m\u00e4\u00e4ritt\u00e4v\u00e4t Suomen ja muun Euroopan turvallisuuden pilareita vuosikymmeniksi\u201d, H\u00e4kk\u00e4nen sanoi vastaanotolla pit\u00e4m\u00e4ss\u00e4\u00e4n puheessa.<\/p>\n<p class=\"article-body mb-nof-24 px-nof-16\">H\u00e4kk\u00e4nen viittasi diplomaattisesti siihen, ett\u00e4 jos presidentti <a class=\"font-bold underline-offset-[0.12em] [text-decoration:var(--person-link-text-decoration)] ![text-decoration-color:var(--person-link-text-decoration-color)]\" href=\"https:\/\/www.hs.fi\/haku\/?query=Vladimir%20Putin\" rel=\"nofollow noopener\" target=\"_blank\">Vladimir Putin<\/a> ja Ven\u00e4j\u00e4 kokevat voittavansa Ukrainan rauhanteossa, Putin saa rohkeutta jatkaa aggressiivista sotapolitiikkaansa naapurimaita kohtaan. Silloin kohteena voi olla my\u00f6s Suomi.<\/p>\n<p class=\"article-body mb-nof-24 px-nof-16\">Toisaalta jos ven\u00e4l\u00e4iset kokevat h\u00e4vinneens\u00e4, kynnys aloittaa uusia aggressioita nousee. T\u00e4m\u00e4 on ollut yksi syy siihen, miksi Suomi tukee Ukrainan puolustustaistelua niin vahvasti.<\/p>\n<p class=\"article-body mb-nof-24 px-nof-16\">Puolustusministeri muistutti siit\u00e4, miten toisen maailmansodan seurauksena Suomen ja Euroopan turvallisuusasema m\u00e4\u00e4riteltiin vuosikymmeniksi eteenp\u00e4in.<\/p>\n<p class=\"article-body mb-nof-24 px-nof-16\">Suomi j\u00e4i tuolloin yksin voimiensa tunnossa olleen Neuvostoliiton kainaloon. Suomi p\u00e4\u00e4si pyristelem\u00e4\u00e4n irti vasta Neuvostoliiton hajottua ja Suomen liitytty\u00e4 Euroopan unioniin ja sotilasliitto Natoon.<\/p>\n<p class=\"article-body mb-nof-24 px-nof-16\">\u201dNyt kahdeksan vuosikymment\u00e4 my\u00f6hemmin n\u00e4emme maailmanpolitiikan murroksen ja turvallisuusymp\u00e4rist\u00f6mme vakavan heikentymisen. Ven\u00e4j\u00e4, Kiina, Pohjois-Korea ja Iran muodostavat tiivistyv\u00e4ll\u00e4 yhteisty\u00f6ll\u00e4\u00e4n yh\u00e4 vakavamman haasteen turvallisuudelle\u201d, H\u00e4kk\u00e4nen sanoi.<\/p>\n<p class=\"article-body mb-nof-24 px-nof-16\">\u201dHistoria siis toistaa itse\u00e4\u00e4n vaarallisella tavalla.\u201d<\/p>\n<p class=\"article-body mb-nof-24 px-nof-16\">H\u00e4kk\u00e4nen sanoi, ett\u00e4 puolustuksen merkitys on noussut keski\u00f6\u00f6n, koska voima on korvannut kansainv\u00e4lisiss\u00e4 suhteissa diplomatian ja yhteiset pelis\u00e4\u00e4nn\u00f6t.<\/p>\n<p><img decoding=\"async\" src=\"https:\/\/www.europesays.com\/fi\/wp-content\/uploads\/2026\/01\/1767290588_194_468.jpg\" alt=\"Antti H\u00e4kk\u00e4nen antoi haastatteluja ennen puolustusministerin uudenvuoden vastaanottoa Helsingin S\u00e4\u00e4tytalossa.\" class=\"_Img_1rerz_1\" style=\"aspect-ratio:1.5\" loading=\"eager\"\/><\/p>\n<p class=\"article-picture-caption\">Antti H\u00e4kk\u00e4nen antoi haastatteluja ennen puolustusministerin uudenvuoden vastaanottoa Helsingin S\u00e4\u00e4tytalossa. Kuva:\u00a0Saara Mansikkam\u00e4ki \/ HS<\/p>\n<p class=\"article-body mb-nof-24 px-nof-16\">H\u00e4kk\u00e4sen puheella oli yhtym\u00e4kohtia tasavallan presidentin <a class=\"font-bold underline-offset-[0.12em] [text-decoration:var(--person-link-text-decoration)] ![text-decoration-color:var(--person-link-text-decoration-color)]\" href=\"https:\/\/www.hs.fi\/haku\/?query=Alexander%20Stubbin\" rel=\"nofollow noopener\" target=\"_blank\">Alexander Stubbin<\/a> aiemmin p\u00e4iv\u00e4ll\u00e4 pit\u00e4m\u00e4n <a class=\"underline underline-offset-[0.12em] [text-decoration-thickness:var(--generic-link-underline-thickness)] [text-decoration-color:var(--generic-link-underline-color)] [text-decoration-skip-ink:var(--generic-link-underline-skip-ink)] break-words\" href=\"https:\/\/www.hs.fi\/politiikka\/art-2000011723877.html\" rel=\"nofollow noopener\" target=\"_blank\">uudenvuodenpuheen<\/a> kanssa.<\/p>\n<p class=\"article-body mb-nof-24 px-nof-16\">Stubb muistutti puheessaan, ett\u00e4 Suomi on tehnyt viime vuoden aikana ty\u00f6t\u00e4 rauhan saavuttamiseksi Ukrainan ja Suomen liittolaisten kanssa. Stubbin mukaan Ukrainassa ollaan nyt l\u00e4hemp\u00e4n\u00e4 rauhaa kuin kertaakaan sodan aikana, mutta silti ei voida olla varmoja, onko Ven\u00e4j\u00e4 valmis rauhaan.<\/p>\n<p class=\"article-body mb-nof-24 px-nof-16\">Stubb varoittikin liiallisesta optimismista. H\u00e4n mainitsi, ett\u00e4 vaikka Ven\u00e4j\u00e4n toiminta on laitonta ja moraalitonta, niin rauha on useimmiten kompromissi.<\/p>\n<p class=\"article-body mb-nof-24 px-nof-16\">\u201dMeid\u00e4n on valmistauduttava siihen, ett\u00e4 kaikki rauhansopimuksen osat eiv\u00e4t todenn\u00e4k\u00f6isesti tule vastaamaan oikeudentajuamme\u201d, Stubb sanoi.<\/p>\n<p class=\"article-body mb-nof-24 px-nof-16\">Stubb on ollut n\u00e4kyv\u00e4sti mukana Ukrainan, sen eurooppalaisten tukijoiden ja Yhdysvaltojen v\u00e4lisiss\u00e4 rauhansopimusta ja tulitaukoa koskevissa keskusteluissa.<\/p>\n<p class=\"article-body mb-nof-24 px-nof-16\">Puheen sanoista voi p\u00e4\u00e4tell\u00e4 Stubbin valmistelevan suomalaisia siihen, ett\u00e4 Ukrainan edess\u00e4 voi olla katkera rauhanteko. Se olisi huono uutinen my\u00f6s Suomelle.<\/p>\n<p class=\"article-body mb-nof-24 px-nof-16\">Stubb vakuutti kuitenkin, ett\u00e4 Suomi jatkaa Ukrainan tukemista ja pit\u00e4\u00e4 liittolaistensa kanssa huolen siit\u00e4, ettei Ven\u00e4j\u00e4 en\u00e4\u00e4 koskaan hy\u00f6kk\u00e4\u00e4 naapurinsa kimppuun.<\/p>\n<p><img decoding=\"async\" src=\"https:\/\/www.europesays.com\/fi\/wp-content\/uploads\/2026\/01\/1767290588_675_468.jpg\" alt=\"Puolustusministerin uudenvuoden vastaanotolla on jo vuosikymmenien perinteet.\" class=\"_Img_1rerz_1\" style=\"aspect-ratio:0.6666666666666666\" loading=\"eager\"\/><\/p>\n<p class=\"article-picture-caption\">Puolustusministerin uudenvuoden vastaanotolla on jo vuosikymmenien perinteet. Kuva:\u00a0Saara Mansikkam\u00e4ki \/ HS<\/p>\n<p><img decoding=\"async\" src=\"https:\/\/www.europesays.com\/fi\/wp-content\/uploads\/2026\/01\/1767290588_299_468.jpg\" alt=\"Kuvassa oikealla oleva opetusministeri Anders Adlercreutz (rkp) saapui vastaanotolle yhdess\u00e4 puolisonsa Ia Adlercreutzin kanssa.\" class=\"_Img_1rerz_1\" style=\"aspect-ratio:1.5\" loading=\"eager\"\/><\/p>\n<p class=\"article-picture-caption\">Kuvassa oikealla oleva opetusministeri Anders Adlercreutz (rkp) saapui vastaanotolle yhdess\u00e4 puolisonsa Ia Adlercreutzin kanssa. Kuva:\u00a0Saara Mansikkam\u00e4ki \/ HS<\/p>\n<p class=\"article-body mb-nof-24 px-nof-16\">Puolustusministerin uudenvuoden vastaanotolla on jo vuosikymmenien perinteet. Tapahtumaan kutsutaan puolustusministeri\u00f6t\u00e4 l\u00e4hell\u00e4 olevien tahojen edustajia.<\/p>\n<p class=\"article-body mb-nof-24 px-nof-16\">Ensimm\u00e4isen kerran vastaanotto j\u00e4rjestettiin vuonna 1947. Vastaanottoja on peruutettu 2000-luvulla muun muassa puolustusvoimauudistukseen liittyneiden s\u00e4\u00e4st\u00f6jen ja koronavirusepidemian vuoksi.<\/p>\n","protected":false},"excerpt":{"rendered":"Puolustus\u00adpolitiikka|Puolustusministeri Antti H\u00e4kk\u00e4nen vihjasi, ett\u00e4 Ukrainan rauhanehdot saattavat vaikuttaa hyvin ik\u00e4v\u00e4sti Suomen turvallisuuteen. Lue tiivistelm\u00e4 Puolustusministeri Antti H\u00e4kk\u00e4nen&hellip;\n","protected":false},"author":2,"featured_media":130923,"comment_status":"","ping_status":"","sticky":false,"template":"","format":"standard","meta":{"footnotes":""},"categories":[5],"tags":[22,23,26,27,33,31,30,17,46,24,25,28,29,15,18,21,32,19,20,16],"class_list":{"0":"post-130922","1":"post","2":"type-post","3":"status-publish","4":"format-standard","5":"has-post-thumbnail","7":"category-otsikot","8":"tag-breaking-news","9":"tag-breakingnews","10":"tag-featured-news","11":"tag-featurednews","12":"tag-fi","13":"tag-finland","14":"tag-finnish","15":"tag-headlines","16":"tag-helsingin-sanomat","17":"tag-latest-news","18":"tag-latestnews","19":"tag-main-news","20":"tag-mainnews","21":"tag-news","22":"tag-otsikot","23":"tag-paauutiset","24":"tag-suomi","25":"tag-top-stories","26":"tag-topstories","27":"tag-uutiset"},"share_on_mastodon":{"url":"https:\/\/pubeurope.com\/@fi\/115821163609391246","error":""},"_links":{"self":[{"href":"https:\/\/www.europesays.com\/fi\/wp-json\/wp\/v2\/posts\/130922","targetHints":{"allow":["GET"]}}],"collection":[{"href":"https:\/\/www.europesays.com\/fi\/wp-json\/wp\/v2\/posts"}],"about":[{"href":"https:\/\/www.europesays.com\/fi\/wp-json\/wp\/v2\/types\/post"}],"author":[{"embeddable":true,"href":"https:\/\/www.europesays.com\/fi\/wp-json\/wp\/v2\/users\/2"}],"replies":[{"embeddable":true,"href":"https:\/\/www.europesays.com\/fi\/wp-json\/wp\/v2\/comments?post=130922"}],"version-history":[{"count":0,"href":"https:\/\/www.europesays.com\/fi\/wp-json\/wp\/v2\/posts\/130922\/revisions"}],"wp:featuredmedia":[{"embeddable":true,"href":"https:\/\/www.europesays.com\/fi\/wp-json\/wp\/v2\/media\/130923"}],"wp:attachment":[{"href":"https:\/\/www.europesays.com\/fi\/wp-json\/wp\/v2\/media?parent=130922"}],"wp:term":[{"taxonomy":"category","embeddable":true,"href":"https:\/\/www.europesays.com\/fi\/wp-json\/wp\/v2\/categories?post=130922"},{"taxonomy":"post_tag","embeddable":true,"href":"https:\/\/www.europesays.com\/fi\/wp-json\/wp\/v2\/tags?post=130922"}],"curies":[{"name":"wp","href":"https:\/\/api.w.org\/{rel}","templated":true}]}}