{"id":130924,"date":"2026-01-01T18:04:07","date_gmt":"2026-01-01T18:04:07","guid":{"rendered":"https:\/\/www.europesays.com\/fi\/130924\/"},"modified":"2026-01-01T18:04:07","modified_gmt":"2026-01-01T18:04:07","slug":"elaimet-tama-veijari-herasi-talvihorroksesta-roykassa-kylla-se-elossa-oli-kun-silmat-olivat-auki-paikalliset","status":"publish","type":"post","link":"https:\/\/www.europesays.com\/fi\/130924\/","title":{"rendered":"El\u00e4imet | T\u00e4m\u00e4 veijari her\u00e4si talvihorroksesta R\u00f6yk\u00e4ss\u00e4: &#8221;Kyll\u00e4 se elossa oli kun silm\u00e4t olivat auki&#8221; | Paikalliset"},"content":{"rendered":"<p>Juttu on julkaistu alun perin 2\/2025. Nurmij\u00e4rven Uutiset julkaisee uudelleen kiinnostavia juttuja kuluvan vuoden varrelta. T\u00e4m\u00e4 juttu on vuoden 2025 luetuin. <\/p>\n<p>Rupikonna on Suomen ainoa konnalaji. Rupikonnan talvihorros alkaa syys-lokakuussa. Ne talvehtivat valtaosin maakoloissa, mutta my\u00f6s vedess\u00e4 talvehtivia rupikonnia tavataan. Toisinaan rupikonnat hakeutuvat my\u00f6s ihmisasutuksen luo ulkorakennuksiin ja kellareihin etsim\u00e4\u00e4n sopivaa talvehtimispaikkaa.<\/p>\n<p>Rupikonnan ruumiinl\u00e4mp\u00f6 voi laskea talvehtiessa l\u00e4helle nollaa ja jopa alle nollan asteen. Sen hengitys on horroksessa eritt\u00e4in v\u00e4h\u00e4ist\u00e4 ja elintoiminnat miltei pys\u00e4htyv\u00e4t talven ajaksi.<\/p>\n<p>Kev\u00e4\u00e4ll\u00e4 konnat l\u00e4htev\u00e4t yleens\u00e4 liikkeelle huhti-toukokuussa, mutta nyt l\u00e4hes enn\u00e4tysm\u00e4isen lauha talvi tekee my\u00f6s konnille tepposia. Esimerkiksi viime keskiviikkona Nurmij\u00e4rven R\u00f6yk\u00e4ss\u00e4 <strong>Kaisu Rinteen <\/strong>kotipihalla yksin\u00e4inen rupikonna ihmetteli helmikuista luontoa. Kello oli 22.<\/p>\n<p>\u2013\u2009Se ei liikkunut. mutta kyll\u00e4 se elossa oli kun sen silm\u00e4t olivat auki. Aamulla se oli poissa, kertoo Kaisu Rinne.<\/p>\n<p>Illalla ei ollut pakkasta.<\/p>\n<p>\u2013\u2009Oli varmaan 0 tai plus 1 astetta. On niit\u00e4 kes\u00e4ll\u00e4 n\u00e4kynyt, mutta ei ikin\u00e4 n\u00e4in talvella. Kyll\u00e4 se voi ilmastonmuutoksesta johtua, pohtii Rinne.<\/p>\n<p>Rinne oli viem\u00e4ss\u00e4 koiria ulos, mutta rupikonna ei liikett\u00e4 pel\u00e4stynyt.<\/p>\n<p>\u2013\u2009Ehk\u00e4 se oli v\u00e4h\u00e4n horroksessa.<\/p>\n","protected":false},"excerpt":{"rendered":"Juttu on julkaistu alun perin 2\/2025. Nurmij\u00e4rven Uutiset julkaisee uudelleen kiinnostavia juttuja kuluvan vuoden varrelta. T\u00e4m\u00e4 juttu on&hellip;\n","protected":false},"author":2,"featured_media":130925,"comment_status":"","ping_status":"","sticky":false,"template":"","format":"standard","meta":{"footnotes":""},"categories":[117],"tags":[404,33,31,30,405,72,476,401,710,118,591,32,119,477,534],"class_list":{"0":"post-130924","1":"post","2":"type-post","3":"status-publish","4":"format-standard","5":"has-post-thumbnail","7":"category-luonto","8":"tag-elaimet","9":"tag-fi","10":"tag-finland","11":"tag-finnish","12":"tag-helsingin-seutukunta","13":"tag-luonto","14":"tag-nature","15":"tag-nurmijarvi","16":"tag-saa","17":"tag-science","18":"tag-selkarankaiset","19":"tag-suomi","20":"tag-tiede","21":"tag-wildlife","22":"tag-ymparisto-ja-luonto"},"share_on_mastodon":{"url":"https:\/\/pubeurope.com\/@fi\/115821167405735583","error":""},"_links":{"self":[{"href":"https:\/\/www.europesays.com\/fi\/wp-json\/wp\/v2\/posts\/130924","targetHints":{"allow":["GET"]}}],"collection":[{"href":"https:\/\/www.europesays.com\/fi\/wp-json\/wp\/v2\/posts"}],"about":[{"href":"https:\/\/www.europesays.com\/fi\/wp-json\/wp\/v2\/types\/post"}],"author":[{"embeddable":true,"href":"https:\/\/www.europesays.com\/fi\/wp-json\/wp\/v2\/users\/2"}],"replies":[{"embeddable":true,"href":"https:\/\/www.europesays.com\/fi\/wp-json\/wp\/v2\/comments?post=130924"}],"version-history":[{"count":0,"href":"https:\/\/www.europesays.com\/fi\/wp-json\/wp\/v2\/posts\/130924\/revisions"}],"wp:featuredmedia":[{"embeddable":true,"href":"https:\/\/www.europesays.com\/fi\/wp-json\/wp\/v2\/media\/130925"}],"wp:attachment":[{"href":"https:\/\/www.europesays.com\/fi\/wp-json\/wp\/v2\/media?parent=130924"}],"wp:term":[{"taxonomy":"category","embeddable":true,"href":"https:\/\/www.europesays.com\/fi\/wp-json\/wp\/v2\/categories?post=130924"},{"taxonomy":"post_tag","embeddable":true,"href":"https:\/\/www.europesays.com\/fi\/wp-json\/wp\/v2\/tags?post=130924"}],"curies":[{"name":"wp","href":"https:\/\/api.w.org\/{rel}","templated":true}]}}