{"id":130926,"date":"2026-01-01T18:15:08","date_gmt":"2026-01-01T18:15:08","guid":{"rendered":"https:\/\/www.europesays.com\/fi\/130926\/"},"modified":"2026-01-01T18:15:08","modified_gmt":"2026-01-01T18:15:08","slug":"petolliset-voittajalta-yllatysvauva-vietti-joulua-ja-kavi-synnyttamassa","status":"publish","type":"post","link":"https:\/\/www.europesays.com\/fi\/130926\/","title":{"rendered":"Petolliset-voittajalta yll\u00e4tysvauva \u2013 vietti joulua ja k\u00e4vi synnytt\u00e4m\u00e4ss\u00e4"},"content":{"rendered":"<p>Saamelainen toimittaja ja e-urheiluvaikuttaja <strong>Miisa Nuorgam<\/strong> kertoo synnytt\u00e4neens\u00e4 jossain joulun ja uudenvuoden v\u00e4liss\u00e4. Vauva on yll\u00e4tys, koska h\u00e4n ei ole kertonut olleensa edes raskaana.<\/p>\n<p>\u2013 T\u00e4\u00e4ll\u00e4 on ollut viime aikoina viel\u00e4 tavallista hiljaisempaa; vietettiin joulua, k\u00e4ytiin v\u00e4liss\u00e4 synnytt\u00e4m\u00e4ss\u00e4 ja sen j\u00e4lkeen onkin l\u00e4hinn\u00e4 ihmetelty uutta perheenj\u00e4sent\u00e4, paljastaa Nuorgam yll\u00e4tt\u00e4en.<\/p>\n<p>Vauva tuntuu olleen yll\u00e4tys my\u00f6s monille Miisan someseuraajille.<\/p>\n<p>\u2013 Whaaat mik\u00e4 yll\u00e4ri, ihmettelee joku.<\/p>\n<p>\u2013 Ihana yll\u00e4tys, paljon onnea koko perheelle, toivottaa er\u00e4s.<\/p>\n<p>\u2013 Ehk\u00e4 vuoden yll\u00e4ri. Onnea! toteaa yksi someseuraajista.<\/p>\n<p>Miisa on julkaissut vauvastaan kuvan, jossa ei n\u00e4y kuitenkaan vauvan kasvoja. Julkaisuun on tullut jo paljon onnitteluita uudesta tulokkaasta. Miisalla on my\u00f6s vuonna 2021 syntynyt lapsi.<\/p>\n<p>Lue my\u00f6s: <a href=\"https:\/\/www.como.fi\/uutiset\/18-uutta-petolliset-julkkista-han-on-yksi-heista\/\" title=\"18 uutta Petolliset-julkkista \u2013 h\u00e4n on yksi heist\u00e4!\" class=\"underline-custom !font-montserrat !font-bold !underline-offset-4 !decoration-4 !decoration-red-600 !text-md\" rel=\"nofollow noopener\" target=\"_blank\">18 uutta Petolliset-julkkista \u2013 h\u00e4n on yksi heist\u00e4!<\/a><\/p>\n<p>N\u00e4et Miisan julkaisun vauvastaan t\u00e4st\u00e4 alta tai <a href=\"https:\/\/www.instagram.com\/p\/DS7VEixDAu0\/?utm_source=ig_web_copy_link&amp;igsh=MzRlODBiNWFlZA==\" target=\"_blank\" rel=\"noreferrer noopener nofollow\">t\u00e4\u00e4lt\u00e4<\/a>.<\/p>\n<p>T\u00e4st\u00e4 kaikesta Miisa tunnetaan<\/p>\n<p>Miisa nousi julkisuuteen osallistumalla <strong>Hjallis Harkimon<\/strong> Diili-ohjelmaan tuotantokaudella 2018. H\u00e4n alkoi juontaa saman vuoden hein\u00e4kuussa YouTubessa julkaistavaa peliteemaista META-ajankohtaisohjelmaa yhdess\u00e4 <strong>Lauri Happosen<\/strong> kanssa.<\/p>\n<p>Miisa on esiintynyt monissa muissakin tv-ohjelmissa. H\u00e4n oli mukana muun muassa syksyll\u00e4 2024 esitetyss\u00e4 Petolliset-ohjelmassa. H\u00e4n voitti ohjelman yhdess\u00e4 kahden muun uskollisen kanssa. He olivat kansanedustaja <strong>Fatim Diarra<\/strong> ja artisti <strong>Ramses II<\/strong>, joiden kanssa h\u00e4n jakoi 20 000 euron voittopotin.<\/p>\n<p>\u2013 Min\u00e4 voitin!!! \u00a0Ekasta kaudesta poiketen t\u00e4ll\u00e4 kertaa uskolliset veiv\u00e4t Petollisten potin! Petollisiin l\u00e4htiess\u00e4ni mieless\u00e4 oli tasan yksi asia ja yksi tavoite: voitto. En l\u00e4htenyt vain ker\u00e4\u00e4m\u00e4\u00e4n kokemuksia ja pit\u00e4m\u00e4\u00e4n hauskaa, vaan t\u00e4ht\u00e4in oli tasan yhdess\u00e4 asiassa ja se oli koko kilpailun voittaminen, kertoi Nuorgam marraskuussa vuonna 2024.<\/p>\n<p>N\u00e4et Miisan julkaisun Petolliset-ohjelmasta t\u00e4st\u00e4 alta tai <a href=\"https:\/\/www.instagram.com\/p\/DCNHDncAeKI\/?utm_source=ig_web_copy_link&amp;igsh=MzRlODBiNWFlZA==\" target=\"_blank\" rel=\"noreferrer noopener nofollow\">t\u00e4\u00e4lt\u00e4<\/a>. \u00a0<\/p>\n<p>33-vuotias Miisa toimii nyt toimittajana Yle Kioskissa.<\/p>\n<p>Lue my\u00f6s: <a href=\"https:\/\/www.como.fi\/tilaa-comon-uutiskirje\/\" title=\"Tilaa Comon uutiskirje ja tied\u00e4t mist\u00e4 kahvitauolla puhutaan! Nappaa kotimaan tv-vinkit ja puheenaiheet suoraan s\u00e4hk\u00f6postiin t\u00e4st\u00e4.\" class=\"underline-custom !font-montserrat !font-bold !underline-offset-4 !decoration-4 !decoration-red-600 !text-md\" rel=\"nofollow noopener\" target=\"_blank\">Tilaa Comon uutiskirje ja tied\u00e4t mist\u00e4 kahvitauolla puhutaan! Nappaa kotimaan tv-vinkit ja puheenaiheet suoraan s\u00e4hk\u00f6postiin t\u00e4st\u00e4.<\/a><\/p>\n<p>\t\t\t\t<script async src=\"\/\/www.instagram.com\/embed.js\"><\/script><\/p>\n","protected":false},"excerpt":{"rendered":"Saamelainen toimittaja ja e-urheiluvaikuttaja Miisa Nuorgam kertoo synnytt\u00e4neens\u00e4 jossain joulun ja uudenvuoden v\u00e4liss\u00e4. Vauva on yll\u00e4tys, koska h\u00e4n&hellip;\n","protected":false},"author":2,"featured_media":130927,"comment_status":"","ping_status":"","sticky":false,"template":"","format":"standard","meta":{"footnotes":""},"categories":[136],"tags":[407,137,33,31,30,408,32,1247,109],"class_list":{"0":"post-130926","1":"post","2":"type-post","3":"status-publish","4":"format-standard","5":"has-post-thumbnail","7":"category-julkkikset","8":"tag-celebrities","9":"tag-entertainment","10":"tag-fi","11":"tag-finland","12":"tag-finnish","13":"tag-julkkikset","14":"tag-suomi","15":"tag-televisio","16":"tag-viihde"},"share_on_mastodon":{"url":"https:\/\/pubeurope.com\/@fi\/115821210648031559","error":""},"_links":{"self":[{"href":"https:\/\/www.europesays.com\/fi\/wp-json\/wp\/v2\/posts\/130926","targetHints":{"allow":["GET"]}}],"collection":[{"href":"https:\/\/www.europesays.com\/fi\/wp-json\/wp\/v2\/posts"}],"about":[{"href":"https:\/\/www.europesays.com\/fi\/wp-json\/wp\/v2\/types\/post"}],"author":[{"embeddable":true,"href":"https:\/\/www.europesays.com\/fi\/wp-json\/wp\/v2\/users\/2"}],"replies":[{"embeddable":true,"href":"https:\/\/www.europesays.com\/fi\/wp-json\/wp\/v2\/comments?post=130926"}],"version-history":[{"count":0,"href":"https:\/\/www.europesays.com\/fi\/wp-json\/wp\/v2\/posts\/130926\/revisions"}],"wp:featuredmedia":[{"embeddable":true,"href":"https:\/\/www.europesays.com\/fi\/wp-json\/wp\/v2\/media\/130927"}],"wp:attachment":[{"href":"https:\/\/www.europesays.com\/fi\/wp-json\/wp\/v2\/media?parent=130926"}],"wp:term":[{"taxonomy":"category","embeddable":true,"href":"https:\/\/www.europesays.com\/fi\/wp-json\/wp\/v2\/categories?post=130926"},{"taxonomy":"post_tag","embeddable":true,"href":"https:\/\/www.europesays.com\/fi\/wp-json\/wp\/v2\/tags?post=130926"}],"curies":[{"name":"wp","href":"https:\/\/api.w.org\/{rel}","templated":true}]}}