{"id":130934,"date":"2026-01-01T18:26:08","date_gmt":"2026-01-01T18:26:08","guid":{"rendered":"https:\/\/www.europesays.com\/fi\/130934\/"},"modified":"2026-01-01T18:26:08","modified_gmt":"2026-01-01T18:26:08","slug":"autoliike-vaitti-ettei-ollut-myynyt-monivikaista-audia-kuluttajalle-lautakunta-oli-eri-mielta","status":"publish","type":"post","link":"https:\/\/www.europesays.com\/fi\/130934\/","title":{"rendered":"Autoliike v\u00e4itti, ettei ollut myynyt monivikaista Audia kuluttajalle \u2013 Lautakunta oli eri mielt\u00e4"},"content":{"rendered":"<p class=\"is-style-dropcap\">Kuluttajariitalautakunta on antanut ratkaisunsa tapauksessa, jossa autoliike yritti v\u00e4ltell\u00e4 korvausvastuuta v\u00e4itt\u00e4m\u00e4ll\u00e4, ett\u00e4 k\u00e4ytetyn auton olisi myynyt kuluttajalle jokin muu taho.<\/p>\n<p>Kuluttaja osti tuusulalaiselta AV-Motors Oy:lt\u00e4 huhtikuussa 2024 vuoden 2008 Audi A6 -henkil\u00f6auton. L\u00e4hes 200\u00a0000 kilometrin edest\u00e4 ajettu Audi vaihtoi omistajaa 7\u00a0100 eurolla.<\/p>\n<p>Kev\u00e4\u00e4n 2025 mittaan ilmeni, ett\u00e4 auton laturin hihnapy\u00f6r\u00e4, polttoainetankki, \u00f6ljynsuodattimen jalka, moottorin jakoketju, nokka-akselin s\u00e4\u00e4din ja takavalo olivat hajalla.<\/p>\n<p>Lis\u00e4ksi pakoputkessa ilmeni vuoto, termostaatin tiiviste vaati vaihtoa ja auton pohjapanssaria piti korjata.<\/p>\n<p>Korjauksiin, vaihtoihin ja vikaselvitykseen upposi tuhansia euroja, yli puolet auton hinnasta.<\/p>\n<p>Kuluttaja vaati autoliike AV-Motors Oy:lt\u00e4 3\u00a0978 euron korvauksia.<\/p>\n<p>Autoliike AV-Motors Oy kielt\u00e4ytyi maksamasta \u201dliioiteltuja\u201d korvauksia ja v\u00e4itti, ettei olisi edes myynyt autoa kuluttajalle.<\/p>\n<p>\u201dAuton tosiasiallinen myyj\u00e4 on k\u00e4ytt\u00e4nyt liikkeen palveluita kaupan rahoittamisessa. Auto ei siis ole AV-Motors Oy:n myym\u00e4. Myyj\u00e4ll\u00e4 piti olla viel\u00e4 erillinen kauppasopimus. Asiassa on n\u00e4ytetty ainoastaan osamaksusopimus\u201d, liike esitti vastineessaan.<\/p>\n<p>Autoliike kertoi my\u00f6s vastauksessaan, auton \u201doikea myyj\u00e4\u201d olisi osallistunut auton korjauskuluihin jo 820 eurolla.<\/p>\n<p>\u201dAsiaa voi tiedustella lis\u00e4\u00e4 auton myyneelt\u00e4 taholta\u201d, AV-Motors ohjeisti.<\/p>\n<p>Kuluttajariitalautakunta tyrm\u00e4si autoliikkeen v\u00e4itteet siit\u00e4, ett\u00e4 liike ei olisi tosiasiallinen myyj\u00e4 tapauksessa.<\/p>\n<p>\u201dLautakunta toteaa, ett\u00e4 osamaksusopimuksen mukaan AV-Motors Oy on ollut auton myyj\u00e4, mink\u00e4 myyj\u00e4liikkeen edustaja on my\u00f6s allekirjoittanut. AV-Motors Oy on n\u00e4in ollen kauppakirjan perusteella auton myyj\u00e4 ja vastaa kaupan kohteen mahdollisesta virheest\u00e4 kuluttajalle\u201d, lautakunta linjaa ratkaisuperusteluissaan.<\/p>\n<p>Lautakunnan arvion mukaan auton nokka-akselin, laturin hihnan ja niiden osien sek\u00e4 polttoainetankin pit\u00e4isi olla paremmassa kunnossa auton ik\u00e4\u00e4n ja ajom\u00e4\u00e4r\u00e4\u00e4n n\u00e4hden.<\/p>\n<p>N\u00e4iden osien kohdalla kyse ei ole siis normaalista kulumisesta, tapaturmasta tai kuluttajan toiminnan aiheuttamasta vauriosta vaan ennenaikaisesta vikaantumisesta, lautakunta korostaa.<\/p>\n<p>Kaupan kohde on ollut n\u00e4ilt\u00e4 osin virheellinen <a href=\"https:\/\/www.finlex.fi\/fi\/lainsaadanto\/1978\/38#chp_5__crossHeading_4\" rel=\"nofollow noopener\" target=\"_blank\">kuluttajansuojalain tarkoittamalla tavalla<\/a>, ratkaisuperusteluissa lukee.<\/p>\n<p>Kaikilta muilta osin kyse on ollut normaalista kulumisesta, joka ei ole autoliikkeen korvausvastuun piiriss\u00e4.<\/p>\n<p>Lautakunta suosittaa, ett\u00e4 AV-Motors Oy korvaa kuluttajalle nokka-akselin, laturin hihnan ja polttoainetankin korjauskuluista 800 euroa.<\/p>\n","protected":false},"excerpt":{"rendered":"Kuluttajariitalautakunta on antanut ratkaisunsa tapauksessa, jossa autoliike yritti v\u00e4ltell\u00e4 korvausvastuuta v\u00e4itt\u00e4m\u00e4ll\u00e4, ett\u00e4 k\u00e4ytetyn auton olisi myynyt kuluttajalle jokin&hellip;\n","protected":false},"author":2,"featured_media":130935,"comment_status":"","ping_status":"","sticky":false,"template":"","format":"standard","meta":{"footnotes":""},"categories":[76],"tags":[7006,23188,6680,79,77,33,31,30,14583,22162,32,78],"class_list":{"0":"post-130934","1":"post","2":"type-post","3":"status-publish","4":"format-standard","5":"has-post-thumbnail","7":"category-talous","8":"tag-audi","9":"tag-audi-a6","10":"tag-autokauppa","11":"tag-business","12":"tag-economy","13":"tag-fi","14":"tag-finland","15":"tag-finnish","16":"tag-kaytetyt-autot","17":"tag-kuluttajariidat","18":"tag-suomi","19":"tag-talous"},"share_on_mastodon":{"url":"https:\/\/pubeurope.com\/@fi\/115821254051119597","error":""},"_links":{"self":[{"href":"https:\/\/www.europesays.com\/fi\/wp-json\/wp\/v2\/posts\/130934","targetHints":{"allow":["GET"]}}],"collection":[{"href":"https:\/\/www.europesays.com\/fi\/wp-json\/wp\/v2\/posts"}],"about":[{"href":"https:\/\/www.europesays.com\/fi\/wp-json\/wp\/v2\/types\/post"}],"author":[{"embeddable":true,"href":"https:\/\/www.europesays.com\/fi\/wp-json\/wp\/v2\/users\/2"}],"replies":[{"embeddable":true,"href":"https:\/\/www.europesays.com\/fi\/wp-json\/wp\/v2\/comments?post=130934"}],"version-history":[{"count":0,"href":"https:\/\/www.europesays.com\/fi\/wp-json\/wp\/v2\/posts\/130934\/revisions"}],"wp:featuredmedia":[{"embeddable":true,"href":"https:\/\/www.europesays.com\/fi\/wp-json\/wp\/v2\/media\/130935"}],"wp:attachment":[{"href":"https:\/\/www.europesays.com\/fi\/wp-json\/wp\/v2\/media?parent=130934"}],"wp:term":[{"taxonomy":"category","embeddable":true,"href":"https:\/\/www.europesays.com\/fi\/wp-json\/wp\/v2\/categories?post=130934"},{"taxonomy":"post_tag","embeddable":true,"href":"https:\/\/www.europesays.com\/fi\/wp-json\/wp\/v2\/tags?post=130934"}],"curies":[{"name":"wp","href":"https:\/\/api.w.org\/{rel}","templated":true}]}}