{"id":130936,"date":"2026-01-01T18:27:07","date_gmt":"2026-01-01T18:27:07","guid":{"rendered":"https:\/\/www.europesays.com\/fi\/130936\/"},"modified":"2026-01-01T18:27:07","modified_gmt":"2026-01-01T18:27:07","slug":"kaunasta-kumpuavat-tunteet-uhkaavat-demokratiaa","status":"publish","type":"post","link":"https:\/\/www.europesays.com\/fi\/130936\/","title":{"rendered":"Kaunasta kumpuavat tunteet uhkaavat demokratiaa"},"content":{"rendered":"<p>Vieraskyn\u00e4|Yhdysvallat on varoittava esimerkki siit\u00e4, miten autoritaarinen johtaja hy\u00f6dynt\u00e4\u00e4 kaunaa tunnepitoisessa retoriikassaan.<\/p>\n<p class=\"article-body nof-ui-body-medium mb-nof-24 px-nof-16\">Kirjoitus on vierailevan asiantuntijan n\u00e4kemys.<\/p>\n<p class=\"article-body mb-nof-24 px-nof-16\">El\u00e4mme yh\u00e4 kilpailukeskeisem\u00e4ss\u00e4 maailmassa, jossa tappion kokemisen tunne on yleist\u00e4. Kilpailun ja markkinavaihdon periaatteet ovat levinneet taloudesta el\u00e4m\u00e4nalueille, joita aiemmin ohjasivat ep\u00e4muodolliset sosiaaliset siteet ja vastavuoroisuus.<\/p>\n<p class=\"article-body mb-nof-24 px-nof-16\">Riskien yksil\u00f6llistyess\u00e4 ihmisist\u00e4 on tullut itsens\u00e4 tuotteistajia, jotka kilpailevat resursseista sek\u00e4 tunnustuksesta ty\u00f6markkinoilla ja sosiaalisissa suhteissa. Ty\u00f6h\u00f6n ja sen jatkumiseen liittyv\u00e4 ep\u00e4varmuus ahdistaa my\u00f6s ty\u00f6llisi\u00e4, ja omaa markkina-arvoa on jatkuvasti yll\u00e4pidett\u00e4v\u00e4 sosiaalisessa mediassa.<\/p>\n<p class=\"article-body mb-nof-24 px-nof-16\">Kilpailu tekee itsetunnosta haavoittuvan, koska se altistaa arvottomuuden, turhautumisen ja n\u00f6yryytyksen tunteille.<\/p>\n<p class=\"article-body mb-nof-24 px-nof-16\">Miten meid\u00e4n pit\u00e4isi navigoida t\u00e4ss\u00e4 my\u00f6h\u00e4iskapitalismin tunneilmastossa? Keskeist\u00e4 on, ket\u00e4 tai mit\u00e4 syyt\u00e4mme tappioista: itse\u00e4mme vai kilpailun logiikkaa, jossa voittaminen on harvojen etuoikeus.<\/p>\n<p class=\"article-body mb-nof-24 px-nof-16\">V\u00e4\u00e4ryydeksi koettu vastoink\u00e4yminen, kuten irtisanominen ty\u00f6st\u00e4, her\u00e4tt\u00e4\u00e4 usein ensin suuttumusta, mutta etenkin ty\u00f6tt\u00f6myyden pitkittyess\u00e4 tunne k\u00e4\u00e4ntyy nopeasti h\u00e4pe\u00e4ksi ja n\u00f6yryytyksen kokemukseksi. Uusliberaalissa ty\u00f6tt\u00f6myyden hallinnoinnissa yksil\u00f6\u00e4 pidet\u00e4\u00e4n tilanteestaan vastuullisena ja ty\u00f6tt\u00f6m\u00e4n sosiaaliturva asetetaan tiukasti ehdolliseksi: siit\u00e4 tehd\u00e4\u00e4n vastikkeellista, jatkuvaan ty\u00f6nhakuun asetetaan ankarat velvoitteet, ja sosiaaliturvaa leikataan ty\u00f6tt\u00f6myyden pitkittyess\u00e4.<\/p>\n<p class=\"article-body mb-nof-24 px-nof-16\">Kun itseen kohdistuvat kielteiset tunteet \u2013 h\u00e4pe\u00e4, kateus, n\u00f6yryytys \u2013 korostuvat, niihin liittyv\u00e4t voimattomuuden ja alemmuuden kokemukset voivat muuttua siet\u00e4m\u00e4tt\u00f6miksi.<\/p>\n<p class=\"article-body mb-nof-24 px-nof-16\">Kaunan emotionaalinen mekanismi tarjoaa n\u00e4enn\u00e4isen ulosp\u00e4\u00e4syn. Kaunassa itseen kohdistuvat tunteet kohdistetaan toisiin katkeruutena, halveksuntana ja vihana.<\/p>\n<blockquote class=\"p-[var(--citation-padding)] m-[var(--citation-margin)] border-y-[length:var(--citation-border-width)] border-y-[color:var(--citation-border-color)]\">\n<p>Kauna saa kantajansa jakamaan maailman hyviin ja pahoihin.<\/p>\n<\/blockquote>\n<p class=\"article-body mb-nof-24 px-nof-16\">Kaunassa haavoittunutta itsetuntoa yritet\u00e4\u00e4n suojella kahdenlaisten uudelleenarviointien avulla. Saavuttamattomat halun kohteet arvioidaan ei-toivotuiksi\ue814\u2013 toimien kuin sadun kettu, joka toteaa pihlajanmarjat happamiksi. Itse\u00e4 voidaan arvioida etnisyyden, uskonnon tai sukupuolen kaltaisen ryhm\u00e4identiteetin kautta, ja henkil\u00f6kohtaiset vastoink\u00e4ymiset voidaan tulkita omaan ryhm\u00e4\u00e4n kohdistuvan v\u00e4\u00e4ryyden ilmentymiksi.<\/p>\n<p class=\"article-body mb-nof-24 px-nof-16\">Psyykkiset puolustusmekanismit projisoivat kielteiset ominaisuudet muihin ja liitt\u00e4v\u00e4t my\u00f6nteiset ominaisuudet itseen. Maailma jaetaan hyviin ja pahoihin, ja uutta min\u00e4\u00e4 vahvistetaan jakamalla toisiin kohdistuvia kielteisi\u00e4 tunteita samanmielisten kanssa.<\/p>\n<p class=\"article-body mb-nof-24 px-nof-16\">Kauna on ongelmallinen tapa k\u00e4sitell\u00e4 h\u00e4pe\u00e4\u00e4, kateutta ja n\u00f6yryytyst\u00e4, koska se h\u00e4m\u00e4rt\u00e4\u00e4 ymm\u00e4rryksen n\u00e4iden tunteiden todellisista yhteyksist\u00e4. Yleens\u00e4 syyt\u00e4 vastoink\u00e4ymisiin on muissakin kuin vaikeuksiin joutuneessa yksil\u00f6ss\u00e4, ja t\u00e4m\u00e4n ymm\u00e4rt\u00e4minen v\u00e4hent\u00e4isi taipumusta itsesyyt\u00f6ksiin.<\/p>\n<p class=\"article-body mb-nof-24 px-nof-16\">Kun kaunaa ruokkivat tunteet irrotetaan niiden taustasta, katkeruus, halveksunta ja viha voidaan kohdistaa syntipukkeihin. Populistiset ja autoritaariset johtajat hy\u00f6dynt\u00e4v\u00e4t t\u00e4t\u00e4 tunnepitoisessa retoriikassaan. Syntipukkeja ovat usein pakolaiset ja maahanmuuttajat, seksuaaliv\u00e4hemmist\u00f6t, perinteinen media sek\u00e4 liberaali kulttuurinen ja poliittinen eliitti \u2013 tahot, joilla ei yleens\u00e4 ole juuri tekemist\u00e4 ihmisten kokemien v\u00e4\u00e4ryyksien kanssa.<\/p>\n<p class=\"article-body mb-nof-24 px-nof-16\">Kun kaunasta kumpuavat tunteet muuttuvat poliittiseksi toiminnaksi, demokraattinen yhteiskuntaj\u00e4rjestys joutuu vakavaan vaaraan. N\u00e4emme t\u00e4m\u00e4n nyt Yhdysvalloissa.<\/p>\n<p class=\"article-body mb-nof-24 px-nof-16\">Uusliberaaleista olosuhteista k\u00e4ynnistynyt prosessi sulkeutuu ympyr\u00e4ksi: taloudellisten paineiden rasittamat kansalaiset sallivat autoritaaristen johtajien, kuten presidentti <a class=\"font-bold underline-offset-[0.12em] [text-decoration:var(--person-link-text-decoration)] ![text-decoration-color:var(--person-link-text-decoration-color)]\" href=\"https:\/\/www.hs.fi\/haku\/?query=Donald%20Trumpin\" rel=\"nofollow noopener\" target=\"_blank\">Donald Trumpin<\/a>, keskitt\u00e4\u00e4 vallan niille taloudellis-teknokraattisille eliiteille, jotka loivat vallitsevat olosuhteet ja yll\u00e4pit\u00e4v\u00e4t niit\u00e4. Vaihtokauppana kansalaiset saavat symbolisen palkinnon: osallisuuden \u201dkansakunnan suuruuden\u201d palauttamiseen, ja siit\u00e4 muodostuu heid\u00e4n uuden identiteettins\u00e4 perusta.<\/p>\n<p class=\"article-body mb-nof-24 px-nof-16\">Kaunan dynamiikan ymm\u00e4rt\u00e4minen on avain t\u00e4m\u00e4n keh\u00e4n katkaisemiseen.<\/p>\n<p class=\"article-body nof-ui-body-medium mb-nof-24 px-nof-16\">Mikko Salmela on valtio-opin ja k\u00e4yt\u00e4nn\u00f6llisen filosofian yliopistotutkija Helsingin yliopistossa.<\/p>\n<p class=\"article-body nof-ui-body-medium mb-nof-24 px-nof-16\">Vieraskynien kirjoitusohjeet: www.hs.fi\/vieraskyna\/<\/p>\n","protected":false},"excerpt":{"rendered":"Vieraskyn\u00e4|Yhdysvallat on varoittava esimerkki siit\u00e4, miten autoritaarinen johtaja hy\u00f6dynt\u00e4\u00e4 kaunaa tunnepitoisessa retoriikassaan. Kirjoitus on vierailevan asiantuntijan n\u00e4kemys. El\u00e4mme&hellip;\n","protected":false},"author":2,"featured_media":96697,"comment_status":"","ping_status":"","sticky":false,"template":"","format":"standard","meta":{"footnotes":""},"categories":[14],"tags":[22,23,26,27,33,31,30,17,46,24,25,28,29,15,18,21,32,19,20,56,16,59,60,61],"class_list":{"0":"post-130936","1":"post","2":"type-post","3":"status-publish","4":"format-standard","5":"has-post-thumbnail","7":"category-ulkomaat","8":"tag-breaking-news","9":"tag-breakingnews","10":"tag-featured-news","11":"tag-featurednews","12":"tag-fi","13":"tag-finland","14":"tag-finnish","15":"tag-headlines","16":"tag-helsingin-sanomat","17":"tag-latest-news","18":"tag-latestnews","19":"tag-main-news","20":"tag-mainnews","21":"tag-news","22":"tag-otsikot","23":"tag-paauutiset","24":"tag-suomi","25":"tag-top-stories","26":"tag-topstories","27":"tag-ulkomaat","28":"tag-uutiset","29":"tag-world","30":"tag-world-news","31":"tag-worldnews"},"share_on_mastodon":{"url":"https:\/\/pubeurope.com\/@fi\/115821257986478634","error":""},"_links":{"self":[{"href":"https:\/\/www.europesays.com\/fi\/wp-json\/wp\/v2\/posts\/130936","targetHints":{"allow":["GET"]}}],"collection":[{"href":"https:\/\/www.europesays.com\/fi\/wp-json\/wp\/v2\/posts"}],"about":[{"href":"https:\/\/www.europesays.com\/fi\/wp-json\/wp\/v2\/types\/post"}],"author":[{"embeddable":true,"href":"https:\/\/www.europesays.com\/fi\/wp-json\/wp\/v2\/users\/2"}],"replies":[{"embeddable":true,"href":"https:\/\/www.europesays.com\/fi\/wp-json\/wp\/v2\/comments?post=130936"}],"version-history":[{"count":0,"href":"https:\/\/www.europesays.com\/fi\/wp-json\/wp\/v2\/posts\/130936\/revisions"}],"wp:featuredmedia":[{"embeddable":true,"href":"https:\/\/www.europesays.com\/fi\/wp-json\/wp\/v2\/media\/96697"}],"wp:attachment":[{"href":"https:\/\/www.europesays.com\/fi\/wp-json\/wp\/v2\/media?parent=130936"}],"wp:term":[{"taxonomy":"category","embeddable":true,"href":"https:\/\/www.europesays.com\/fi\/wp-json\/wp\/v2\/categories?post=130936"},{"taxonomy":"post_tag","embeddable":true,"href":"https:\/\/www.europesays.com\/fi\/wp-json\/wp\/v2\/tags?post=130936"}],"curies":[{"name":"wp","href":"https:\/\/api.w.org\/{rel}","templated":true}]}}