{"id":130937,"date":"2026-01-01T18:28:09","date_gmt":"2026-01-01T18:28:09","guid":{"rendered":"https:\/\/www.europesays.com\/fi\/130937\/"},"modified":"2026-01-01T18:28:09","modified_gmt":"2026-01-01T18:28:09","slug":"helsinkiin-syntyi-huippukallis-salibandy-pyhatto-myllypurossa-valoshow-oli-parempi-paikalliset","status":"publish","type":"post","link":"https:\/\/www.europesays.com\/fi\/130937\/","title":{"rendered":"Helsinkiin syntyi huippukallis salibandy-pyh\u00e4tt\u00f6 \u2013\u2009&#8221;Myllypurossa valoshow oli parempi&#8221; | Paikalliset"},"content":{"rendered":"<p>\u2013\u2009Vaikuttaa hyv\u00e4lt\u00e4. Kivasti porukkaa ja hyv\u00e4 fiilis hallissa.<\/p>\n<p>N\u00e4in M\u00e4kel\u00e4nrinteen Urhea-hallia kuvailee maailman parhaaksi salibandynpelaajaksi valittu <strong>Justus Kainulainen.<\/strong><\/p>\n<p>H\u00e4n on tullut katsomaan liigaottelua, jossa vastakkain ovat debyyttikauttaan korkeimmalla sarjatasolla pelaava Helsingin Hawks ja hallitseva suomenmestari Espoon Esport Oilers.<\/p>\n<p>Yleis\u00f6\u00e4 on paikalla 421. Katsojam\u00e4\u00e4r\u00e4 on Hawksille yksi kauden parhaista.<\/p>\n<p>\t\t<a class=\"diks-gallery__link\" href=\"https:\/\/i.media.fi\/incoming\/8ucs63\/11220775.jpg\/alternates\/FREE_1440\/11220775.jpg\" data-thumbnail=\"\" data-sub-html=\"Justus Kainulainen, 26, viett\u00e4\u00e4 viikon verran Suomessa ja palaa sitten takaisin Sveitsiin. \u2013 Kent\u00e4n ulkopuolella on hyvin tilaa, joka mahdollistaa uskaliaan pelaamisen, entinen Oilers-kapteeni kehuu Urhea-hallin kaukloa. Jaakko Servo\" aria-label=\"Katso isompi kuva\" rel=\"nofollow noopener\" target=\"_blank\"><br \/>\n\t\t\t\t<img class=\"diks-figure__image\" src=\"https:\/\/www.europesays.com\/fi\/wp-content\/uploads\/2026\/01\/11220775.jpg\" loading=\"lazy\" decoding=\"sync\" alt=\"\"\/><\/p>\n<p>\t\t\t<\/a><br \/>\n\t\t\t\t\tJustus Kainulainen, 26, viett\u00e4\u00e4 viikon verran Suomessa ja palaa sitten takaisin Sveitsiin. \u2013 Kent\u00e4n ulkopuolella on hyvin tilaa, joka mahdollistaa uskaliaan pelaamisen, entinen Oilers-kapteeni kehuu Urhea-hallin kaukloa. Jaakko Servo<\/p>\n<p><strong>Reijo <\/strong>ja <strong>Sisu H\u00e4m\u00e4l\u00e4iselle<\/strong> Hawksin edustusjoukkueen pelit ovat tulleet tutuiksi viime vuosina. Sisu kertoo pelaavansa Hawksin 5\u20139-vuotiaille suunnatussa salibandykerhossa.<\/p>\n<p>\u2013 K\u00e4vimme katsomassa pelej\u00e4 my\u00f6s Myllypurossa, koska se on meit\u00e4 l\u00e4hemp\u00e4n\u00e4, Sisu kertoo viitaten siihen, ett\u00e4 Hawks pelasi aiempina kausina kotipelins\u00e4 Arena Center Myllypurossa.<\/p>\n<p>\t\t<a class=\"diks-gallery__link\" href=\"https:\/\/i.media.fi\/incoming\/o0q0rk\/11221868.jpg\/alternates\/FREE_1440\/11221868.jpg\" data-thumbnail=\"\" data-sub-html=\"Hawks kohtasi Sein\u00e4joen Peliveljet Urhea-areenalla marraskuussa. Aapo Siippainen\" aria-label=\"Katso isompi kuva\" rel=\"nofollow noopener\" target=\"_blank\"><br \/>\n\t\t\t\t<img class=\"diks-figure__image\" src=\"https:\/\/www.europesays.com\/fi\/wp-content\/uploads\/2026\/01\/11221868.jpg\" loading=\"lazy\" decoding=\"sync\" alt=\"\"\/><\/p>\n<p>\t\t\t<\/a><br \/>\n\t\t\t\t\tHawks kohtasi Sein\u00e4joen Peliveljet Urhea-areenalla marraskuussa. Aapo Siippainen<\/p>\n<p>Sisu sanoo n\u00e4kev\u00e4ns\u00e4 Urheassa pelin paremmin kuin Myllypurossa. Reijon mielest\u00e4 Urheassa hyv\u00e4\u00e4 on puolestaan se, ett\u00e4 katsomo on isompi ja tilaa on enemm\u00e4n.<\/p>\n<p>Yht\u00e4 mielt\u00e4 kaksikko on siit\u00e4, ettei Urhean valoshow ved\u00e4 vertoja Myllypuron vastaavalle.<\/p>\n<p>\u2013 Myllypurossa valoshow oli parempi, Reijo H\u00e4m\u00e4l\u00e4inen toteaa.<\/p>\n<p>\t\t<a class=\"diks-gallery__link\" href=\"https:\/\/i.media.fi\/incoming\/isdrod\/11220772.jpg\/alternates\/FREE_1440\/11220772.jpg\" data-thumbnail=\"\" data-sub-html=\"Hawksin puheenjohtaja ja p\u00e4\u00e4valmentaja Petteri Bergmanin mukaan Hawks on tullut j\u00e4\u00e4d\u00e4kseen F-liigaan. Jaakko Servo\" aria-label=\"Katso isompi kuva\" rel=\"nofollow noopener\" target=\"_blank\"><br \/>\n\t\t\t\t<img class=\"diks-figure__image\" src=\"https:\/\/www.europesays.com\/fi\/wp-content\/uploads\/2026\/01\/11220772.jpg\" loading=\"lazy\" decoding=\"sync\" alt=\"\"\/><\/p>\n<p>\t\t\t<\/a><br \/>\n\t\t\t\t\tHawksin puheenjohtaja ja p\u00e4\u00e4valmentaja Petteri Bergmanin mukaan Hawks on tullut j\u00e4\u00e4d\u00e4kseen F-liigaan. Jaakko Servo<\/p>\n<p><strong class=\"diks-storyline__impact\">Hawks <\/strong>on ensimm\u00e4inen salibandyn p\u00e4\u00e4sarjaseura, joka toi kauden kaikki kotipelins\u00e4 vuonna 2021 avattuun Urhea-halliin. Halli on vuokraltaan yksi liigan kalleimmista.<\/p>\n<blockquote class=\"voice-no-read rs_skip diks-blockquote\">\n<p class=\"diks-blockquote__text\">Tietojeni mukaan Urhea on arvokkaimmasta p\u00e4\u00e4st\u00e4.<\/p>\n<p>Petteri Bergman<\/p><\/blockquote>\n<p>\u2013 Tietojeni mukaan Urhea on arvokkaimmasta p\u00e4\u00e4st\u00e4, joukkueen p\u00e4\u00e4valmentaja <strong>Petteri Bergman <\/strong>kertoo.<\/p>\n<p>Tilanne on Hawksille ongelmallinen. Joukkue ei saanut F-liigalta lupaa pelata kotiotteluitaan tutussa Arena Center Myllypurossa, koska Myllypurossa ei ollut liigan m\u00e4\u00e4r\u00e4\u00e4m\u00e4\u00e4 800 istumapaikkaa.<\/p>\n<p><strong class=\"diks-storyline__impact\">Hawksien<\/strong> lis\u00e4ksi my\u00f6s Helsingin Er\u00e4Viikingit pelaa osan F-liigan otteluistaan Urhea-hallissa. Tilanne ei her\u00e4t\u00e4 riemua siell\u00e4k\u00e4\u00e4n.<\/p>\n<p>\u2013 Kustannukset ja ottelutapahtuman vaatimat resurssit ovat l\u00e4hes kolmin-nelinkertaiset p\u00e4\u00e4asialliseen kotihalliimme Mosahalliin verrattuna, Er\u00e4Viikinkien toiminnanjohtaja <strong>Jari Oksanen <\/strong>kertoo.<\/p>\n<p>\u2013 Seurana emme hakeneet pelilupaa Urhea-halliin. F-liiga p\u00e4\u00e4tti, ett\u00e4 meid\u00e4n tulee pelata kaksi runkosarjan ottelua Urhea-hallissa, Oksanen lis\u00e4\u00e4.<\/p>\n<p>\t\t<a class=\"diks-gallery__link\" href=\"https:\/\/i.media.fi\/incoming\/74wkcm\/11220142.jpg\/alternates\/FREE_1440\/11220142.jpg\" data-thumbnail=\"\" data-sub-html=\"Miesten F-liigan yleis\u00f6keskiarvo on ollut t\u00e4ll\u00e4 kaudella 567 katsojaa per ottelu. Parhaiten yleis\u00f6\u00e4 ovat vet\u00e4neet yli 900 keskiarvolla operoivat Sein\u00e4joen SPV ja Lemp\u00e4\u00e4l\u00e4ss\u00e4 pelaava Classic. Jaakko Servo\" aria-label=\"Katso isompi kuva\" rel=\"nofollow noopener\" target=\"_blank\"><br \/>\n\t\t\t\t<img class=\"diks-figure__image\" src=\"https:\/\/www.europesays.com\/fi\/wp-content\/uploads\/2026\/01\/11220142.jpg\" loading=\"lazy\" decoding=\"sync\" alt=\"\"\/><\/p>\n<p>\t\t\t<\/a><br \/>\n\t\t\t\t\tMiesten F-liigan yleis\u00f6keskiarvo on ollut t\u00e4ll\u00e4 kaudella 567 katsojaa per ottelu. Parhaiten yleis\u00f6\u00e4 ovat vet\u00e4neet yli 900 keskiarvolla operoivat Sein\u00e4joen SPV ja Lemp\u00e4\u00e4l\u00e4ss\u00e4 pelaava Classic. Jaakko Servo<\/p>\n<p>Kun ollaan tarkkoja, Urhea-hallikaan ei t\u00e4ysin t\u00e4yt\u00e4 F-liigan asettamia ehtoja katsomopaikkojen osalta.<\/p>\n<p>\u2013 F-Liiga on \u00e4skett\u00e4in hyv\u00e4ksynyt Urhean isojen katsomoiden avaamisen, jolloin turvaet\u00e4isyydet ovat riitt\u00e4v\u00e4t. T\u00e4m\u00e4 mahdollistaa hallin t\u00e4ydemm\u00e4n k\u00e4ytt\u00f6asteen, Bergman kertoo tulevista muutoksista.<\/p>\n<p>Hawks saa ensimm\u00e4isen kerran k\u00e4ytt\u00f6\u00f6ns\u00e4 Urhean koko kapasiteetin (812 istumapaikkaa + 300 seisomapaikkaa) 3. tammikuuta pelattavassa Hawks \u2013 Er\u00e4Viikingit -ottelussa.<\/p>\n<p>\u2013 Ennakkolippuja on myyty jo l\u00e4hes 500, joten tunnelma tulee olemaan huikea, Bergman sanoo.<\/p>\n<p>\t\t<a class=\"diks-gallery__link\" href=\"https:\/\/i.media.fi\/incoming\/gkvts0\/11220773.jpg\/alternates\/FREE_1440\/11220773.jpg\" data-thumbnail=\"\" data-sub-html=\"Ottelun p\u00e4\u00e4ttymisen j\u00e4lkeen pelaajat suuntavat viel\u00e4 tervehtim\u00e4\u00e4n l\u00e4heisi\u00e4\u00e4n. Jaakko Servo\" aria-label=\"Katso isompi kuva\" rel=\"nofollow noopener\" target=\"_blank\"><br \/>\n\t\t\t\t<img class=\"diks-figure__image\" src=\"https:\/\/www.europesays.com\/fi\/wp-content\/uploads\/2026\/01\/11220773.jpg\" loading=\"lazy\" decoding=\"sync\" alt=\"\"\/><\/p>\n<p>\t\t\t<\/a><br \/>\n\t\t\t\t\tOttelun p\u00e4\u00e4ttymisen j\u00e4lkeen pelaajat suuntavat viel\u00e4 tervehtim\u00e4\u00e4n l\u00e4heisi\u00e4\u00e4n. Jaakko Servo<\/p>\n<p>Hawks ei ole F-liigajoukkueiden kuten Tampereen Classicin ja Sein\u00e4joen Peliveljien kaltainen perinteik\u00e4s salibandyseura, sill\u00e4 seuralla on k\u00e4ynniss\u00e4 vasta sen kymmenes vuosi. Menestys on kuitenkin ollut nopeaa, sill\u00e4 joukkue on lyhyess\u00e4 ajassa noussut Suomen korkeimmalle sarjatasolle.<\/p>\n<p>\u2013 Edustusjoukkueen paikka F-Liigassa oli hieno lis\u00e4 juhlavuoteen. T\u00e4rkeint\u00e4 meille on ollut silti yll\u00e4pit\u00e4\u00e4 nousujohteista trendi\u00e4, niin toiminnallisesti, j\u00e4senm\u00e4\u00e4r\u00e4llisesti kuin taloudellisestikin, Bergman sanoo.<\/p>\n<p><strong class=\"diks-storyline__impact\">Palataan<\/strong> viel\u00e4 Hawksin ja Oilersin otteluun. Kotijoukkue tekee ensimm\u00e4isen maalinsa toisen er\u00e4n lopussa. Osuman j\u00e4lkeen pallopojat rient\u00e4v\u00e4t Hawksin vaihtopenkin p\u00e4\u00e4h\u00e4n antamaan yl\u00e4vitosia pelaajille. N\u00e4ky on tuttu etenkin espoolaisen Westend Indiansin pelej\u00e4 seuraaville, sill\u00e4 Otahallilla nuorimmat fanit rynt\u00e4\u00e4v\u00e4t aina kasap\u00e4in antamaan yl\u00e4vitosia esikuvilleen.<\/p>\n<p>Erona on se, ett\u00e4 Indiansin kotipeliss\u00e4 heit\u00e4 on kymmeni\u00e4 \u2013 Hawksin kotipelin l\u00e4pyjonossa lapsia on nelj\u00e4.<\/p>\n<p>Ottelu p\u00e4\u00e4ttyy lopulta Oilersin 13-3 voittoon.<\/p>\n<p>Juttu jatkuu kuvan j\u00e4lkeen.<\/p>\n<p>\t\t<a class=\"diks-gallery__link\" href=\"https:\/\/i.media.fi\/incoming\/1hlsr9\/11221869.jpg\/alternates\/FREE_1440\/11221869.jpg\" data-thumbnail=\"\" data-sub-html=\"Hawks kohtasi Sein\u00e4joen Peliveljet Urhea-areenalla 23.11. Yleis\u00f6m\u00e4\u00e4r\u00e4ksi ilmoitettiin 371. Aapo Siippainen\" aria-label=\"Katso isompi kuva\" rel=\"nofollow noopener\" target=\"_blank\"><br \/>\n\t\t\t\t<img class=\"diks-figure__image\" src=\"https:\/\/www.europesays.com\/fi\/wp-content\/uploads\/2026\/01\/11221869.jpg\" loading=\"lazy\" decoding=\"sync\" alt=\"\"\/><\/p>\n<p>\t\t\t<\/a><br \/>\n\t\t\t\t\tHawks kohtasi Sein\u00e4joen Peliveljet Urhea-areenalla 23.11. Yleis\u00f6m\u00e4\u00e4r\u00e4ksi ilmoitettiin 371. Aapo Siippainen<\/p>\n<p><strong class=\"diks-storyline__impact\">Hawks on 12 <\/strong>joukkueen sarjassa parhaillaan yhdeks\u00e4nten\u00e4 ja j\u00e4\u00e4m\u00e4ss\u00e4 n\u00e4in F-liigaan my\u00f6s ensi kaudeksi. Bergmanin mukaan ei ole viel\u00e4 tiedossa miss\u00e4 Hawks pelaa kotipelins\u00e4 ensi kaudella, jos joukkue jatkaa F-liigassa.<\/p>\n<p>\u2013 T\u00e4st\u00e4 ei ole viel\u00e4 tehty p\u00e4\u00e4t\u00f6st\u00e4.<\/p>\n<p>Bergman ei halunnut ottaa viel\u00e4 kantaa siihen, tuleeko liiganousija Hawks j\u00e4\u00e4m\u00e4\u00e4n ensimm\u00e4isell\u00e4 F-liigakaudellaan taloudellisesti plussan vai miinuksen puolelle.<\/p>\n<p class=\"diks-storyline__additional-information\">Hawks\u2013\u2009Er\u00e4Viikingit Urhea-hallissa lauantaina 3. tammikuuta kello 16.<\/p>\n<p>\t\t\t\tUrhea-halli<\/p>\n<p>Vuonna 2021 valmistunut urheilijoiden harjoittelukeskus, jossa j\u00e4rjestet\u00e4\u00e4n my\u00f6s tapahtumia.<\/p>\n<p>Sijaitsee M\u00e4kel\u00e4nrinteen uintikeskuksen ja lukion v\u00e4lisss\u00e4.<\/p>\n<p>8000 neli\u00f6t\u00e4 urheilutiloja.<\/p>\n<p>Urhea-hallissa toimii kes\u00e4- ja j\u00e4\u00e4lajien valtakunnallinen Olympiavalmennuskeskus Helsinki.<\/p>\n<p>Halliyhti\u00f6n osakkeenomistajia ovat P\u00e4\u00e4kaupunkiseudun urheiluakatemia Urhea, Helsingin kaupunki, Koripallos\u00e4\u00e4ti\u00f6, Suomen Urheiluliitto, Suomen Voimisteluliitto, Kisakallios\u00e4\u00e4ti\u00f6 ja Urheiluopistos\u00e4\u00e4ti\u00f6.<\/p>\n<p>L\u00e4hde: Urhea-halli.fi<\/p>\n","protected":false},"excerpt":{"rendered":"\u2013\u2009Vaikuttaa hyv\u00e4lt\u00e4. Kivasti porukkaa ja hyv\u00e4 fiilis hallissa. N\u00e4in M\u00e4kel\u00e4nrinteen Urhea-hallia kuvailee maailman parhaaksi salibandynpelaajaksi valittu Justus Kainulainen.&hellip;\n","protected":false},"author":2,"featured_media":130938,"comment_status":"","ping_status":"","sticky":false,"template":"","format":"standard","meta":{"footnotes":""},"categories":[12],"tags":[22,23,400,26,27,33,31,30,17,104,24,25,41,28,29,15,18,21,32,2599,19,20,16],"class_list":{"0":"post-130937","1":"post","2":"type-post","3":"status-publish","4":"format-standard","5":"has-post-thumbnail","7":"category-suomi","8":"tag-breaking-news","9":"tag-breakingnews","10":"tag-espoo","11":"tag-featured-news","12":"tag-featurednews","13":"tag-fi","14":"tag-finland","15":"tag-finnish","16":"tag-headlines","17":"tag-helsinki","18":"tag-latest-news","19":"tag-latestnews","20":"tag-liikunta-ja-urheilu","21":"tag-main-news","22":"tag-mainnews","23":"tag-news","24":"tag-otsikot","25":"tag-paauutiset","26":"tag-suomi","27":"tag-tapahtumat-ja-tapahtumatiedot","28":"tag-top-stories","29":"tag-topstories","30":"tag-uutiset"},"share_on_mastodon":{"url":"https:\/\/pubeurope.com\/@fi\/115821261914075209","error":""},"_links":{"self":[{"href":"https:\/\/www.europesays.com\/fi\/wp-json\/wp\/v2\/posts\/130937","targetHints":{"allow":["GET"]}}],"collection":[{"href":"https:\/\/www.europesays.com\/fi\/wp-json\/wp\/v2\/posts"}],"about":[{"href":"https:\/\/www.europesays.com\/fi\/wp-json\/wp\/v2\/types\/post"}],"author":[{"embeddable":true,"href":"https:\/\/www.europesays.com\/fi\/wp-json\/wp\/v2\/users\/2"}],"replies":[{"embeddable":true,"href":"https:\/\/www.europesays.com\/fi\/wp-json\/wp\/v2\/comments?post=130937"}],"version-history":[{"count":0,"href":"https:\/\/www.europesays.com\/fi\/wp-json\/wp\/v2\/posts\/130937\/revisions"}],"wp:featuredmedia":[{"embeddable":true,"href":"https:\/\/www.europesays.com\/fi\/wp-json\/wp\/v2\/media\/130938"}],"wp:attachment":[{"href":"https:\/\/www.europesays.com\/fi\/wp-json\/wp\/v2\/media?parent=130937"}],"wp:term":[{"taxonomy":"category","embeddable":true,"href":"https:\/\/www.europesays.com\/fi\/wp-json\/wp\/v2\/categories?post=130937"},{"taxonomy":"post_tag","embeddable":true,"href":"https:\/\/www.europesays.com\/fi\/wp-json\/wp\/v2\/tags?post=130937"}],"curies":[{"name":"wp","href":"https:\/\/api.w.org\/{rel}","templated":true}]}}