{"id":130939,"date":"2026-01-01T18:29:06","date_gmt":"2026-01-01T18:29:06","guid":{"rendered":"https:\/\/www.europesays.com\/fi\/130939\/"},"modified":"2026-01-01T18:29:06","modified_gmt":"2026-01-01T18:29:06","slug":"kasperi-kapasen-paluu-kokoonpanoon-on-lahella","status":"publish","type":"post","link":"https:\/\/www.europesays.com\/fi\/130939\/","title":{"rendered":"Kasperi Kapasen paluu kokoonpanoon on l\u00e4hell\u00e4"},"content":{"rendered":"<p>Viel\u00e4 ei tiedet\u00e4 tarkkaa ajankohtaa, mutta Edmonton Oilers saa loukkaantuneen Kasperi Kapasen pian takaisin vahvuuteensa.<\/p>\n<p>Suomalainen pelasi viimeksi 19. lokakuuta, joten melkein koko t\u00e4h\u00e4nastinen kausi on mennyt sairastuvalla. V\u00e4liin on j\u00e4\u00e4nyt vuodenvaihteeseen menness\u00e4 kaikkiaan 35 ottelua.<\/p>\n<p>P\u00e4\u00e4valmentaja Kris Knoblauch antoi kuitenkin keskiviikkona lupaavan p\u00e4ivityksen.<\/p>\n<p>&#8211; H\u00e4n alkaa olla todella l\u00e4hell\u00e4, Knoblauch kertoi.<\/p>\n<p>Kapanen ehti olla mukana kuudessa ottelussa ennen kuin loukkaantui ottelussa Detroit Red Wingsi\u00e4 vastaan. H\u00e4n kirjautti kaksi sy\u00f6tt\u00f6pistett\u00e4. Oilers is\u00e4nn\u00f6i perjantaina Philadelphia Flyersia, mutta viel\u00e4 silloin Kapasta ei ehk\u00e4 n\u00e4hd\u00e4 kent\u00e4ll\u00e4.<\/p>\n<p>&#8211; H\u00e4n voisi pelata t\u00e4n\u00e4 viikonloppuna, mutta emme ole oikein ehtineet harjoittelemaan. Yhdet treenit ennen pelaamista voisi olla paljon vaadittu. Todenn\u00e4k\u00f6isemp\u00e4\u00e4 on (pelata) jossain kohtaa seuraavalla viikolla, Knoblauch arvioi.<\/p>\n","protected":false},"excerpt":{"rendered":"Viel\u00e4 ei tiedet\u00e4 tarkkaa ajankohtaa, mutta Edmonton Oilers saa loukkaantuneen Kasperi Kapasen pian takaisin vahvuuteensa. Suomalainen pelasi viimeksi&hellip;\n","protected":false},"author":2,"featured_media":130940,"comment_status":"","ping_status":"","sticky":false,"template":"","format":"standard","meta":{"footnotes":""},"categories":[5],"tags":[22,23,26,27,33,31,30,17,24,25,28,29,15,18,21,32,19,20,16],"class_list":{"0":"post-130939","1":"post","2":"type-post","3":"status-publish","4":"format-standard","5":"has-post-thumbnail","7":"category-otsikot","8":"tag-breaking-news","9":"tag-breakingnews","10":"tag-featured-news","11":"tag-featurednews","12":"tag-fi","13":"tag-finland","14":"tag-finnish","15":"tag-headlines","16":"tag-latest-news","17":"tag-latestnews","18":"tag-main-news","19":"tag-mainnews","20":"tag-news","21":"tag-otsikot","22":"tag-paauutiset","23":"tag-suomi","24":"tag-top-stories","25":"tag-topstories","26":"tag-uutiset"},"share_on_mastodon":{"url":"https:\/\/pubeurope.com\/@fi\/115821265708634313","error":""},"_links":{"self":[{"href":"https:\/\/www.europesays.com\/fi\/wp-json\/wp\/v2\/posts\/130939","targetHints":{"allow":["GET"]}}],"collection":[{"href":"https:\/\/www.europesays.com\/fi\/wp-json\/wp\/v2\/posts"}],"about":[{"href":"https:\/\/www.europesays.com\/fi\/wp-json\/wp\/v2\/types\/post"}],"author":[{"embeddable":true,"href":"https:\/\/www.europesays.com\/fi\/wp-json\/wp\/v2\/users\/2"}],"replies":[{"embeddable":true,"href":"https:\/\/www.europesays.com\/fi\/wp-json\/wp\/v2\/comments?post=130939"}],"version-history":[{"count":0,"href":"https:\/\/www.europesays.com\/fi\/wp-json\/wp\/v2\/posts\/130939\/revisions"}],"wp:featuredmedia":[{"embeddable":true,"href":"https:\/\/www.europesays.com\/fi\/wp-json\/wp\/v2\/media\/130940"}],"wp:attachment":[{"href":"https:\/\/www.europesays.com\/fi\/wp-json\/wp\/v2\/media?parent=130939"}],"wp:term":[{"taxonomy":"category","embeddable":true,"href":"https:\/\/www.europesays.com\/fi\/wp-json\/wp\/v2\/categories?post=130939"},{"taxonomy":"post_tag","embeddable":true,"href":"https:\/\/www.europesays.com\/fi\/wp-json\/wp\/v2\/tags?post=130939"}],"curies":[{"name":"wp","href":"https:\/\/api.w.org\/{rel}","templated":true}]}}