{"id":130945,"date":"2026-01-01T18:49:08","date_gmt":"2026-01-01T18:49:08","guid":{"rendered":"https:\/\/www.europesays.com\/fi\/130945\/"},"modified":"2026-01-01T18:49:08","modified_gmt":"2026-01-01T18:49:08","slug":"vuoden-2025-julkkisvauvat-hollywoodin-uusi-sukupolvi","status":"publish","type":"post","link":"https:\/\/www.europesays.com\/fi\/130945\/","title":{"rendered":"Vuoden 2025 Julkkisvauvat: Hollywoodin Uusi Sukupolvi"},"content":{"rendered":"<p>            All Over Press\/ Adobe Stock Photo\n        <\/p>\n<p class=\"subtitle \">Hollywoodiin syntyi hurja m\u00e4\u00e4r\u00e4 lapsosia p\u00e4\u00e4ttyneen\u00e4 vuonna.<\/p>\n<p class=\"article-content article-content-width !bg-background\">Kulunut vuosi on ollut varsinaista vauvajuhlaa, ainakin julkimoiden keskuudessa. Suomalaist\u00e4htien lis\u00e4ksi my\u00f6s lukuistat kansainv\u00e4liset starat ovat kantaneet kortensa kekoon vauvatalkoissa.<\/p>\n<p class=\"font-weight-bold m-font-weight-bold article-content article-content-width !bg-background\">Video: N\u00e4m\u00e4 suomalaisjulkkikset saivat vauvoja 2025:<\/p>\n<p class=\"article-content article-content-width !bg-background\">Seiska listasi vuonna 2025 syntyneet julkkisvauvat. T\u00e4ss\u00e4 on Hollywoodin seuraava sukupolvi.\u00a0<\/p>\n<p>Millie Bobby Brown ja Jake Bongiovi<\/p>\n<p class=\"article-content article-content-width !bg-background\">Stranger things -sarjan 21-vuotias p\u00e4\u00e4t\u00e4hti  yll\u00e4tti faninsa t\u00e4ysin ilmoittaessaan elokuussa, ett\u00e4 h\u00e4nest\u00e4 on tullut \u00e4iti.<\/p>\n<p>        <a itemprop=\"url\" href=\"https:\/\/www.seiska.fi\/ulkomaat\/oho-stranger-things-tahti-21-sai-kaikessa-hiljaisuudessa-lapsen\/1907158\" rel=\"nofollow noopener\" target=\"_blank\"><\/p>\n<p>\nStranger things -t\u00e4hti\n<\/p>\n<p class=\"section-date\">\n        <strong class=\"article-section\" data-section=\"ulkomaat\"><br \/>\n            ulkomaat<br \/>\n        <\/strong><br \/>\n        22.8.2025 08:57\n    <\/p>\n<p>Oho! Stranger things -t\u00e4hti, 21, sai kaikessa hiljaisuudessa lapsen\n    <\/p>\n<p itemprop=\"description\" class=\"subtitle \">\n    N\u00e4yttelij\u00e4tt\u00e4ren perheenlis\u00e4ys tuli melkoisena yll\u00e4tyksen\u00e4.\n<\/p>\n<p>        <\/a><\/p>\n<p class=\"article-content article-content-width !bg-background\">Millie avioitui toukokuussa 2024 rockt\u00e4hti  pojan  kanssa. Pariskunta on kertonut avoimesti ihailevansa omien vanhempiensa nuorena solmimia ja vuosikymmeni\u00e4 kest\u00e4neit\u00e4 avioliittoja.\u00a0<\/p>\n<p>                <img decoding=\"async\" src=\"https:\/\/www.europesays.com\/fi\/wp-content\/uploads\/2026\/01\/2009638.webp.jpeg\" width=\"576\" height=\"720\" alt=\"Millien ja Jaken adoptio on her\u00e4tt\u00e4nyt kummastusta, sill\u00e4 t\u00e4htipari on viel\u00e4 kovin nuori.\" loading=\"lazy\" \/>            <\/p>\n<p>\n            Millien ja Jaken adoptio on her\u00e4tt\u00e4nyt kummastusta, sill\u00e4 t\u00e4htipari on viel\u00e4 kovin nuori.<br \/>\n            AOP\n        <\/p>\n<p class=\"article-content article-content-width !bg-background\">Millien ja Jaken avio-onni t\u00e4ydentyi kaikessa hiljaisuudessa kes\u00e4ll\u00e4 pienell\u00e4 adoptiotytt\u00e4rell\u00e4.\u00a0<\/p>\n<p>Kelsey Grammer ja Kayte Walsh<\/p>\n<p class=\"article-content article-content-width !bg-background\">Frasier-sarjasta tuttu , 70, ja vaimo , 46, saivat syksyll\u00e4 poikavauvan.\u00a0<\/p>\n<p>        <a itemprop=\"url\" href=\"https:\/\/www.seiska.fi\/katso\/kelsey-frasier-grammer-taytti-70-tyot-vaakalaudalla\/1621098\" rel=\"nofollow noopener\" target=\"_blank\"><\/p>\n<p>\nKelsey &#8221;Frasier&#8221; Grammer\n<\/p>\n<p class=\"section-date\">\n        <strong class=\"article-section\" data-section=\"katso\"><br \/>\n            katso<br \/>\n        <\/strong><br \/>\n        21.2.2025 18:15\n    <\/p>\n<p>Kelsey &#8221;Frasier&#8221; Grammer t\u00e4ytti 70 \u2013 ty\u00f6t vaakalaudalla\n    <\/p>\n<p itemprop=\"description\" class=\"subtitle \">\n    N\u00e4yttelij\u00e4n el\u00e4m\u00e4\u00e4 varjostavat perheenj\u00e4senten v\u00e4kivaltaiset kuolemat.\n<\/p>\n<p>        <\/a><\/p>\n<p class=\"article-content article-content-width !bg-background\"> -nimen saanut <a href=\"https:\/\/www.seiska.fi\/ulkomaat\/frasier-tahti-kelsey-grammer-70-sai-kahdeksannen-lapsensa\/1975290\" target=\"_blank\" rel=\"nofollow noopener\">lapsi on Kelseylle jo kahdeksas<\/a>. Kayten kanssa yhteist\u00e4 j\u00e4lkikasvua on nelj\u00e4n kappaleen verran. Kayte on vain kolme vuotta vanhempi kuin Kelseyn lapsista vanhin, .\u00a0<\/p>\n<p>                <img decoding=\"async\" src=\"https:\/\/www.europesays.com\/fi\/wp-content\/uploads\/2026\/01\/2009703.webp.jpeg\" width=\"576\" height=\"720\" alt=\"Kelsey on my\u00f6nt\u00e4nyt, ettei ole ollut kaikille lapsilleen paras mahdollinen is\u00e4. Nuorempien kohdalla h\u00e4n yritt\u00e4\u00e4 korjata menneit\u00e4 virheit\u00e4\u00e4n.\" loading=\"lazy\" \/>            <\/p>\n<p>\n            Kelsey on my\u00f6nt\u00e4nyt, ettei ole ollut kaikille lapsilleen paras mahdollinen is\u00e4. Nuorempien kohdalla h\u00e4n yritt\u00e4\u00e4 korjata menneit\u00e4 virheit\u00e4\u00e4n.<br \/>\n            AOP\n        <\/p>\n<p>Prinsessa Beatrice ja Edoardo Mapelli Mozzi<\/p>\n<p class=\"article-content article-content-width !bg-background\">Brittiprinsessa  ja liikemies  <a href=\"https:\/\/www.seiska.fi\/kuninkaalliset\/princessa-beatricen-vauva-syntyi\/1596547\" target=\"_blank\" rel=\"nofollow noopener\">perhe t\u00e4ydentyi tammikuussa toisella tytt\u00e4rell\u00e4<\/a>. Ennenaikaisesti syntynyt pikkuprinsessa sai nimekseen .\u00a0<\/p>\n<p>        <a itemprop=\"url\" href=\"https:\/\/www.seiska.fi\/kuninkaalliset\/prinssi-andrew-menetti-tittelinsa-nain-kay-tyttarien\/1979028\" rel=\"nofollow noopener\" target=\"_blank\"><\/p>\n<p>\nAndrew menetti tittelins\u00e4\n<\/p>\n<p class=\"section-date\">\n        <strong class=\"article-section\" data-section=\"kuninkaalliset\"><br \/>\n            kuninkaalliset<br \/>\n        <\/strong><br \/>\n        31.10.2025 10:34\n    <\/p>\n<p>Prinssi Andrew menetti tittelins\u00e4 \u2013 n\u00e4in k\u00e4y tytt\u00e4rien\n    <\/p>\n<p itemprop=\"description\" class=\"subtitle \">\n    Andrew&#8217;n skandaaleilla on ollut seurauksia my\u00f6s muulle perheelle.\n<\/p>\n<p>        <\/a><\/p>\n<p class=\"article-content article-content-width !bg-background\">Pariskunta kunnioittaa nimell\u00e4 Beatricen edesmennytt\u00e4 iso\u00e4iti\u00e4 kuningatar . Perheeseen kuuluu my\u00f6s nelivuotias -tyt\u00e4r sek\u00e4 Edoardon poika  aiemmasta suhteesta.\u00a0<\/p>\n<p>                <img decoding=\"async\" src=\"https:\/\/www.europesays.com\/fi\/wp-content\/uploads\/2026\/01\/2010490.webp.jpeg\" width=\"576\" height=\"720\" alt=\"Prinsessa Beatricen vuoteen on mahtunut my\u00f6s murheita, sill\u00e4 t\u00e4m\u00e4n Andrew-is\u00e4 on muhinut melkoisissa kohuissa.\" loading=\"lazy\" \/>            <\/p>\n<p>\n            Prinsessa Beatricen vuoteen on mahtunut my\u00f6s murheita, sill\u00e4 t\u00e4m\u00e4n Andrew-is\u00e4 on muhinut melkoisissa kohuissa.<br \/>\n            All Over Press\n        <\/p>\n<p>Cardi B ja Stefon Diggs<\/p>\n<p class=\"article-content article-content-width !bg-background\">Amerikkalaisr\u00e4pp\u00e4ri  on nyky\u00e4\u00e4n nelj\u00e4n lapsen \u00e4iti. Tuoreimman tulokkaan is\u00e4 on NFL-urheilija . Pariskunta kertoi seurustelustaan kes\u00e4ll\u00e4 2025, ja sen j\u00e4lkeen suhde eteni vauhdilla.\u00a0<\/p>\n<p>        <a itemprop=\"url\" href=\"https:\/\/www.seiska.fi\/ulkomaat\/rappari-cardi-b-lavisti-pyllyvakonsa-kuva\/1595381\" rel=\"nofollow noopener\" target=\"_blank\"><\/p>\n<p>\nR\u00e4pp\u00e4ri Cardi B\n<\/p>\n<p class=\"section-date\">\n        <strong class=\"article-section\" data-section=\"ulkomaat\"><br \/>\n            ulkomaat<br \/>\n        <\/strong><br \/>\n        28.1.2025 21:30\n    <\/p>\n<p>R\u00e4pp\u00e4ri Cardi B l\u00e4visti pyllyvakonsa \u2013 kuva\n    <\/p>\n<p itemprop=\"description\" class=\"subtitle \">\n    R\u00e4pp\u00e4rin rekkamiehen hymy on nyt koristettu timanteilla.\n<\/p>\n<p>        <\/a><\/p>\n<p class=\"article-content article-content-width !bg-background\">Cardin kolmen isomman lapsen is\u00e4 on rap-artisti . Ex-pari on keskell\u00e4 avioeroa. Cardi j\u00e4tti erohakemuksen kes\u00e4ll\u00e4 2024 saatuaan tarpeekseen kumppaninsa toistuvista syrj\u00e4hypyist\u00e4.<\/p>\n<p>Kieran Culkin ja Jazz Charton<\/p>\n<p class=\"article-content article-content-width !bg-background\"> pikkuveljen\u00e4kin tunnettu  palkittiin 2024 Emmyll\u00e4 roolistaan Succession-sarjassa. Kiitospuheessaan h\u00e4n vitsaili -vaimonsa luvanneen lis\u00e4\u00e4 lapsia, mik\u00e4li h\u00e4n nappaa palkinnon itselleen.\u00a0<\/p>\n<p>        <a itemprop=\"url\" href=\"https:\/\/www.seiska.fi\/ulkomaat\/tiesitko-yksin-kotona-tahti-vaihtoi-nimensa-vitsin-takia\/2002263\" rel=\"nofollow noopener\" target=\"_blank\"><\/p>\n<p>\nYksin kotona -t\u00e4hti\n<\/p>\n<p class=\"section-date\">\n        <strong class=\"article-section\" data-section=\"ulkomaat\"><br \/>\n            ulkomaat<br \/>\n        <\/strong><br \/>\n        29.11.2025 18:00\n    <\/p>\n<p>Tiesitk\u00f6? Yksin kotona -t\u00e4hti vaihtoi nimens\u00e4 vitsin takia\n    <\/p>\n<p itemprop=\"description\" class=\"subtitle \">\n    Macaulay Culkin muistuttaa ihmisi\u00e4 oikeasta nimest\u00e4\u00e4n.\n<\/p>\n<p>        <\/a><\/p>\n<p class=\"article-content article-content-width !bg-background\">Ilmeisesti sopimus piti, sill\u00e4 Culkinien n\u00e4yttelij\u00e4sukuun saatiin syksyll\u00e4 uusi j\u00e4sen. Jazz ja Kieran toivottivat tervetulleeksi kolmannen lapsensa. Parilla on my\u00f6s vuosina 2019 ja 2021 syntyneet lapset.<\/p>\n<p>                <img decoding=\"async\" src=\"https:\/\/www.europesays.com\/fi\/wp-content\/uploads\/2026\/01\/2010496.webp.jpeg\" width=\"576\" height=\"509\" alt=\"Oscar-palkinnon voitettuaan Kieran on vitsaillut ansaitsevansa viel\u00e4 nelj\u00e4nnenkin lapsen.\" loading=\"lazy\" \/>            <\/p>\n<p>\n            Oscar-palkinnon voitettuaan Kieran on vitsaillut ansaitsevansa viel\u00e4 nelj\u00e4nnenkin lapsen.<br \/>\n            AOP\n        <\/p>\n<p>Chris Evans ja Alba Baptista<\/p>\n<p class=\"article-content article-content-width !bg-background\">Avengers-elokuvien staran  ja n\u00e4yttelij\u00e4vaimo \u00a0tyt\u00e4r syntyi marraskuun 24. p\u00e4iv\u00e4. Pienokainen sai nimekseen .<\/p>\n<p>        <a itemprop=\"url\" href=\"https:\/\/www.seiska.fi\/ulkomaat\/oho-nailla-hollywood-pareilla-on-ikaeroa-jopa-kymmenia-vuosia\/1961173\" rel=\"nofollow noopener\" target=\"_blank\"><\/p>\n<p>\nHollywoodissa ei vanhuus paina!\n<\/p>\n<p class=\"section-date\">\n        <strong class=\"article-section\" data-section=\"ulkomaat\"><br \/>\n            ulkomaat<br \/>\n        <\/strong><br \/>\n        18.10.2025 18:00\n    <\/p>\n<p>Oho! N\u00e4ill\u00e4 Hollywood-pareilla on ik\u00e4eroa jopa kymmeni\u00e4 vuosia\n    <\/p>\n<p itemprop=\"description\" class=\"subtitle \">\n    Elokuvaohjaaja Sam Taylor-Wood oli 42-vuotias, kun h\u00e4n iski silm\u00e4ns\u00e4 tuolloin vain 18-vuotiaaseen Aaron Johnsoniin.\n<\/p>\n<p>        <\/a><\/p>\n<p class=\"article-content article-content-width !bg-background\">Lapsi on ensimm\u00e4inen niin 44-vuotiaalle Chrisille kuin 28-vuotiaalle Alballekin. <a href=\"https:\/\/www.elle.com\/culture\/celebrities\/a69225516\/chris-evans-is-completely-in-awe-of-his-daughter-with-alba-baptista\/\" target=\"_blank\" rel=\"nofollow noopener\">Vuonna 2023 avioituneen pariskunnan kerrotaan olevan haltioissaan pienest\u00e4 tytt\u00e4rest\u00e4\u00e4n<\/a>.<\/p>\n<p>                <img decoding=\"async\" src=\"https:\/\/www.europesays.com\/fi\/wp-content\/uploads\/2026\/01\/2010493.webp.jpeg\" width=\"576\" height=\"677\" alt=\"Lukuisten julkkiskaunottarien kanssa deittaillut Chris asettui vihdoin aloilleen Alban tavattuaan.\" loading=\"lazy\" \/>            <\/p>\n<p>\n            Lukuisten julkkiskaunottarien kanssa deittaillut Chris asettui vihdoin aloilleen Alban tavattuaan.<br \/>\n            Matt Baron\/BEI\/Shutterstock\/All Over Press\n        <\/p>\n<p>My\u00f6s he saivat perheenlis\u00e4yst\u00e4<\/p>\n<p class=\"article-content article-content-width !bg-background\">Laulaja  ja <\/p>\n<p class=\"article-content article-content-width !bg-background\">N\u00e4yttelij\u00e4  ja <\/p>\n<p class=\"article-content article-content-width !bg-background\">Liikemies  ja <\/p>\n<p class=\"article-content article-content-width !bg-background\">Disney-t\u00e4hti  ja <\/p>\n<p class=\"article-content article-content-width !bg-background\">N\u00e4yttelij\u00e4  ja <\/p>\n<p class=\"article-content article-content-width !bg-background\">N\u00e4yttelij\u00e4pari  ja <\/p>\n<p class=\"article-content article-content-width !bg-background\">Laulaja  ja <\/p>\n<p class=\"article-content article-content-width !bg-background\">Malli  ja <\/p>\n<p class=\"article-content article-content-width !bg-background\">N\u00e4yttelij\u00e4 <\/p>\n<p class=\"article-content article-content-width !bg-background\">Ex-teinit\u00e4hti  ja <\/p>\n<p class=\"article-content article-content-width !bg-background\">N\u00e4yttelij\u00e4  ja <\/p>\n<p class=\"article-content article-content-width !bg-background\">Prinssin ex-rakas  ja <\/p>\n<p class=\"article-content article-content-width !bg-background\">Jersey Shore -t\u00e4hti  ja <\/p>\n<p class=\"article-content article-content-width !bg-background\">Miss Universum  ja <\/p>\n<p class=\"article-content article-content-width !bg-background\">N\u00e4yttelij\u00e4  ja <\/p>\n<p class=\"article-content article-content-width !bg-background\">N\u00e4yttelij\u00e4  ja <\/p>\n<p class=\"article-content article-content-width !bg-background\">Dj  ja <\/p>\n<p class=\"article-content article-content-width !bg-background\">N\u00e4yttelij\u00e4  ja <\/p>\n<p class=\"article-content article-content-width !bg-background\">Dj  ja <\/p>\n<p class=\"article-content article-content-width !bg-background\">N\u00e4yttelij\u00e4  ja <\/p>\n<p class=\"article-content article-content-width !bg-background\">Seurapiirikaunotar  ja <\/p>\n<p class=\"article-content article-content-width !bg-background\">Laulaja  ja <\/p>\n<p class=\"article-content article-content-width !bg-background\">N\u00e4yttelij\u00e4  ja <\/p>\n","protected":false},"excerpt":{"rendered":"All Over Press\/ Adobe Stock Photo Hollywoodiin syntyi hurja m\u00e4\u00e4r\u00e4 lapsosia p\u00e4\u00e4ttyneen\u00e4 vuonna. Kulunut vuosi on ollut varsinaista&hellip;\n","protected":false},"author":2,"featured_media":130946,"comment_status":"","ping_status":"","sticky":false,"template":"","format":"standard","meta":{"footnotes":""},"categories":[130],"tags":[13990,23189,23194,1797,137,33,31,30,5906,4169,2123,23190,23191,16053,256,23192,23193,5598,98,4199,12218,32,109],"class_list":{"0":"post-130945","1":"post","2":"type-post","3":"status-publish","4":"format-standard","5":"has-post-thumbnail","7":"category-viihde","8":"tag-amber-heard","9":"tag-brooke-hogan","10":"tag-cardi-b","11":"tag-elon-musk","12":"tag-entertainment","13":"tag-fi","14":"tag-finland","15":"tag-finnish","16":"tag-henry-cavill","17":"tag-hollywood","18":"tag-jennifer-lawrence","19":"tag-julkkisvauvat","20":"tag-kate-upton","21":"tag-kelsey-grammer","22":"tag-kieran-culkin","23":"tag-machine-gun-kelly","24":"tag-meghan-fox","25":"tag-millie-bobby-brown","26":"tag-perhe","27":"tag-prinsessa-beatrice","28":"tag-rihanna","29":"tag-suomi","30":"tag-viihde"},"share_on_mastodon":{"url":"https:\/\/pubeurope.com\/@fi\/115821344432631099","error":""},"_links":{"self":[{"href":"https:\/\/www.europesays.com\/fi\/wp-json\/wp\/v2\/posts\/130945","targetHints":{"allow":["GET"]}}],"collection":[{"href":"https:\/\/www.europesays.com\/fi\/wp-json\/wp\/v2\/posts"}],"about":[{"href":"https:\/\/www.europesays.com\/fi\/wp-json\/wp\/v2\/types\/post"}],"author":[{"embeddable":true,"href":"https:\/\/www.europesays.com\/fi\/wp-json\/wp\/v2\/users\/2"}],"replies":[{"embeddable":true,"href":"https:\/\/www.europesays.com\/fi\/wp-json\/wp\/v2\/comments?post=130945"}],"version-history":[{"count":0,"href":"https:\/\/www.europesays.com\/fi\/wp-json\/wp\/v2\/posts\/130945\/revisions"}],"wp:featuredmedia":[{"embeddable":true,"href":"https:\/\/www.europesays.com\/fi\/wp-json\/wp\/v2\/media\/130946"}],"wp:attachment":[{"href":"https:\/\/www.europesays.com\/fi\/wp-json\/wp\/v2\/media?parent=130945"}],"wp:term":[{"taxonomy":"category","embeddable":true,"href":"https:\/\/www.europesays.com\/fi\/wp-json\/wp\/v2\/categories?post=130945"},{"taxonomy":"post_tag","embeddable":true,"href":"https:\/\/www.europesays.com\/fi\/wp-json\/wp\/v2\/tags?post=130945"}],"curies":[{"name":"wp","href":"https:\/\/api.w.org\/{rel}","templated":true}]}}