{"id":130952,"date":"2026-01-01T18:55:08","date_gmt":"2026-01-01T18:55:08","guid":{"rendered":"https:\/\/www.europesays.com\/fi\/130952\/"},"modified":"2026-01-01T18:55:08","modified_gmt":"2026-01-01T18:55:08","slug":"pasilan-myrkky-joni-arvio-hannu-pekka-bjorkmanin-rikossarja-yllattaa","status":"publish","type":"post","link":"https:\/\/www.europesays.com\/fi\/130952\/","title":{"rendered":"Pasilan myrkky \u2013 Joni -arvio: Hannu-Pekka Bj\u00f6rkmanin rikossarja yll\u00e4tt\u00e4\u00e4"},"content":{"rendered":"<p>Kotimaisen rikossarjan uudet jaksot eroavat aiemmista kuin y\u00f6 ja p\u00e4iv\u00e4.<\/p>\n<p>Lue tiivistelm\u00e4<\/p>\n<p class=\"article-body mb-nof-24 px-nof-16 sndp-summary-bullet-point-font\">Kotimaisen Pasilan myrkyn uusi kausi eroaa ensimm\u00e4isest\u00e4 kuin y\u00f6 ja p\u00e4iv\u00e4, kirjoittaa toimittaja Taneli Topelius.<\/p>\n<p class=\"article-body mb-nof-24 px-nof-16 sndp-summary-bullet-point-font\">Toinen kausi tapahtuu kes\u00e4kuussa ja kohtaukset tulvivat valoa ja vihre\u00e4\u00e4 kaupunkiluontoa.<\/p>\n<p class=\"article-body mb-nof-24 px-nof-16 sndp-summary-bullet-point-font\">Kahden ensimm\u00e4isen jakson aikana nuorista n\u00e4yttelij\u00f6ist\u00e4 erottuvat Jasir Osman ja Ona Huczkowski.<\/p>\n<p class=\"article-body mb-nof-24 px-nof-16 sndp-summary-bullet-point-font\">Vaikka osa synk\u00e4st\u00e4 intensiteetist\u00e4 on haihtunut, tilalla on entist\u00e4 kattavampi kiinnostavien tyyppien kaarti, Topelius kirjoittaa.<\/p>\n<p class=\"article-body mb-nof-24 px-nof-16\">Tv-lehti arvioi: Rikossarjojen yst\u00e4v\u00e4t, varautukaa yll\u00e4tykseen. Kotimaisen Pasilan myrkyn uusi kausi eroaa ensimm\u00e4isest\u00e4 kuin y\u00f6 ja p\u00e4iv\u00e4.<\/p>\n<p class=\"article-body mb-nof-24 px-nof-16\">Siis aivan kirjaimellisesti.<\/p>\n<p class=\"article-body mb-nof-24 px-nof-16\">Lis\u00e4nimen Joni saanut toinen kausi tapahtuu kes\u00e4kuussa, ja sen kohtaukset tulvivat valoa, vihre\u00e4\u00e4 kaupunkiluontoa ja usein jopa aurinkoa. Ensimm\u00e4isen sarjan pimeys, kylm\u00e4nkalseus ja synkkyys ovat poissa.<\/p>\n<p class=\"article-body mb-nof-24 px-nof-16\">Moni muukin asia on muuttunut, paitsi kaksi olennaisinta. Pasilan myrkky on s\u00e4ilytt\u00e4nyt laatunsa, ja sen tarina tulvii edelleen kiinnostavia p\u00e4\u00e4henkil\u00f6it\u00e4.<\/p>\n<p class=\"article-body mb-nof-24 px-nof-16\">Etunen\u00e4ss\u00e4 on <a class=\"font-bold underline-offset-[0.12em] [text-decoration:var(--person-link-text-decoration)] ![text-decoration-color:var(--person-link-text-decoration-color)]\" href=\"https:\/\/www.is.fi\/haku\/?query=Hannu-Pekka%20Bj%C3%B6rkman\" rel=\"nofollow noopener\" target=\"_blank\">Hannu-Pekka Bj\u00f6rkman<\/a>, joka solahtaa huumepoliisi Kalle Pesosen kyynisiin nahkoihin niin saumattomasti, ett\u00e4 koko rooli tuntuu yh\u00e4 enemm\u00e4n h\u00e4nelle varta vasten luodulta.<\/p>\n<p><img decoding=\"async\" src=\"https:\/\/www.europesays.com\/fi\/wp-content\/uploads\/2026\/01\/1767293708_21_468.jpg\" alt=\"Hannu-Pekka Bj\u00f6rkman solahtaa huumepoliisi Kalle Pesosen nahkoihin saumattomasti.\" class=\"_Img_1rerz_1\" style=\"aspect-ratio:1.7794253938832252\" loading=\"eager\"\/><\/p>\n<p class=\"article-picture-caption\">Hannu-Pekka Bj\u00f6rkman solahtaa huumepoliisi Kalle Pesosen nahkoihin saumattomasti. Kuva:\u00a0Ilona Savola \/ Elisa Viihde<\/p>\n<p class=\"article-body mb-nof-24 px-nof-16\">Toisen kauden tarina on napattu entisen helsinkil\u00e4isen huumepoliisin <a class=\"font-bold underline-offset-[0.12em] [text-decoration:var(--person-link-text-decoration)] ![text-decoration-color:var(--person-link-text-decoration-color)]\" href=\"https:\/\/www.is.fi\/haku\/?query=Kalevi%20Puontin\" rel=\"nofollow noopener\" target=\"_blank\">Kalevi Puontin<\/a> dekkarisarjan kuudennesta kirjasta. Alkajaisiksi kahdesta kilpailevasta katujengist\u00e4 ammutaan per\u00e4kk\u00e4in molempien keulahahmot.<\/p>\n<p class=\"article-body mb-nof-24 px-nof-16\">Huumeiden ja j\u00e4rjest\u00e4ytyneen rikollisuuden torjuntaan keskittyneen Myrkky-ryhm\u00e4n eteen uhkaa r\u00e4v\u00e4ht\u00e4\u00e4 sek\u00e4 jengisotaa enteilev\u00e4 koston kierre ett\u00e4 huumediilereiden reviirien uusjako.<\/p>\n<p class=\"article-body mb-nof-24 px-nof-16\">Ylh\u00e4\u00e4lt\u00e4 valvovan poliisin lis\u00e4ksi kauden n\u00e4k\u00f6kulma malttaa pysy\u00e4 tarpeeksi kauan jengil\u00e4isiss\u00e4 ja heid\u00e4n arjessaan. Vaikka monet heist\u00e4 paikannetaan somalialais\u00adsukuisiksi, kerrankin pikku\u00adrikollisuus ei ole ainoa heid\u00e4n maahan\u00admuuttaja\u00adtaustaansa m\u00e4\u00e4ritt\u00e4v\u00e4 tekij\u00e4.<\/p>\n<p><img decoding=\"async\" src=\"https:\/\/www.europesays.com\/fi\/wp-content\/uploads\/2026\/01\/1767293708_938_468.jpg\" alt=\"Alex (Jasir Osman) yritt\u00e4\u00e4 jarrutella katujengien v\u00e4list\u00e4 koston kierrett\u00e4.\" class=\"_Img_1rerz_1\" style=\"aspect-ratio:1.7794253938832252\" loading=\"eager\"\/><\/p>\n<p class=\"article-picture-caption\">Alex (Jasir Osman) yritt\u00e4\u00e4 jarrutella katujengien v\u00e4list\u00e4 koston kierrett\u00e4. Kuva:\u00a0Ilona Savola \/ Elisa Viihde<\/p>\n<p class=\"article-body mb-nof-24 px-nof-16\">Kahden ensimm\u00e4isen jakson aikana nuorista n\u00e4yttelij\u00f6ist\u00e4 erottuvat etenkin jengil\u00e4isten koston kierrett\u00e4 jarruttelevaa Alexia n\u00e4yttelev\u00e4 <a class=\"font-bold underline-offset-[0.12em] [text-decoration:var(--person-link-text-decoration)] ![text-decoration-color:var(--person-link-text-decoration-color)]\" href=\"https:\/\/www.is.fi\/haku\/?query=Jasir%20Osman\" rel=\"nofollow noopener\" target=\"_blank\">Jasir Osman<\/a> sek\u00e4 pikkusiskonsa kanssa sanailevaa Ameliaa esitt\u00e4v\u00e4 <a class=\"font-bold underline-offset-[0.12em] [text-decoration:var(--person-link-text-decoration)] ![text-decoration-color:var(--person-link-text-decoration-color)]\" href=\"https:\/\/www.is.fi\/haku\/?query=Ona%20Huczkowski\" rel=\"nofollow noopener\" target=\"_blank\">Ona Huczkowski<\/a>.<\/p>\n<p class=\"article-body mb-nof-24 px-nof-16\">My\u00f6s nuori <a class=\"font-bold underline-offset-[0.12em] [text-decoration:var(--person-link-text-decoration)] ![text-decoration-color:var(--person-link-text-decoration-color)]\" href=\"https:\/\/www.is.fi\/haku\/?query=Aleksi%20Johansson\" rel=\"nofollow noopener\" target=\"_blank\">Aleksi Johansson<\/a> luo uskottavan roolin painostuksen kohteeksi joutuvana 13-vuotiaana kuuliaisena Abdi-poikana.<\/p>\n<p class=\"article-body mb-nof-24 px-nof-16\">Inhimillisen henkil\u00f6kuvauksen takana ovat ohjaajakonkari <a class=\"font-bold underline-offset-[0.12em] [text-decoration:var(--person-link-text-decoration)] ![text-decoration-color:var(--person-link-text-decoration-color)]\" href=\"https:\/\/www.is.fi\/haku\/?query=Marja%20Pyykk%C3%B6\" rel=\"nofollow noopener\" target=\"_blank\">Marja Pyykk\u00f6<\/a> sek\u00e4 k\u00e4sikirjoittajat <a class=\"font-bold underline-offset-[0.12em] [text-decoration:var(--person-link-text-decoration)] ![text-decoration-color:var(--person-link-text-decoration-color)]\" href=\"https:\/\/www.is.fi\/haku\/?query=Juha%20Karvanen\" rel=\"nofollow noopener\" target=\"_blank\">Juha Karvanen<\/a> ja <a class=\"font-bold underline-offset-[0.12em] [text-decoration:var(--person-link-text-decoration)] ![text-decoration-color:var(--person-link-text-decoration-color)]\" href=\"https:\/\/www.is.fi\/haku\/?query=Tiina%20Tanskanen\" rel=\"nofollow noopener\" target=\"_blank\">Tiina Tanskanen<\/a>, jotka ovat korvanneet ensimm\u00e4ist\u00e4 kautta luotsanneet <a class=\"font-bold underline-offset-[0.12em] [text-decoration:var(--person-link-text-decoration)] ![text-decoration-color:var(--person-link-text-decoration-color)]\" href=\"https:\/\/www.is.fi\/haku\/?query=Max%20Ovaskan\" rel=\"nofollow noopener\" target=\"_blank\">Max Ovaskan<\/a>, <a class=\"font-bold underline-offset-[0.12em] [text-decoration:var(--person-link-text-decoration)] ![text-decoration-color:var(--person-link-text-decoration-color)]\" href=\"https:\/\/www.is.fi\/haku\/?query=Jussi%20Hiltusen\" rel=\"nofollow noopener\" target=\"_blank\">Jussi Hiltusen<\/a> ja <a class=\"font-bold underline-offset-[0.12em] [text-decoration:var(--person-link-text-decoration)] ![text-decoration-color:var(--person-link-text-decoration-color)]\" href=\"https:\/\/www.is.fi\/haku\/?query=Josefina%20Rautiaisen\" rel=\"nofollow noopener\" target=\"_blank\">Josefina Rautiaisen<\/a>.<\/p>\n<p class=\"article-body mb-nof-24 px-nof-16\">Osa aiemman kauden synk\u00e4st\u00e4 intensiteetist\u00e4 on keskeisten tekij\u00f6iden vaihtumisen mukana haihtunut, mutta tilalla on entist\u00e4 kattavampi kiinnostavien tyyppien kaarti.<\/p>\n<p><img decoding=\"async\" src=\"https:\/\/www.europesays.com\/fi\/wp-content\/uploads\/2026\/01\/1767293708_678_468.jpg\" alt=\"Kauden nimihahmo Joni (Miro Lopperi) j\u00e4tet\u00e4\u00e4n sarjan alussa tarkoituksella arvoitukseksi.\" class=\"_Img_1rerz_1\" style=\"aspect-ratio:1.7794253938832252\" loading=\"eager\"\/><\/p>\n<p class=\"article-picture-caption\">Kauden nimihahmo Joni (Miro Lopperi) j\u00e4tet\u00e4\u00e4n sarjan alussa tarkoituksella arvoitukseksi. Kuva:\u00a0Ilona Savola \/ Elisa Viihde<\/p>\n<p class=\"article-body mb-nof-24 px-nof-16\">Fiksu veto on sekin, ett\u00e4 yksitt\u00e4isten jaksojen pituus on tuplattu noin 45-minuuttisiksi ja osien m\u00e4\u00e4r\u00e4 puolitettu. Toinen kausi on siis yht\u00e4 pitk\u00e4 kuin ensimm\u00e4inen mutta kulkee tarinan kannalta j\u00e4rkev\u00e4mm\u00e4ss\u00e4 rytmiss\u00e4.<\/p>\n<p class=\"article-body mb-nof-24 px-nof-16\"><a class=\"font-bold underline-offset-[0.12em] [text-decoration:var(--person-link-text-decoration)] ![text-decoration-color:var(--person-link-text-decoration-color)]\" href=\"https:\/\/www.is.fi\/haku\/?query=Miro%20Lopperin\" rel=\"nofollow noopener\" target=\"_blank\">Miro Lopperin<\/a> n\u00e4yttelem\u00e4 arvoituksellinen Joni, kauden nimihahmo, tosin esitell\u00e4\u00e4n kunnolla vasta aivan ensimm\u00e4isen jakson lopussa. T\u00e4st\u00e4 seuraa, ett\u00e4 alun k\u00e4\u00e4nteiden merkitys alkaa raottua vasta toisessa jaksossa.<\/p>\n<p class=\"article-body mb-nof-24 px-nof-16\">K\u00e4rsim\u00e4tt\u00f6mi\u00e4 siis koetellaan. Korvikkeena ovat jengil\u00e4isten lis\u00e4ksi Pasilan Myrkky-ryhm\u00e4n mainiot tyypit, joista esiin nousee nyt etenkin <a class=\"font-bold underline-offset-[0.12em] [text-decoration:var(--person-link-text-decoration)] ![text-decoration-color:var(--person-link-text-decoration-color)]\" href=\"https:\/\/www.is.fi\/haku\/?query=Seidi%20Haarlan\" rel=\"nofollow noopener\" target=\"_blank\">Seidi Haarlan<\/a> n\u00e4yttelem\u00e4 m\u00e4\u00e4r\u00e4tietoinen Kirsi Koski.<\/p>\n<p><img decoding=\"async\" src=\"https:\/\/www.europesays.com\/fi\/wp-content\/uploads\/2026\/01\/1767293708_674_468.jpg\" alt=\"Ona Huczkowski esitt\u00e4\u00e4 vastuuntuntoista Ameliaa.\" class=\"_Img_1rerz_1\" style=\"aspect-ratio:1.7777777777777777\" loading=\"eager\"\/><\/p>\n<p class=\"article-picture-caption\">Ona Huczkowski esitt\u00e4\u00e4 vastuuntuntoista Ameliaa. Kuva:\u00a0Ilona Savola \/ Elisa Viihde<\/p>\n<p class=\"article-body mb-nof-24 px-nof-16\">Ja sitten on Bj\u00f6rkmanin n\u00e4yttelem\u00e4 Pesonen, joka kyynisten murinoidensakin kera on rakastettava, valikoitua empatiaa huokuva tapaus. Jotain hauskaa on siin\u00e4, ett\u00e4 t\u00e4m\u00e4 s\u00e4\u00e4nt\u00f6j\u00e4 rikkova kyyninen ammattilainen hermoilee vain sis\u00e4iseen tutkintaan joutumista sek\u00e4 h\u00e4nt\u00e4 tansseihin pyyt\u00e4v\u00e4\u00e4 naapurin kissanaista.<\/p>\n<p class=\"article-body nof-ui-body-medium mb-nof-24 px-nof-16\">Pasilan myrkky \u2013 Joni, torstai 1.1. alkaen Ruutu+<\/p>\n","protected":false},"excerpt":{"rendered":"Kotimaisen rikossarjan uudet jaksot eroavat aiemmista kuin y\u00f6 ja p\u00e4iv\u00e4. Lue tiivistelm\u00e4 Kotimaisen Pasilan myrkyn uusi kausi eroaa&hellip;\n","protected":false},"author":2,"featured_media":130953,"comment_status":"","ping_status":"","sticky":false,"template":"","format":"standard","meta":{"footnotes":""},"categories":[5],"tags":[22,23,26,27,33,31,30,17,34,24,25,28,29,15,18,21,32,19,20,16],"class_list":{"0":"post-130952","1":"post","2":"type-post","3":"status-publish","4":"format-standard","5":"has-post-thumbnail","7":"category-otsikot","8":"tag-breaking-news","9":"tag-breakingnews","10":"tag-featured-news","11":"tag-featurednews","12":"tag-fi","13":"tag-finland","14":"tag-finnish","15":"tag-headlines","16":"tag-ilta-sanomat","17":"tag-latest-news","18":"tag-latestnews","19":"tag-main-news","20":"tag-mainnews","21":"tag-news","22":"tag-otsikot","23":"tag-paauutiset","24":"tag-suomi","25":"tag-top-stories","26":"tag-topstories","27":"tag-uutiset"},"share_on_mastodon":{"url":"https:\/\/pubeurope.com\/@fi\/115821368475932563","error":""},"_links":{"self":[{"href":"https:\/\/www.europesays.com\/fi\/wp-json\/wp\/v2\/posts\/130952","targetHints":{"allow":["GET"]}}],"collection":[{"href":"https:\/\/www.europesays.com\/fi\/wp-json\/wp\/v2\/posts"}],"about":[{"href":"https:\/\/www.europesays.com\/fi\/wp-json\/wp\/v2\/types\/post"}],"author":[{"embeddable":true,"href":"https:\/\/www.europesays.com\/fi\/wp-json\/wp\/v2\/users\/2"}],"replies":[{"embeddable":true,"href":"https:\/\/www.europesays.com\/fi\/wp-json\/wp\/v2\/comments?post=130952"}],"version-history":[{"count":0,"href":"https:\/\/www.europesays.com\/fi\/wp-json\/wp\/v2\/posts\/130952\/revisions"}],"wp:featuredmedia":[{"embeddable":true,"href":"https:\/\/www.europesays.com\/fi\/wp-json\/wp\/v2\/media\/130953"}],"wp:attachment":[{"href":"https:\/\/www.europesays.com\/fi\/wp-json\/wp\/v2\/media?parent=130952"}],"wp:term":[{"taxonomy":"category","embeddable":true,"href":"https:\/\/www.europesays.com\/fi\/wp-json\/wp\/v2\/categories?post=130952"},{"taxonomy":"post_tag","embeddable":true,"href":"https:\/\/www.europesays.com\/fi\/wp-json\/wp\/v2\/tags?post=130952"}],"curies":[{"name":"wp","href":"https:\/\/api.w.org\/{rel}","templated":true}]}}