{"id":130954,"date":"2026-01-01T18:56:08","date_gmt":"2026-01-01T18:56:08","guid":{"rendered":"https:\/\/www.europesays.com\/fi\/130954\/"},"modified":"2026-01-01T18:56:08","modified_gmt":"2026-01-01T18:56:08","slug":"suden-metsastys-alkoi-vilkkaasti-mtv-uutiset","status":"publish","type":"post","link":"https:\/\/www.europesays.com\/fi\/130954\/","title":{"rendered":"Suden mets\u00e4stys alkoi vilkkaasti | MTV Uutiset"},"content":{"rendered":"<p><strong class=\"typography-bold\">Suden kiinti\u00f6mets\u00e4stys on k\u00e4ynnistynyt vilkkaasti eri puolilla maata.\u00a0<\/strong><\/p>\n<p>Suden\u00a0kiinti\u00f6mets\u00e4stys\u00a0on alkanut t\u00e4n\u00e4\u00e4n torstaina.<\/p>\n<p>Suden\u00a0ymp\u00e4rivuotinen rauhoitus on poistettu\u00a0mets\u00e4styslaista. S\u00e4\u00e4detty rauhoitusaika on nyt 11. helmikuuta\u2013 30. marraskuuta.<\/p>\n<p><strong class=\"typography-bold\">Lue lis\u00e4\u00e4: <\/strong><a class=\"cursor-pointer underline\" data-testid=\"internal-link\" role=\"link\" data-sentry-element=\"Link\" data-sentry-component=\"InternalLink\" data-sentry-source-file=\"InternalLink.tsx\" href=\"https:\/\/www.mtvuutiset.fi\/artikkeli\/suden-metsastys-alkaa-1-tammikuuta-nain-kiintio-jakautuu\/9276298\" rel=\"nofollow noopener\" target=\"_blank\"><strong class=\"typography-bold\">Suden mets\u00e4stys alkaa 1. tammikuuta \u2013 n\u00e4in kiinti\u00f6 jakautuu<\/strong><\/a><\/p>\n<p>Torstai-iltaan menness\u00e4 on ilmoitettu jo 12 kaadettua sutta eri puolilla maata.<\/p>\n<p>Kitee\u2013Tohmaj\u00e4rvi-alueella tapettiin avausp\u00e4iv\u00e4n\u00e4 kaksi t\u00e4ysikasvuista sutta.\u00a0<\/p>\n<p>Saaliiksi tavoitellaan erityisesti ep\u00e4puhtaita risteymi\u00e4 ja vahinkoja aiheuttavia laumoja.<\/p>\n<p>Tohmaj\u00e4rven ja Kiteen alueen mets\u00e4styksenjohtaja<strong class=\"typography-bold\"> Mika Piiroinen <\/strong>kertoo, ett\u00e4 alueella kaadetut el\u00e4imet l\u00e4hetet\u00e4\u00e4n seuraavaksi Luonnonvarakeskuksen DNA-tutkimuksiin.<\/p>\n<p>Susijahti jatkuu It\u00e4-Suomessa mahdollisesti jo huomenna.<\/p>\n<p><strong class=\"typography-bold\">Lue my\u00f6s: <\/strong><a class=\"cursor-pointer underline\" data-testid=\"internal-link\" role=\"link\" data-sentry-element=\"Link\" data-sentry-component=\"InternalLink\" data-sentry-source-file=\"InternalLink.tsx\" href=\"https:\/\/www.mtvuutiset.fi\/artikkeli\/nain-metsastyslaki-muuttuu-kohun-keskella-olevaa-saukkoa-on-voinutkin-metsastaa-jo-nyt-suora-lahetys-kello-12-30\/9267552\" rel=\"nofollow noopener\" target=\"_blank\"><strong class=\"typography-bold\">Suden, karhun ja ilveksen mets\u00e4styksen laki muuttuu: &#8221;Historiallisen h\u00e4ik\u00e4ilem\u00e4t\u00f6nt\u00e4&#8221;<\/strong><\/a><strong class=\"typography-bold\">Alueelliset kiinti\u00f6t<\/strong><\/p>\n<p>Suden\u00a0kiinti\u00f6mets\u00e4stys kohdennetaan alueellisilla kiinti\u00f6ill\u00e4. Kiinti\u00f6n kokonaism\u00e4\u00e4r\u00e4 on sata sutta poronhoitoalueen ulkopuolella.\u00a0<\/p>\n<p>Riistakeskuksen\u00a0<a class=\"underline\" data-testid=\"external-link\" href=\"https:\/\/riista.fi\/metsastys\/suden-kiintiometsastys-2026\/\" rel=\"noopener noreferrer nofollow\" data-sentry-component=\"ExternalLink\" data-sentry-source-file=\"ExternalLink.tsx\" target=\"_blank\">mukaan<\/a>\u00a0mets\u00e4stys\u00a0sallitaan yhteens\u00e4 16 kiinti\u00f6alueella eri puolilla maata.<\/p>\n<p>Alueita on painotettu lounaiseen Suomeen, jossa susireviirej\u00e4 on runsaasti ja niiden m\u00e4\u00e4r\u00e4 on kasvanut nopeasti.<\/p>\n<p>Riistakeskuksen mukaan painopiste on alueilla, joilla susien aiheuttamat vahingot tai turvallisuushuolia aiheuttavat tilanteet ovat olleet merkitt\u00e4vi\u00e4.\u00a0<\/p>\n<p>Lis\u00e4ksi\u00a0mets\u00e4styst\u00e4\u00a0suunnataan\u00a0mets\u00e4peura-alueille ja alueille, joilla liikkuu ep\u00e4iltyj\u00e4 koirasusia.<\/p>\n<p><strong class=\"typography-bold\">Lue my\u00f6s: <\/strong><a class=\"cursor-pointer underline\" data-testid=\"internal-link\" role=\"link\" data-sentry-element=\"Link\" data-sentry-component=\"InternalLink\" data-sentry-source-file=\"InternalLink.tsx\" href=\"https:\/\/www.mtvuutiset.fi\/artikkeli\/wwf-lta-epaileva-kommentti-hallituksen-paatokseen-susien-metsastyksesta\/9258712\" rel=\"nofollow noopener\" target=\"_blank\"><strong class=\"typography-bold\">WWF:lt\u00e4 ep\u00e4ilev\u00e4 kommentti hallituksen aikeille susien mets\u00e4styksest\u00e4<\/strong><\/a><strong class=\"typography-bold\">Luonnonsuojeluliitto tuomitsee<\/strong><\/p>\n<p><a class=\"cursor-pointer underline\" data-testid=\"internal-link\" role=\"link\" data-sentry-element=\"Link\" data-sentry-component=\"InternalLink\" data-sentry-source-file=\"InternalLink.tsx\" href=\"https:\/\/www.mtvuutiset.fi\/artikkeli\/luonnonsuojeluliitto-tuomitsee-suden-metsastyksen-aloittamisen-aikoo-kannella-eu-komissiolle\/9276348\" rel=\"nofollow noopener\" target=\"_blank\">Luonnonsuojeluliitto <\/a>pit\u00e4\u00e4 laajamittaista sudenmets\u00e4styst\u00e4 EU:n luontodirektiivin vastaisena.<\/p>\n<p>\u2013 Sadan suden kiinti\u00f6mets\u00e4stys rikkoo EU:n luontodirektiivi\u00e4 sek\u00e4 vaarantaa eritt\u00e4in uhanalaisen susikannan, Suomen luonnonsuojeluliiton toiminnanjohtaja <strong class=\"typography-bold\">Tapani Veistola<\/strong> kommentoi tiedotteessa.<\/p>\n<p>Suden mets\u00e4stys toteutetaan kiinti\u00f6mets\u00e4styksen\u00e4, josta puuttuvat liiton mukaan kaikki oikeusturvakeinot.<\/p>\n","protected":false},"excerpt":{"rendered":"Suden kiinti\u00f6mets\u00e4stys on k\u00e4ynnistynyt vilkkaasti eri puolilla maata.\u00a0 Suden\u00a0kiinti\u00f6mets\u00e4stys\u00a0on alkanut t\u00e4n\u00e4\u00e4n torstaina. Suden\u00a0ymp\u00e4rivuotinen rauhoitus on poistettu\u00a0mets\u00e4styslaista. S\u00e4\u00e4detty rauhoitusaika&hellip;\n","protected":false},"author":2,"featured_media":130955,"comment_status":"","ping_status":"","sticky":false,"template":"","format":"standard","meta":{"footnotes":""},"categories":[117],"tags":[33,31,30,72,476,118,32,119,477],"class_list":{"0":"post-130954","1":"post","2":"type-post","3":"status-publish","4":"format-standard","5":"has-post-thumbnail","7":"category-luonto","8":"tag-fi","9":"tag-finland","10":"tag-finnish","11":"tag-luonto","12":"tag-nature","13":"tag-science","14":"tag-suomi","15":"tag-tiede","16":"tag-wildlife"},"share_on_mastodon":{"url":"https:\/\/pubeurope.com\/@fi\/115821371910542933","error":""},"_links":{"self":[{"href":"https:\/\/www.europesays.com\/fi\/wp-json\/wp\/v2\/posts\/130954","targetHints":{"allow":["GET"]}}],"collection":[{"href":"https:\/\/www.europesays.com\/fi\/wp-json\/wp\/v2\/posts"}],"about":[{"href":"https:\/\/www.europesays.com\/fi\/wp-json\/wp\/v2\/types\/post"}],"author":[{"embeddable":true,"href":"https:\/\/www.europesays.com\/fi\/wp-json\/wp\/v2\/users\/2"}],"replies":[{"embeddable":true,"href":"https:\/\/www.europesays.com\/fi\/wp-json\/wp\/v2\/comments?post=130954"}],"version-history":[{"count":0,"href":"https:\/\/www.europesays.com\/fi\/wp-json\/wp\/v2\/posts\/130954\/revisions"}],"wp:featuredmedia":[{"embeddable":true,"href":"https:\/\/www.europesays.com\/fi\/wp-json\/wp\/v2\/media\/130955"}],"wp:attachment":[{"href":"https:\/\/www.europesays.com\/fi\/wp-json\/wp\/v2\/media?parent=130954"}],"wp:term":[{"taxonomy":"category","embeddable":true,"href":"https:\/\/www.europesays.com\/fi\/wp-json\/wp\/v2\/categories?post=130954"},{"taxonomy":"post_tag","embeddable":true,"href":"https:\/\/www.europesays.com\/fi\/wp-json\/wp\/v2\/tags?post=130954"}],"curies":[{"name":"wp","href":"https:\/\/api.w.org\/{rel}","templated":true}]}}