{"id":130959,"date":"2026-01-01T19:15:14","date_gmt":"2026-01-01T19:15:14","guid":{"rendered":"https:\/\/www.europesays.com\/fi\/130959\/"},"modified":"2026-01-01T19:15:14","modified_gmt":"2026-01-01T19:15:14","slug":"george-clooney-sai-uuden-kansalaisuuden-trump-arahti","status":"publish","type":"post","link":"https:\/\/www.europesays.com\/fi\/130959\/","title":{"rendered":"George Clooney sai uuden kansalaisuuden \u2013 Trump \u00e4r\u00e4hti"},"content":{"rendered":"<p>Yhdysvaltain presidentti ei ole tyytyv\u00e4inen Hollywood-t\u00e4hden uudesta kansalaisuudesta.<\/p>\n<p><img decoding=\"async\" class=\"image image-show image-preview\" src=\"https:\/\/www.europesays.com\/fi\/wp-content\/uploads\/2026\/01\/3aa8d9b23b5fae57372e0a4809e0c4aff0fb91321ca53cd7ad8c9d442d491302.jpg\" alt=\"\"\/><img decoding=\"async\" class=\"image image-show\" src=\"https:\/\/www.europesays.com\/fi\/wp-content\/uploads\/2026\/01\/1767294914_942_3aa8d9b23b5fae57372e0a4809e0c4aff0fb91321ca53cd7ad8c9d442d491302.jpg\" alt=\"\"\/><\/p>\n<p>Donald Trump jyr\u00e4hti George Clooneylle somessa. EPA \/ AOP<\/p>\n<p class=\"paragraph\">Huippun\u00e4yttelij\u00e4 <a href=\"https:\/\/www.iltalehti.fi\/henkilot\/George Clooney\" class=\"article-link-person-page\" rel=\"nofollow noopener\" target=\"_blank\">George Clooney<\/a>, h\u00e4nen vaimonsa <a href=\"https:\/\/www.iltalehti.fi\/henkilot\/Amal Clooney\" class=\"article-link-person-page\" rel=\"nofollow noopener\" target=\"_blank\">Amal Clooney<\/a> sek\u00e4 parin lapset ovat nyky\u00e4\u00e4n Ranskan kansalaisia. Uusi kansalaisuus astui voimaan joulukuussa.<\/p>\n<p class=\"paragraph\">Nyt Hollywood-t\u00e4hti on joutunut Yhdysvaltain presidentti <strong>Donald Trumpin<\/strong> kritiikin kohteeksi. Presidentti t\u00e4r\u00e4ytti piikikk\u00e4\u00e4n viestin Truth Social -palvelussa.<\/p>\n<p class=\"paragraph\">\u2013 Hyvi\u00e4 uutisia! George ja Amal Clooney, kaksi kaikkien aikojen huonoimmista poliittisista ennustajista, ovat virallisesti Ranskan kansalaisia, mik\u00e4 on valitettavasti keskell\u00e4 suurta rikosongelmaa heid\u00e4n t\u00e4ysin kauheasti hoitamansa maahanmuuton vuoksi, Trump kirjoitti.<\/p>\n<p class=\"paragraph\">Clooney on toiminut n\u00e4kyv\u00e4n\u00e4 tukijana demokraateille. H\u00e4n esimerkiksi vaati mielipidekirjoituksessaan <a href=\"https:\/\/www.iltalehti.fi\/henkilot\/Joe Biden\" class=\"article-link-person-page\" rel=\"nofollow noopener\" target=\"_blank\">Joe Bidenia<\/a> luopumaan ehdokkuudesta ennen presidentinvaaleja.<\/p>\n<p>George Clooney on yksi tunnetuimmista Hollywood-t\u00e4hdist\u00e4. AOP<\/p>\n<p class=\"paragraph\">Trump muistutti Hollywood-t\u00e4hte\u00e4 t\u00e4m\u00e4n aikaisemmista toimista. Samalla h\u00e4n v\u00e4h\u00e4tteli n\u00e4yttelij\u00e4n uraa.<\/p>\n<p class=\"paragraph\">\u2013 Clooney sai enemm\u00e4n julkisuutta politiikasta kuin hyvin harvoista ja t\u00e4ysin keskinkertaisista elokuvistaan. H\u00e4n ei ollut lainkaan elokuvat\u00e4hti, h\u00e4n oli vain tavallinen kaveri, joka valitti jatkuvasti politiikan maalaisj\u00e4rjest\u00e4, Trump latasi kirjoituksessaan.<\/p>\n<p class=\"paragraph\">Gravity-elokuvasta tuttu Clooney on aiemmin esitt\u00e4nyt huolensa lasten kasvattamisesta Hollywoodissa. Perheell\u00e4 on useita koteja, mutta he viett\u00e4v\u00e4t p\u00e4\u00e4s\u00e4\u00e4nt\u00f6isesti aikaa maatilalla Ranskassa.<\/p>\n<p class=\"paragraph\">Euroopassa lapset saisivat kasvaa ilman julkisuuden tuomia varjopuolia.<\/p>\n<p class=\"paragraph\">\u2013 En halua heid\u00e4n k\u00e4velev\u00e4n ymp\u00e4riins\u00e4 huolissaan paparazzeista. En halua, ett\u00e4 heit\u00e4 verrataan jonkun toisen julkkiksen lapsiin, n\u00e4yttelij\u00e4 totesi <a href=\"https:\/\/edition.cnn.com\/2025\/12\/29\/entertainment\/george-clooney-amal-french-citizenship-intl-hnk\" target=\"_blank\" rel=\"noopener nofollow\">lokakuussa<\/a>.<\/p>\n<p class=\"paragraph\">L\u00e4hde: <a href=\"https:\/\/www.politico.eu\/article\/trump-slams-clooneys-for-acquiring-french-citizenship\/\" target=\"_blank\" rel=\"noopener nofollow\">Politico<\/a><\/p>\n","protected":false},"excerpt":{"rendered":"Yhdysvaltain presidentti ei ole tyytyv\u00e4inen Hollywood-t\u00e4hden uudesta kansalaisuudesta. Donald Trump jyr\u00e4hti George Clooneylle somessa. EPA \/ AOP Huippun\u00e4yttelij\u00e4&hellip;\n","protected":false},"author":2,"featured_media":130960,"comment_status":"","ping_status":"","sticky":false,"template":"","format":"standard","meta":{"footnotes":""},"categories":[130],"tags":[35,137,33,31,30,142,637,144,32,140,109,143],"class_list":{"0":"post-130959","1":"post","2":"type-post","3":"status-publish","4":"format-standard","5":"has-post-thumbnail","7":"category-viihde","8":"tag-24h","9":"tag-entertainment","10":"tag-fi","11":"tag-finland","12":"tag-finnish","13":"tag-poliitikot","14":"tag-politiikka","15":"tag-presidentti","16":"tag-suomi","17":"tag-tv-ja-elokuvat","18":"tag-viihde","19":"tag-yhdysvaltain-politiikka"},"share_on_mastodon":{"url":"https:\/\/pubeurope.com\/@fi\/115821446586664515","error":""},"_links":{"self":[{"href":"https:\/\/www.europesays.com\/fi\/wp-json\/wp\/v2\/posts\/130959","targetHints":{"allow":["GET"]}}],"collection":[{"href":"https:\/\/www.europesays.com\/fi\/wp-json\/wp\/v2\/posts"}],"about":[{"href":"https:\/\/www.europesays.com\/fi\/wp-json\/wp\/v2\/types\/post"}],"author":[{"embeddable":true,"href":"https:\/\/www.europesays.com\/fi\/wp-json\/wp\/v2\/users\/2"}],"replies":[{"embeddable":true,"href":"https:\/\/www.europesays.com\/fi\/wp-json\/wp\/v2\/comments?post=130959"}],"version-history":[{"count":0,"href":"https:\/\/www.europesays.com\/fi\/wp-json\/wp\/v2\/posts\/130959\/revisions"}],"wp:featuredmedia":[{"embeddable":true,"href":"https:\/\/www.europesays.com\/fi\/wp-json\/wp\/v2\/media\/130960"}],"wp:attachment":[{"href":"https:\/\/www.europesays.com\/fi\/wp-json\/wp\/v2\/media?parent=130959"}],"wp:term":[{"taxonomy":"category","embeddable":true,"href":"https:\/\/www.europesays.com\/fi\/wp-json\/wp\/v2\/categories?post=130959"},{"taxonomy":"post_tag","embeddable":true,"href":"https:\/\/www.europesays.com\/fi\/wp-json\/wp\/v2\/tags?post=130959"}],"curies":[{"name":"wp","href":"https:\/\/api.w.org\/{rel}","templated":true}]}}