{"id":130964,"date":"2026-01-01T19:20:07","date_gmt":"2026-01-01T19:20:07","guid":{"rendered":"https:\/\/www.europesays.com\/fi\/130964\/"},"modified":"2026-01-01T19:20:07","modified_gmt":"2026-01-01T19:20:07","slug":"alvar-aallon-suunnittelemia-ovenkahvoja-varastettiin-kerroistaloista-espoossa","status":"publish","type":"post","link":"https:\/\/www.europesays.com\/fi\/130964\/","title":{"rendered":"Alvar Aallon suunnittelemia ovenkahvoja varastettiin kerroistaloista Espoossa"},"content":{"rendered":"<p>Espoo|Alvar Aallon ovenkahvojen arvo voi olla tuhansiakin euroja.<\/p>\n<p>Lue tiivistelm\u00e4<\/p>\n<p class=\"article-body mb-nof-24 px-nof-16 sndp-summary-bullet-point-font\">Espoolaisista kerrostaloista varastettiin useita Alvar Aallon suunnittelemia pronssisia ovenkahvoja uudenvuodenaaton vastaisena y\u00f6n\u00e4.<\/p>\n<p class=\"article-body mb-nof-24 px-nof-16 sndp-summary-bullet-point-font\">Tapiolassa Harjuviita-nimisell\u00e4 kadulla sijaitsevista seitsem\u00e4st\u00e4 Aallon suunnittelemasta kerrostalosta vietiin kahvoja nelj\u00e4st\u00e4 talosta.<\/p>\n<p class=\"article-body mb-nof-24 px-nof-16 sndp-summary-bullet-point-font\">Vastaavia varkauksia on tapahtunut my\u00f6s Rovaniemell\u00e4, miss\u00e4 Aallon pronssikahvoja on viety p\u00e4\u00e4kirjastosta ja Lappia-talosta.<\/p>\n<p class=\"article-body mb-nof-24 px-nof-16\">Espoolaisista kerrostaloista varastettiin useita <a class=\"font-bold underline-offset-[0.12em] [text-decoration:var(--person-link-text-decoration)] ![text-decoration-color:var(--person-link-text-decoration-color)]\" href=\"https:\/\/www.hs.fi\/haku\/?query=Alvar%20Aallon\" rel=\"nofollow noopener\" target=\"_blank\">Alvar Aallon<\/a> suunnittelemia ovenkahvoja tiistain ja keskiviikon v\u00e4lisen\u00e4 y\u00f6n\u00e4.<\/p>\n<p class=\"article-body mb-nof-24 px-nof-16\">Tapiolalainen <a class=\"font-bold underline-offset-[0.12em] [text-decoration:var(--person-link-text-decoration)] ![text-decoration-color:var(--person-link-text-decoration-color)]\" href=\"https:\/\/www.hs.fi\/haku\/?query=Tanja%20Varvikko\" rel=\"nofollow noopener\" target=\"_blank\">Tanja Varvikko<\/a> kertoo huomanneensa ulko-ovien ovenkahvojen kadonneen, kun h\u00e4n palasi lenkilt\u00e4 koiransa kanssa varhain keskiviikkoaamuna.<\/p>\n<p class=\"article-body mb-nof-24 px-nof-16\">\u201dIhmettelin takaisin tullessani, kun ei ollutkaan en\u00e4\u00e4 k\u00e4siripaa ovessa.\u201d<\/p>\n<p class=\"article-body mb-nof-24 px-nof-16\">Harjuviita-nimisell\u00e4 kadulla on seitsem\u00e4n Aallon suunnittelemaa kerrostaloa. Varvikon mukaan pronssisia ovenkahvoja varastettiin nelj\u00e4st\u00e4 talosta.<\/p>\n<p class=\"article-body mb-nof-24 px-nof-16\">Muutama muu talo irrotti ja otti ovenkahvat talteen sen j\u00e4lkeen, kun naapuritalojen varkaudet k\u00e4viv\u00e4t ilmi.<\/p>\n<p class=\"article-body mb-nof-24 px-nof-16\">Varvikon kanssa samassa talossa asuva <a class=\"font-bold underline-offset-[0.12em] [text-decoration:var(--person-link-text-decoration)] ![text-decoration-color:var(--person-link-text-decoration-color)]\" href=\"https:\/\/www.hs.fi\/haku\/?query=Auli%20Sulin\" rel=\"nofollow noopener\" target=\"_blank\">Auli Sulin<\/a> suree tapahtunutta.<\/p>\n<p class=\"article-body mb-nof-24 px-nof-16\">\u201dT\u00e4llaisia taloja on aika v\u00e4h\u00e4n. Aallon perinnett\u00e4 pit\u00e4isi vaalia ja suojella.\u201d<\/p>\n<p class=\"article-body mb-nof-24 px-nof-16\">Varvikko sanoo, ett\u00e4 talon tunnistaa Alvar Aallon arkkitehtuuriperinn\u00f6ksi kahvasta.<\/p>\n<p class=\"article-body mb-nof-24 px-nof-16\">\u201dH\u00e4nell\u00e4 oli silm\u00e4\u00e4 detaljeihin.\u201d<\/p>\n<p class=\"article-body mb-nof-24 px-nof-16\">Varkaat myyv\u00e4t ovenkahvoja yleens\u00e4 eteenp\u00e4in. Joskus pronssikahvojen sis\u00e4lt\u00e4m\u00e4\u00e4 kuparia myyd\u00e4\u00e4n eteenp\u00e4in my\u00f6s sulatettuna.<\/p>\n<p class=\"article-body mb-nof-24 px-nof-16\">T\u00e4ll\u00e4 hetkell\u00e4 taloissa on v\u00e4liaikaiset ovenkahvat, joita asukkaat kuvailevat \u201dronskin n\u00e4k\u00f6isiksi\u201d. Taloyhti\u00f6 on asukkaiden mukaan tehnyt varkauksista rikosilmoituksen.<\/p>\n<p class=\"article-body mb-nof-24 px-nof-16\">Alvar Aallon ovenkahvojen arvo voi olla tuhansiakin euroja.<\/p>\n<p class=\"article-body mb-nof-24 px-nof-16\">Ovenkahvavarkaat ovat hiljattain iskeneet my\u00f6s Rovaniemell\u00e4.<\/p>\n<p class=\"article-body mb-nof-24 px-nof-16\"><a class=\"underline underline-offset-[0.12em] [text-decoration-thickness:var(--generic-link-underline-thickness)] [text-decoration-color:var(--generic-link-underline-color)] [text-decoration-skip-ink:var(--generic-link-underline-skip-ink)] break-words\" href=\"https:\/\/www.lapinkansa.fi\/rovaniemen-kirjastolta-on-varastettu-alvar-aallon\/12461726\" rel=\"nofollow noopener\" target=\"_blank\">Lapin Kansa uutisoi,<\/a> ett\u00e4 ainakin p\u00e4\u00e4kirjaston ja Lappia-talon ovista on viety Alvar Aallon pronssikahvoja viime kes\u00e4n\u00e4 ja 18. joulukuuta.<\/p>\n<p class=\"article-body mb-nof-24 px-nof-16\">Alkuper\u00e4isten kahvojen arvo on useita tuhansia euroja, Alvar Aalto -s\u00e4\u00e4ti\u00f6n toimitusjohtaja <a class=\"font-bold underline-offset-[0.12em] [text-decoration:var(--person-link-text-decoration)] ![text-decoration-color:var(--person-link-text-decoration-color)]\" href=\"https:\/\/www.hs.fi\/haku\/?query=Tommi%20Lindh\" rel=\"nofollow noopener\" target=\"_blank\">Tommi Lindh<\/a> kommentoi Lapin Kansalle.<\/p>\n<p class=\"article-body mb-nof-24 px-nof-16\">Aallon suunnittelemien rakennusten yksityiskohdat, kuten ovenkahvat ja valaisimet, ovat houkutelleet varkaita jo vuosikymmenten ajan.<\/p>\n<p class=\"article-body mb-nof-24 px-nof-16\">Varkauksien vuoksi Alvar Aalto -s\u00e4\u00e4ti\u00f6 on laatinut pronssikahvan k\u00e4ytt\u00f6ohjeen. Siin\u00e4 neuvotaan, miten kahvan voi kiinnitt\u00e4\u00e4 niin, ett\u00e4 sit\u00e4 on vaikeampi varastaa.<\/p>\n<p class=\"article-body mb-nof-24 px-nof-16\">Tapiolalainen Varvikko toivoo, ett\u00e4 s\u00e4\u00e4ti\u00f6 voisi valmistaa ovenkahvoista kopioita, joita taloyhti\u00f6t voisivat hy\u00f6dynt\u00e4\u00e4.<\/p>\n","protected":false},"excerpt":{"rendered":"Espoo|Alvar Aallon ovenkahvojen arvo voi olla tuhansiakin euroja. Lue tiivistelm\u00e4 Espoolaisista kerrostaloista varastettiin useita Alvar Aallon suunnittelemia pronssisia&hellip;\n","protected":false},"author":2,"featured_media":130965,"comment_status":"","ping_status":"","sticky":false,"template":"","format":"standard","meta":{"footnotes":""},"categories":[12],"tags":[22,23,26,27,33,31,30,17,46,24,25,28,29,15,18,21,32,19,20,16],"class_list":{"0":"post-130964","1":"post","2":"type-post","3":"status-publish","4":"format-standard","5":"has-post-thumbnail","7":"category-suomi","8":"tag-breaking-news","9":"tag-breakingnews","10":"tag-featured-news","11":"tag-featurednews","12":"tag-fi","13":"tag-finland","14":"tag-finnish","15":"tag-headlines","16":"tag-helsingin-sanomat","17":"tag-latest-news","18":"tag-latestnews","19":"tag-main-news","20":"tag-mainnews","21":"tag-news","22":"tag-otsikot","23":"tag-paauutiset","24":"tag-suomi","25":"tag-top-stories","26":"tag-topstories","27":"tag-uutiset"},"share_on_mastodon":{"url":"https:\/\/pubeurope.com\/@fi\/115821466315209545","error":""},"_links":{"self":[{"href":"https:\/\/www.europesays.com\/fi\/wp-json\/wp\/v2\/posts\/130964","targetHints":{"allow":["GET"]}}],"collection":[{"href":"https:\/\/www.europesays.com\/fi\/wp-json\/wp\/v2\/posts"}],"about":[{"href":"https:\/\/www.europesays.com\/fi\/wp-json\/wp\/v2\/types\/post"}],"author":[{"embeddable":true,"href":"https:\/\/www.europesays.com\/fi\/wp-json\/wp\/v2\/users\/2"}],"replies":[{"embeddable":true,"href":"https:\/\/www.europesays.com\/fi\/wp-json\/wp\/v2\/comments?post=130964"}],"version-history":[{"count":0,"href":"https:\/\/www.europesays.com\/fi\/wp-json\/wp\/v2\/posts\/130964\/revisions"}],"wp:featuredmedia":[{"embeddable":true,"href":"https:\/\/www.europesays.com\/fi\/wp-json\/wp\/v2\/media\/130965"}],"wp:attachment":[{"href":"https:\/\/www.europesays.com\/fi\/wp-json\/wp\/v2\/media?parent=130964"}],"wp:term":[{"taxonomy":"category","embeddable":true,"href":"https:\/\/www.europesays.com\/fi\/wp-json\/wp\/v2\/categories?post=130964"},{"taxonomy":"post_tag","embeddable":true,"href":"https:\/\/www.europesays.com\/fi\/wp-json\/wp\/v2\/tags?post=130964"}],"curies":[{"name":"wp","href":"https:\/\/api.w.org\/{rel}","templated":true}]}}