{"id":130966,"date":"2026-01-01T19:21:06","date_gmt":"2026-01-01T19:21:06","guid":{"rendered":"https:\/\/www.europesays.com\/fi\/130966\/"},"modified":"2026-01-01T19:21:06","modified_gmt":"2026-01-01T19:21:06","slug":"sami-vatanen-haluaa-sulkea-ympyran-mestaruudella-jypissa","status":"publish","type":"post","link":"https:\/\/www.europesays.com\/fi\/130966\/","title":{"rendered":"Sami Vatanen haluaa sulkea ympyr\u00e4n mestaruudella JYPiss\u00e4"},"content":{"rendered":"<p>Vatanen miettii joukkueensa menestyksen taustoja ja toteaa, ett\u00e4 varsinkin nuorista kavereista paistava halu vie heit\u00e4 eteenp\u00e4in.<br \/>\u2013 Nuoret haluavat kehitty\u00e4 ja menn\u00e4 urallaan eteenp\u00e4in. Me kaikki osataan pit\u00e4\u00e4 hauskaa hallilla. Me naureskellaan siell\u00e4, mutta sitten tehd\u00e4\u00e4n hommia, kun on sen aika. Mutta kyll\u00e4 se vie meit\u00e4 joukkueena eteenp\u00e4in eniten, kun nuoret haluaa kehitty\u00e4 ja tekee kovasti hommia.<\/p>\n<p>Miten itse voit parhaiten auttaa joukkuetta?<\/p>\n<p>\u2013 Koitan ihan vaan pelaamalla auttaa joukkuetta voittamaan. Totta kai autan oman kokemuksen pohjalta, jos nuoremmilla on jotain kysytt\u00e4v\u00e4\u00e4. Tosin nykyp\u00e4iv\u00e4n nuoret on kyll\u00e4 aika itsen\u00e4isi\u00e4. He tiet\u00e4\u00e4, mit\u00e4 pit\u00e4\u00e4 tehd\u00e4.<\/p>\n<p>Kokenut Vatanen ja nuoremmat pelaajat k\u00e4yv\u00e4t itse asiassa er\u00e4\u00e4nlaista vaihtokauppaa.<\/p>\n<p>\u2013 On kiva auttaa nuorempia pelaajia ja antaa vinkkej\u00e4, jos vain pystyn, ja sitten ime\u00e4 heilt\u00e4 energiaa omaan tekemiseen.<\/p>\n<p><strong>Liigapeleihin tullut lis\u00e4\u00e4 vauhtia poissaolon aikana<\/strong><\/p>\n<p>Vatanen vertaa kolmessa eri maassa pelaamaansa p\u00e4\u00e4sarjaa kaukalon koon kautta.<\/p>\n<p>\u2013 Sveitsiss\u00e4 on tosi iso kaukalo verrattuna NHL:\u00e4\u00e4n, joten tilaa on enemm\u00e4n kuin miss\u00e4\u00e4n muussa liigassa ja vauhtia sek\u00e4 taitoa on tosi paljon. NHL:ss\u00e4 ja Liigassa on paljon enemm\u00e4n kamppailuita sen pienemm\u00e4n kaukalon my\u00f6t\u00e4.<\/p>\n<p>Syksyn mittaan Vatanen on huomannut, ett\u00e4 h\u00e4nen poissaollessaan kotimaan kaukaloihin on tullut lis\u00e4\u00e4 vauhtia.<\/p>\n<p>\u2013 Kyll\u00e4 siell\u00e4 oikeasti saa tehd\u00e4 hommia, ett\u00e4 pysyy per\u00e4ss\u00e4. Peli on t\u00e4ss\u00e4 v\u00e4liss\u00e4 mennyt vauhdikkaampaan suuntaan. Aikaisemmin pelattiin enemm\u00e4n keskialueen tr\u00e4ppi\u00e4 ja peli oli tarkkaa. Nyt tuntuu, ett\u00e4 luistellaan enemm\u00e4n ja menn\u00e4\u00e4n p\u00e4\u00e4st\u00e4 p\u00e4\u00e4h\u00e4n.<\/p>\n<p>Vatasen paluu Suomeen ei ollut \u00e4kkin\u00e4inen p\u00e4\u00e4t\u00f6s, sill\u00e4 h\u00e4n oli jo jonkin aikaa miettinyt peliuransa p\u00e4\u00e4tt\u00e4mist\u00e4 Jyv\u00e4skyl\u00e4ss\u00e4. Sielt\u00e4 h\u00e4nen uransa l\u00e4hti liikkeelle, joten ajatuksissa py\u00f6ri ympyr\u00e4n sulkeutuminen kotikaupungissa.<\/p>\n<p>\u2013 Sveitsiss\u00e4 oli hienot nelj\u00e4 vuotta ja siell\u00e4 voitettiin oikeastaan kaikki, mit\u00e4 siell\u00e4 pystyy voittamaan. Sitten lapset alkoi olla siin\u00e4 i\u00e4ss\u00e4, ett\u00e4 ruvettiin miettim\u00e4\u00e4n, ett\u00e4 olisi mukava saada heid\u00e4t Suomeen. Sit\u00e4 kautta p\u00e4\u00e4dyttiin t\u00e4h\u00e4n ratkaisuun, kertoo nyt 2- ja 4-vuotiaiden lasten is\u00e4.<\/p>\n","protected":false},"excerpt":{"rendered":"Vatanen miettii joukkueensa menestyksen taustoja ja toteaa, ett\u00e4 varsinkin nuorista kavereista paistava halu vie heit\u00e4 eteenp\u00e4in.\u2013 Nuoret haluavat&hellip;\n","protected":false},"author":2,"featured_media":130967,"comment_status":"","ping_status":"","sticky":false,"template":"","format":"standard","meta":{"footnotes":""},"categories":[5],"tags":[22,23,26,27,33,31,30,17,24,25,28,29,15,18,21,32,19,20,16],"class_list":{"0":"post-130966","1":"post","2":"type-post","3":"status-publish","4":"format-standard","5":"has-post-thumbnail","7":"category-otsikot","8":"tag-breaking-news","9":"tag-breakingnews","10":"tag-featured-news","11":"tag-featurednews","12":"tag-fi","13":"tag-finland","14":"tag-finnish","15":"tag-headlines","16":"tag-latest-news","17":"tag-latestnews","18":"tag-main-news","19":"tag-mainnews","20":"tag-news","21":"tag-otsikot","22":"tag-paauutiset","23":"tag-suomi","24":"tag-top-stories","25":"tag-topstories","26":"tag-uutiset"},"share_on_mastodon":{"url":"https:\/\/pubeurope.com\/@fi\/115821470195929838","error":""},"_links":{"self":[{"href":"https:\/\/www.europesays.com\/fi\/wp-json\/wp\/v2\/posts\/130966","targetHints":{"allow":["GET"]}}],"collection":[{"href":"https:\/\/www.europesays.com\/fi\/wp-json\/wp\/v2\/posts"}],"about":[{"href":"https:\/\/www.europesays.com\/fi\/wp-json\/wp\/v2\/types\/post"}],"author":[{"embeddable":true,"href":"https:\/\/www.europesays.com\/fi\/wp-json\/wp\/v2\/users\/2"}],"replies":[{"embeddable":true,"href":"https:\/\/www.europesays.com\/fi\/wp-json\/wp\/v2\/comments?post=130966"}],"version-history":[{"count":0,"href":"https:\/\/www.europesays.com\/fi\/wp-json\/wp\/v2\/posts\/130966\/revisions"}],"wp:featuredmedia":[{"embeddable":true,"href":"https:\/\/www.europesays.com\/fi\/wp-json\/wp\/v2\/media\/130967"}],"wp:attachment":[{"href":"https:\/\/www.europesays.com\/fi\/wp-json\/wp\/v2\/media?parent=130966"}],"wp:term":[{"taxonomy":"category","embeddable":true,"href":"https:\/\/www.europesays.com\/fi\/wp-json\/wp\/v2\/categories?post=130966"},{"taxonomy":"post_tag","embeddable":true,"href":"https:\/\/www.europesays.com\/fi\/wp-json\/wp\/v2\/tags?post=130966"}],"curies":[{"name":"wp","href":"https:\/\/api.w.org\/{rel}","templated":true}]}}