{"id":130972,"date":"2026-01-01T19:40:10","date_gmt":"2026-01-01T19:40:10","guid":{"rendered":"https:\/\/www.europesays.com\/fi\/130972\/"},"modified":"2026-01-01T19:40:10","modified_gmt":"2026-01-01T19:40:10","slug":"enzo-marescalle-lahto-chelsean-paavalmentajan-pestista-urheilua-lyhyesti","status":"publish","type":"post","link":"https:\/\/www.europesays.com\/fi\/130972\/","title":{"rendered":"Enzo Marescalle l\u00e4ht\u00f6 Chelsean p\u00e4\u00e4valmentajan pestist\u00e4 | Urheilua lyhyesti"},"content":{"rendered":"<p class=\"aw-1gybjub aw-5vja16 kEtdKx kmuxyA yle__article__paragraph\">Enzo Maresca sai v\u00e4isty\u00e4 teht\u00e4v\u00e4st\u00e4\u00e4n Chelsean p\u00e4\u00e4valmentajana. <\/p>\n<p><img decoding=\"async\" alt=\"Enzo Maresca kuvassa.\" src=\"https:\/\/www.europesays.com\/fi\/wp-content\/uploads\/2026\/01\/39-157631369566d9b9f36a.jpeg\" class=\"aw-1l9m598 hKVVvP\"\/><\/p>\n<p>Avaa kuvien katselu<\/p>\n<p>Enzo Marescan pesti Chelseassa p\u00e4\u00e4ttyi. Kuva: Anthony Hanc\/Shutterstock\/All Over Press<\/p>\n<p>14:58\u2022P\u00e4ivitetty 15:26<\/p>\n<p class=\"aw-1gybjub aw-1p7kakr kEtdKx cEmitX yle__article__paragraph\">Jalkapallon Englannin Valioliigassa pelaavan Chelsean p\u00e4\u00e4valmentaja <strong class=\"aw-ak79eh KyCXm yle__article__strong\">Enzo Maresca<\/strong> ei jatka teht\u00e4v\u00e4ss\u00e4\u00e4n. Brittiseura tiedotti asiasta uudenvuodenp\u00e4iv\u00e4n\u00e4.<\/p>\n<p class=\"aw-1gybjub aw-1p7kakr kEtdKx cEmitX yle__article__paragraph\">Chelsea on Valioliigassa viidennell\u00e4 sijalla, mutta on pelannut viime aikoina alavireisesti. Joukkueella on vain yksi voitto seitsem\u00e4st\u00e4 viime ottelustaan. Sarjak\u00e4rki Arsenal on karannut jo 15 pisteen p\u00e4\u00e4h\u00e4n.<\/p>\n<p class=\"aw-1gybjub aw-1p7kakr kEtdKx cEmitX yle__article__paragraph\">45-vuotias italialainen Maresca toimi teht\u00e4v\u00e4ss\u00e4 kes\u00e4st\u00e4 2024 l\u00e4htien. Viel\u00e4 marraskuussa h\u00e4net valittiin Valioliigan kuukauden manageriksi. Vuoden lopulla seurajohdon ja Marescan v\u00e4lirikko kuitenkin k\u00e4rjistyi.<\/p>\n<p class=\"aw-1gybjub aw-1p7kakr kEtdKx cEmitX yle__article__paragraph\">\u2013 Enzo ja seura uskovat, ett\u00e4 muutos antaa joukkueelle parhaat mahdollisuudet saada kausi takaisin raiteilleen, Chelsea totesi tiedotteessaan.<\/p>\n<p class=\"aw-1gybjub aw-1p7kakr kEtdKx cEmitX yle__article__paragraph\">\u2013 Toivomme Enzolle kaikkea hyv\u00e4\u00e4 jatkossa, Chelsea toivotti.<\/p>\n","protected":false},"excerpt":{"rendered":"Enzo Maresca sai v\u00e4isty\u00e4 teht\u00e4v\u00e4st\u00e4\u00e4n Chelsean p\u00e4\u00e4valmentajana. Avaa kuvien katselu Enzo Marescan pesti Chelseassa p\u00e4\u00e4ttyi. Kuva: Anthony Hanc\/Shutterstock\/All&hellip;\n","protected":false},"author":2,"featured_media":130973,"comment_status":"","ping_status":"","sticky":false,"template":"","format":"standard","meta":{"footnotes":""},"categories":[158],"tags":[1924,14823,531,23200,33,31,30,43,23199,2654,159,32,160],"class_list":{"0":"post-130972","1":"post","2":"type-post","3":"status-publish","4":"format-standard","5":"has-post-thumbnail","7":"category-urheilu","8":"tag-brittien-jalkapallo","9":"tag-chelsea-fc","10":"tag-englannin-valioliiga","11":"tag-enzo-maresca","12":"tag-fi","13":"tag-finland","14":"tag-finnish","15":"tag-jalkapallo","16":"tag-jalkapallomanageri","17":"tag-jalkapallovalmentaja","18":"tag-sports","19":"tag-suomi","20":"tag-urheilu"},"share_on_mastodon":{"url":"https:\/\/pubeurope.com\/@fi\/115821544992493994","error":""},"_links":{"self":[{"href":"https:\/\/www.europesays.com\/fi\/wp-json\/wp\/v2\/posts\/130972","targetHints":{"allow":["GET"]}}],"collection":[{"href":"https:\/\/www.europesays.com\/fi\/wp-json\/wp\/v2\/posts"}],"about":[{"href":"https:\/\/www.europesays.com\/fi\/wp-json\/wp\/v2\/types\/post"}],"author":[{"embeddable":true,"href":"https:\/\/www.europesays.com\/fi\/wp-json\/wp\/v2\/users\/2"}],"replies":[{"embeddable":true,"href":"https:\/\/www.europesays.com\/fi\/wp-json\/wp\/v2\/comments?post=130972"}],"version-history":[{"count":0,"href":"https:\/\/www.europesays.com\/fi\/wp-json\/wp\/v2\/posts\/130972\/revisions"}],"wp:featuredmedia":[{"embeddable":true,"href":"https:\/\/www.europesays.com\/fi\/wp-json\/wp\/v2\/media\/130973"}],"wp:attachment":[{"href":"https:\/\/www.europesays.com\/fi\/wp-json\/wp\/v2\/media?parent=130972"}],"wp:term":[{"taxonomy":"category","embeddable":true,"href":"https:\/\/www.europesays.com\/fi\/wp-json\/wp\/v2\/categories?post=130972"},{"taxonomy":"post_tag","embeddable":true,"href":"https:\/\/www.europesays.com\/fi\/wp-json\/wp\/v2\/tags?post=130972"}],"curies":[{"name":"wp","href":"https:\/\/api.w.org\/{rel}","templated":true}]}}