{"id":130980,"date":"2026-01-01T19:45:05","date_gmt":"2026-01-01T19:45:05","guid":{"rendered":"https:\/\/www.europesays.com\/fi\/130980\/"},"modified":"2026-01-01T19:45:05","modified_gmt":"2026-01-01T19:45:05","slug":"yhdysvaltain-jahtaaman-oljytankkerin-kylkeen-ilmaantui-venajan-lippu","status":"publish","type":"post","link":"https:\/\/www.europesays.com\/fi\/130980\/","title":{"rendered":"Yhdysvaltain jahtaaman \u00f6ljytankkerin kylkeen ilmaantui Ven\u00e4j\u00e4n lippu"},"content":{"rendered":"<p>Yhdysvallat pyrkii est\u00e4m\u00e4\u00e4n \u00f6ljykuljetukset Venezuelasta.<\/p>\n<p class=\"article-body mb-nof-24 px-nof-16\">Yhdysvaltain jahtaaman \u00f6ljytankkerin miehist\u00f6 on yll\u00e4tt\u00e4en maalannut laivan kylkeen Ven\u00e4j\u00e4n lipun, kertoo <a class=\"underline underline-offset-[0.12em] [text-decoration-thickness:var(--generic-link-underline-thickness)] [text-decoration-color:var(--generic-link-underline-color)] [text-decoration-skip-ink:var(--generic-link-underline-skip-ink)] break-words\" href=\"https:\/\/edition.cnn.com\/2025\/12\/31\/politics\/oil-tanker-venezuela-russian-flag\" rel=\"nofollow noopener\" target=\"_blank\">CNN<\/a>.<\/p>\n<p class=\"article-body mb-nof-24 px-nof-16\">Venezuelaan pyrkinyt tankkeri teki U-k\u00e4\u00e4nn\u00f6ksen Karibianmerell\u00e4 21. joulukuuta, kun Yhdysvaltain rannikkovartiosto yritti est\u00e4\u00e4 laivaa noutamasta \u00f6ljy\u00e4 Yhdysvaltain saartotoimien kohteeksi joutuneesta valtiosta.<\/p>\n<p class=\"article-body mb-nof-24 px-nof-16\">Tankkeri on Yhdysvaltain pakotteiden kohteena, koska sen v\u00e4itet\u00e4\u00e4n kuljettavan iranilaista \u00f6ljy\u00e4.<\/p>\n<p class=\"article-body mb-nof-24 px-nof-16\">Bella 1 -tankkeri on matkalla Atlantin valtamerell\u00e4 poisp\u00e4in Venezuelasta. Laivaa varjostavalta rannikkovartioston alukselta havaittiin Ven\u00e4j\u00e4n lipun ilmaantuminen laivan kylkeen.<\/p>\n<p class=\"article-body mb-nof-24 px-nof-16\">Bella 1 seilasi aiemmin Guyanan lipun alla, mutta Yhdysvaltain mukaan laivan lippuvaltio oli ilmaistu v\u00e4\u00e4rin. Nyt aluksen kotimaaksi on kirjattu \u201dtuntematon\u201d.<\/p>\n<p class=\"article-body mb-nof-24 px-nof-16\">Vetoaminen Ven\u00e4j\u00e4n alaisuuteen voi vaikeuttaa laivan haltuunottoa, toteaa CNN.<\/p>\n<p class=\"article-body mb-nof-24 px-nof-16\">Yhdysvallat on kuluneiden kuukausien aikana toteuttanut kymmeni\u00e4 iskuja Tyynell\u00e4 valtamerell\u00e4 ja Karibianmerell\u00e4 seilanneisiin aluksiin, joiden se on v\u00e4itt\u00e4nyt kuljettaneen huumeita. Se on my\u00f6s vallannut ainakin kaksi \u00f6ljytankkeria Venezuelan l\u00e4hist\u00f6ll\u00e4.<\/p>\n","protected":false},"excerpt":{"rendered":"Yhdysvallat pyrkii est\u00e4m\u00e4\u00e4n \u00f6ljykuljetukset Venezuelasta. Yhdysvaltain jahtaaman \u00f6ljytankkerin miehist\u00f6 on yll\u00e4tt\u00e4en maalannut laivan kylkeen Ven\u00e4j\u00e4n lipun, kertoo CNN.&hellip;\n","protected":false},"author":2,"featured_media":130981,"comment_status":"","ping_status":"","sticky":false,"template":"","format":"standard","meta":{"footnotes":""},"categories":[14],"tags":[22,23,26,27,33,31,30,17,34,24,25,28,29,15,18,21,32,19,20,56,16,59,60,61],"class_list":{"0":"post-130980","1":"post","2":"type-post","3":"status-publish","4":"format-standard","5":"has-post-thumbnail","7":"category-ulkomaat","8":"tag-breaking-news","9":"tag-breakingnews","10":"tag-featured-news","11":"tag-featurednews","12":"tag-fi","13":"tag-finland","14":"tag-finnish","15":"tag-headlines","16":"tag-ilta-sanomat","17":"tag-latest-news","18":"tag-latestnews","19":"tag-main-news","20":"tag-mainnews","21":"tag-news","22":"tag-otsikot","23":"tag-paauutiset","24":"tag-suomi","25":"tag-top-stories","26":"tag-topstories","27":"tag-ulkomaat","28":"tag-uutiset","29":"tag-world","30":"tag-world-news","31":"tag-worldnews"},"share_on_mastodon":{"url":"https:\/\/pubeurope.com\/@fi\/115821564670559284","error":""},"_links":{"self":[{"href":"https:\/\/www.europesays.com\/fi\/wp-json\/wp\/v2\/posts\/130980","targetHints":{"allow":["GET"]}}],"collection":[{"href":"https:\/\/www.europesays.com\/fi\/wp-json\/wp\/v2\/posts"}],"about":[{"href":"https:\/\/www.europesays.com\/fi\/wp-json\/wp\/v2\/types\/post"}],"author":[{"embeddable":true,"href":"https:\/\/www.europesays.com\/fi\/wp-json\/wp\/v2\/users\/2"}],"replies":[{"embeddable":true,"href":"https:\/\/www.europesays.com\/fi\/wp-json\/wp\/v2\/comments?post=130980"}],"version-history":[{"count":0,"href":"https:\/\/www.europesays.com\/fi\/wp-json\/wp\/v2\/posts\/130980\/revisions"}],"wp:featuredmedia":[{"embeddable":true,"href":"https:\/\/www.europesays.com\/fi\/wp-json\/wp\/v2\/media\/130981"}],"wp:attachment":[{"href":"https:\/\/www.europesays.com\/fi\/wp-json\/wp\/v2\/media?parent=130980"}],"wp:term":[{"taxonomy":"category","embeddable":true,"href":"https:\/\/www.europesays.com\/fi\/wp-json\/wp\/v2\/categories?post=130980"},{"taxonomy":"post_tag","embeddable":true,"href":"https:\/\/www.europesays.com\/fi\/wp-json\/wp\/v2\/tags?post=130980"}],"curies":[{"name":"wp","href":"https:\/\/api.w.org\/{rel}","templated":true}]}}