{"id":130984,"date":"2026-01-01T19:47:08","date_gmt":"2026-01-01T19:47:08","guid":{"rendered":"https:\/\/www.europesays.com\/fi\/130984\/"},"modified":"2026-01-01T19:47:08","modified_gmt":"2026-01-01T19:47:08","slug":"nain-onnellinen-tilanne-ei-ole-ollut-koskaan","status":"publish","type":"post","link":"https:\/\/www.europesays.com\/fi\/130984\/","title":{"rendered":"\u201dN\u00e4in onnellinen tilanne ei ole ollut koskaan\u201d"},"content":{"rendered":"<p>Uutena vuotena tyypillisesti sattuu ilotulitteisiin liittyvi\u00e4 loukkaantumisia.<\/p>\n<p><img decoding=\"async\" class=\"image image-show image-preview\" src=\"https:\/\/www.europesays.com\/fi\/wp-content\/uploads\/2026\/01\/3c24de5f2a77a8c8231fc261bb7e6c6758ca376be62bcca04f63a4fbeef40386.jpg\" alt=\"\"\/><img decoding=\"async\" class=\"image image-show\" src=\"https:\/\/www.europesays.com\/fi\/wp-content\/uploads\/2026\/01\/1767296828_747_3c24de5f2a77a8c8231fc261bb7e6c6758ca376be62bcca04f63a4fbeef40386.jpg\" alt=\"\"\/><\/p>\n<p>Helsingiss\u00e4 sattui vuodenvaihteessa harvinaisen v\u00e4h\u00e4nn silm\u00e4vaurioita. Kuvituskuva. Sasu M\u00e4kinen<\/p>\n<p class=\"paragraph\">Helsingin yliopistollisen sairaalan silm\u00e4tautien klinikka tiedottaa uudenvuodenp\u00e4iv\u00e4n\u00e4, ett\u00e4 klinikan tietoon on tullut ainoastaan yksi ilotulitteen aiheuttama silm\u00e4vamma.<\/p>\n<p class=\"paragraph\">Uutena vuotena sattuu vuosittain ilotulitteisiin liittyvi\u00e4 tapaturmia, joissa silm\u00e4vammat ovat tyypillisi\u00e4.<\/p>\n<p class=\"paragraph\">T\u00e4n\u00e4 vuonna uudenvuodenaatto ja -y\u00f6 ovat sujuneet Husin silm\u00e4tautien klinikalla \u201dainutlaatuisen rauhallisesti\u201d.<\/p>\n<p class=\"paragraph\">\u2013 Uudenvuoden aamup\u00e4iv\u00e4\u00e4n menness\u00e4 klinikassa ei hoidettu ainoatakaan ilotulitevamman saanutta potilasta, eik\u00e4 y\u00f6n aikana muutenkaan k\u00e4ynyt en\u00e4\u00e4 potilaita iltakymmenen j\u00e4lkeen. N\u00e4in onnellinen tilanne ei ole ollut koskaan aikaisemmin, tiedotteessa kerrotaan.<\/p>\n<p class=\"paragraph\">Husin mukaan ennen kello kahtatoista uudenvuodenp\u00e4iv\u00e4n\u00e4 tutkittavaksi saapui lopulta yksi alle 18-vuotias potilas. Raketin kuoresta irronnut kappale oli osunut potilaan silm\u00e4n alueelle ja aiheuttanut t\u00e4lle ruhjeen.<\/p>\n<p class=\"paragraph\">Silm\u00e4tautien klinikka kertoo, ett\u00e4 ilotulitevammoja on tilastoitu vuodesta 1996.<\/p>\n<p class=\"paragraph\">\u2013 Toistaiseksi hiljaisin vuosi oli 2021, jolloin samassa ajassa oli hoidettu kaksi ilotulitevammaa. Kolmen viime vuoden aikana vammautuneiden m\u00e4\u00e4r\u00e4 on sen sijaan vaihdellut kuuden ja kahdeksan v\u00e4lill\u00e4, tiedotteessa kerrotaan.<\/p>\n<p class=\"paragraph\">Helsingin yliopistollisen sairaalan silm\u00e4tautien klinikka huomauttaa, ett\u00e4 suojalasien pakollinen k\u00e4ytt\u00f6 ilotulitteita sytytt\u00e4ess\u00e4 on v\u00e4hent\u00e4nyt merkitt\u00e4v\u00e4sti silm\u00e4vammoja, erityisesti vaikeita silm\u00e4vammoja.<\/p>\n<p class=\"paragraph\">Klinikka muistuttaa, ett\u00e4 my\u00f6s ilotulituksia seuraaville on jo useiden vuosien ajan suositeltu suojalasien k\u00e4ytt\u00f6\u00e4.<\/p>\n<p class=\"paragraph\">\u2013 Aikaisempien vuosien kokemuksen perusteella kova pakkanen ei riit\u00e4 selitt\u00e4m\u00e4\u00e4n ilotulitteiden aiheuttamien silm\u00e4vammojen v\u00e4hyytt\u00e4 t\u00e4n\u00e4 uutena vuonna.<\/p>\n","protected":false},"excerpt":{"rendered":"Uutena vuotena tyypillisesti sattuu ilotulitteisiin liittyvi\u00e4 loukkaantumisia. Helsingiss\u00e4 sattui vuodenvaihteessa harvinaisen v\u00e4h\u00e4nn silm\u00e4vaurioita. Kuvituskuva. Sasu M\u00e4kinen Helsingin yliopistollisen&hellip;\n","protected":false},"author":2,"featured_media":130985,"comment_status":"","ping_status":"","sticky":false,"template":"","format":"standard","meta":{"footnotes":""},"categories":[5],"tags":[35,1933,22,23,26,27,33,31,30,17,603,24,25,28,29,15,18,21,32,502,167,719,19,20,16],"class_list":{"0":"post-130984","1":"post","2":"type-post","3":"status-publish","4":"format-standard","5":"has-post-thumbnail","7":"category-otsikot","8":"tag-24h","9":"tag-asiantuntijatyo","10":"tag-breaking-news","11":"tag-breakingnews","12":"tag-featured-news","13":"tag-featurednews","14":"tag-fi","15":"tag-finland","16":"tag-finnish","17":"tag-headlines","18":"tag-korkeakoulu","19":"tag-latest-news","20":"tag-latestnews","21":"tag-main-news","22":"tag-mainnews","23":"tag-news","24":"tag-otsikot","25":"tag-paauutiset","26":"tag-suomi","27":"tag-terveydenhoito","28":"tag-terveys","29":"tag-tiede-yleista","30":"tag-top-stories","31":"tag-topstories","32":"tag-uutiset"},"share_on_mastodon":{"url":"https:\/\/pubeurope.com\/@fi\/115821572418875380","error":""},"_links":{"self":[{"href":"https:\/\/www.europesays.com\/fi\/wp-json\/wp\/v2\/posts\/130984","targetHints":{"allow":["GET"]}}],"collection":[{"href":"https:\/\/www.europesays.com\/fi\/wp-json\/wp\/v2\/posts"}],"about":[{"href":"https:\/\/www.europesays.com\/fi\/wp-json\/wp\/v2\/types\/post"}],"author":[{"embeddable":true,"href":"https:\/\/www.europesays.com\/fi\/wp-json\/wp\/v2\/users\/2"}],"replies":[{"embeddable":true,"href":"https:\/\/www.europesays.com\/fi\/wp-json\/wp\/v2\/comments?post=130984"}],"version-history":[{"count":0,"href":"https:\/\/www.europesays.com\/fi\/wp-json\/wp\/v2\/posts\/130984\/revisions"}],"wp:featuredmedia":[{"embeddable":true,"href":"https:\/\/www.europesays.com\/fi\/wp-json\/wp\/v2\/media\/130985"}],"wp:attachment":[{"href":"https:\/\/www.europesays.com\/fi\/wp-json\/wp\/v2\/media?parent=130984"}],"wp:term":[{"taxonomy":"category","embeddable":true,"href":"https:\/\/www.europesays.com\/fi\/wp-json\/wp\/v2\/categories?post=130984"},{"taxonomy":"post_tag","embeddable":true,"href":"https:\/\/www.europesays.com\/fi\/wp-json\/wp\/v2\/tags?post=130984"}],"curies":[{"name":"wp","href":"https:\/\/api.w.org\/{rel}","templated":true}]}}