{"id":130988,"date":"2026-01-01T20:03:07","date_gmt":"2026-01-01T20:03:07","guid":{"rendered":"https:\/\/www.europesays.com\/fi\/130988\/"},"modified":"2026-01-01T20:03:07","modified_gmt":"2026-01-01T20:03:07","slug":"tim-lambesis-mokasi-toisen-mahdollisuutensa-sanoo-ex-as-i-lay-dying-rumpali-toivoimme-sokeasti-parasta","status":"publish","type":"post","link":"https:\/\/www.europesays.com\/fi\/130988\/","title":{"rendered":"Tim Lambesis mokasi toisen mahdollisuutensa, sanoo ex-As I Lay Dying -rumpali &#8211; &#8221;Toivoimme sokeasti parasta&#8230;&#8221;"},"content":{"rendered":"<p>Vuonna 2000 perustetulla <strong>As I Lay Dying<\/strong> -yhtyeell\u00e4 on v\u00e4hint\u00e4\u00e4nkin v\u00e4rik\u00e4s ja erikoinen historia, eik\u00e4 pelk\u00e4st\u00e4\u00e4n hyv\u00e4ll\u00e4 tavalla. Yhtye joutui lopettamaan toimintansa vuonna 2014, kun nokkamies <strong>Tim Labesis<\/strong> tuomittiin kuudeksi vuodeksi vankeuteen h\u00e4nen yritetty\u00e4 tilata silloisen vaimonsa palkkamurhan peiteteht\u00e4v\u00e4ss\u00e4 olleelta poliisilta. Lambesis kuitenkin vapautui jo 2016 ja yhtye jatkoi toimintaansa samalla kokoonpanolla.<\/p>\n<p>Kakkoskitaristi <strong>Nick Hipa<\/strong> erosi b\u00e4ndist\u00e4 vuonna 2020 ja vuonna 2022 basisti <strong>Josh Gilbert<\/strong> ja rumpali <strong>Jordan Mancino<\/strong> seurasivat per\u00e4st\u00e4. Yhtye jatkoi uusitulla kokoonpanolla, kunnes syksyll\u00e4 2024 yht\u00e4kki\u00e4 koko muu b\u00e4ndi Lambesista lukuun ottamatta erosi. Pian t\u00e4m\u00e4n j\u00e4lkeen laulajan ex-vaimo <strong>Dany Ciara<\/strong> alkoi avautua julkisesti pariskunnan <a href=\"https:\/\/www.inferno.fi\/uutiset\/as-i-lay-dying-keulahahmon-ex-vaimo-avautui-toksisesta-suhteesta-podcastissa-tim-lambesis-reagoi-dany-ciara-vastasi-tulisesti-takaisin\/\" target=\"_blank\" rel=\"noreferrer noopener nofollow\">toksisesta suhteesta<\/a> ja Lambesisin v\u00e4kivaltaisesta k\u00e4yt\u00f6ksest\u00e4. My\u00f6s kitaristi <strong>Ken Susi<\/strong> on kertonut laulajan k\u00e4yneen Ciaraan k\u00e4siksi.<\/p>\n<p>Lue my\u00f6s: <a href=\"https:\/\/www.inferno.fi\/uutiset\/as-i-lay-dying-keulahahmon-ex-vaimo-avautui-toksisesta-suhteesta-podcastissa-tim-lambesis-reagoi-dany-ciara-vastasi-tulisesti-takaisin\/\" title=\"As I Lay Dying -keulahahmon ex-vaimo avautui toksisesta suhteesta podcastissa \u2013 Tim Lambesis reagoi, Dany Ciara vastasi tulisesti takaisin\" class=\"underline-custom !font-montserrat !font-bold !underline-offset-4 !decoration-4 !decoration-red-600 !text-md\" rel=\"nofollow noopener\" target=\"_blank\">As I Lay Dying -keulahahmon ex-vaimo avautui toksisesta suhteesta podcastissa \u2013 Tim Lambesis reagoi, Dany Ciara vastasi tulisesti takaisin<\/a><\/p>\n<p>Lue my\u00f6s: <a href=\"https:\/\/www.inferno.fi\/uutiset\/et-tule-minun-talooni-ja-kay-kasiksi-vaimoosi-as-i-lay-dying-kitaristi-avautuu-valikohtauksesta-joka-johti-bandin-hajoamiseen\/\" title=\"\u201dEt tule minun talooni ja k\u00e4y k\u00e4siksi vaimoosi\u201d \u2013 As I Lay Dying -kitaristi avautuu v\u00e4likohtauksesta, joka johti b\u00e4ndin hajoamiseen\" class=\"underline-custom !font-montserrat !font-bold !underline-offset-4 !decoration-4 !decoration-red-600 !text-md\" rel=\"nofollow noopener\" target=\"_blank\">\u201dEt tule minun talooni ja k\u00e4y k\u00e4siksi vaimoosi\u201d \u2013 As I Lay Dying -kitaristi avautuu v\u00e4likohtauksesta, joka johti b\u00e4ndin hajoamiseen<\/a><\/p>\n<p>Syksyll\u00e4 2024 kokoonpanosta muiden mukana k\u00e4velem\u00e4\u00e4n l\u00e4htenyt rumpali <strong>Nick Pierce<\/strong> on nyt avautunut ajastaan b\u00e4ndist\u00e4 sek\u00e4 joukkokadosta tuoreessa <a href=\"https:\/\/www.youtube.com\/watch?v=ekd2awppaZU\" target=\"_blank\" rel=\"noreferrer noopener nofollow\">Metal Drummers Unitedin haastattelussa<\/a>. Piercen mukaan ryhm\u00e4n tunnelma oli korkealla ensimm\u00e4isten treenien j\u00e4lkeen, kun ilmeni, miten tiukasti ryhm\u00e4 soittaa yhteen. Niinp\u00e4 muu b\u00e4ndi halusi antaa Lambesisille tilaisuuden n\u00e4ytt\u00e4\u00e4, ett\u00e4 h\u00e4n on parantanut tapansa.<\/p>\n<p>\u201dKyll\u00e4h\u00e4n me osittain tiesimme, mihin olemme ryhtym\u00e4ss\u00e4 Timin menneisyys huomioiden. Olimme valmiita antamaan h\u00e4nelle toisen \u2013 tai kuinka mones se nyt ikin\u00e4 olikaan \u2013 mahdollisuuden. Toivoimme sokeasti parasta, ett\u00e4 h\u00e4n olisi muuttunut ja parempaan suuntaan\u201d, Pierce sanoo.<\/p>\n<p>Optimistinen ajattelu ei kuitenkaan kantanut pitk\u00e4lle eik\u00e4 mennyt aikaakaan, kun Tim \u2013 jota Pierce vertaa toipuvaan addiktiin \u2013 jatkoi vanhaa, toksista k\u00e4yt\u00f6st\u00e4\u00e4n.<\/p>\n<p>\u201dMe annoimme h\u00e4nelle uuden mahdollisuuden. Ja h\u00e4n vittu mokasi sen t\u00e4ydellisesti vitun typerien p\u00e4\u00e4t\u00f6stens\u00e4 kanssa\u201d, Pierce toteaa.<\/p>\n<p>\u201dKuulin b\u00e4ndin hajoamisesta syntym\u00e4p\u00e4iv\u00e4n\u00e4ni. Yhden p\u00e4iv\u00e4n aikana ajatukset vaihtuivat siit\u00e4, ett\u00e4 seuraavaksi l\u00e4hdemme kiert\u00e4m\u00e4\u00e4n Eurooppaa siihen, ett\u00e4 b\u00e4ndi hajoaa. Ja kaikki t\u00e4m\u00e4 sen vuoksi, mit\u00e4 Tim oli tehnyt.\u201d<\/p>\n<p>\u201dLuotin v\u00e4\u00e4r\u00e4\u00e4n vitun tyyppiin. Ja niin tekiv\u00e4t kaikki muutkin. Mutta niin vain joskus k\u00e4y.\u201d<\/p>\n<p>T\u00e4t\u00e4 nyky\u00e4 Lambesis on jo ker\u00e4nnyt ymp\u00e4rilleen uudet soittajat ja on julkaissut jo muutaman singlebiisin uudella kokoonpanolla sek\u00e4 kiert\u00e4nyt muun muassa Ven\u00e4j\u00e4ll\u00e4, jonne yhtye on suuntaamassa uudelleen alkukev\u00e4\u00e4st\u00e4.<\/p>\n<p><img loading=\"lazy\" decoding=\"async\" alt=\"YouTube video\" width=\"480\" height=\"360\" data-pin-nopin=\"true\" nopin=\"nopin\" class=\"perfmatters-lazy\" src=\"https:\/\/www.europesays.com\/fi\/wp-content\/uploads\/2026\/01\/1767297787_598_hqdefault.jpg\"\/><\/p>\n<p>Lue my\u00f6s: <a href=\"https:\/\/www.inferno.fi\/uutiset\/kohuyhtye-as-i-lay-dying-julkaisi-uuden-kokoonpanon-toisen-singlen-sanoitukset-peilaavat-niita-ihmisia-jotka-haluan-ymparilleni\/\" title=\"Kohuyhtye As I Lay Dying julkaisi uuden kokoonpanon toisen singlen \u2013 \u201dSanoitukset peilaavat niit\u00e4 ihmisi\u00e4, jotka haluan ymp\u00e4rilleni\u201d\" class=\"underline-custom !font-montserrat !font-bold !underline-offset-4 !decoration-4 !decoration-red-600 !text-md\" rel=\"nofollow noopener\" target=\"_blank\">Kohuyhtye As I Lay Dying julkaisi uuden kokoonpanon toisen singlen \u2013 \u201dSanoitukset peilaavat niit\u00e4 ihmisi\u00e4, jotka haluan ymp\u00e4rilleni\u201d<\/a><\/p>\n<p>Lue my\u00f6s: <a href=\"https:\/\/www.inferno.fi\/uutiskirje\/\" title=\"Tilaa Infernon uutiskirje\" class=\"underline-custom !font-montserrat !font-bold !underline-offset-4 !decoration-4 !decoration-red-600 !text-md\" rel=\"nofollow noopener\" target=\"_blank\">Tilaa Infernon uutiskirje ja tied\u00e4t mist\u00e4 kahvitauolla puhutaan! Nappaa raskaan musiikin uutiset ja puheenaiheet suoraan s\u00e4hk\u00f6postiin t\u00e4st\u00e4.<\/a><\/p>\n","protected":false},"excerpt":{"rendered":"Vuonna 2000 perustetulla As I Lay Dying -yhtyeell\u00e4 on v\u00e4hint\u00e4\u00e4nkin v\u00e4rik\u00e4s ja erikoinen historia, eik\u00e4 pelk\u00e4st\u00e4\u00e4n hyv\u00e4ll\u00e4 tavalla.&hellip;\n","protected":false},"author":2,"featured_media":130989,"comment_status":"","ping_status":"","sticky":false,"template":"","format":"standard","meta":{"footnotes":""},"categories":[132],"tags":[137,1664,33,31,30,195,47,32,109],"class_list":{"0":"post-130988","1":"post","2":"type-post","3":"status-publish","4":"format-standard","5":"has-post-thumbnail","7":"category-musiikki","8":"tag-entertainment","9":"tag-ero","10":"tag-fi","11":"tag-finland","12":"tag-finnish","13":"tag-music","14":"tag-musiikki","15":"tag-suomi","16":"tag-viihde"},"share_on_mastodon":{"url":"https:\/\/pubeurope.com\/@fi\/115821635370353627","error":""},"_links":{"self":[{"href":"https:\/\/www.europesays.com\/fi\/wp-json\/wp\/v2\/posts\/130988","targetHints":{"allow":["GET"]}}],"collection":[{"href":"https:\/\/www.europesays.com\/fi\/wp-json\/wp\/v2\/posts"}],"about":[{"href":"https:\/\/www.europesays.com\/fi\/wp-json\/wp\/v2\/types\/post"}],"author":[{"embeddable":true,"href":"https:\/\/www.europesays.com\/fi\/wp-json\/wp\/v2\/users\/2"}],"replies":[{"embeddable":true,"href":"https:\/\/www.europesays.com\/fi\/wp-json\/wp\/v2\/comments?post=130988"}],"version-history":[{"count":0,"href":"https:\/\/www.europesays.com\/fi\/wp-json\/wp\/v2\/posts\/130988\/revisions"}],"wp:featuredmedia":[{"embeddable":true,"href":"https:\/\/www.europesays.com\/fi\/wp-json\/wp\/v2\/media\/130989"}],"wp:attachment":[{"href":"https:\/\/www.europesays.com\/fi\/wp-json\/wp\/v2\/media?parent=130988"}],"wp:term":[{"taxonomy":"category","embeddable":true,"href":"https:\/\/www.europesays.com\/fi\/wp-json\/wp\/v2\/categories?post=130988"},{"taxonomy":"post_tag","embeddable":true,"href":"https:\/\/www.europesays.com\/fi\/wp-json\/wp\/v2\/tags?post=130988"}],"curies":[{"name":"wp","href":"https:\/\/api.w.org\/{rel}","templated":true}]}}