{"id":130994,"date":"2026-01-01T20:10:09","date_gmt":"2026-01-01T20:10:09","guid":{"rendered":"https:\/\/www.europesays.com\/fi\/130994\/"},"modified":"2026-01-01T20:10:09","modified_gmt":"2026-01-01T20:10:09","slug":"turvemaat-keski-pohjanmaan-lypsykarjatiloilla-seamk-fi","status":"publish","type":"post","link":"https:\/\/www.europesays.com\/fi\/130994\/","title":{"rendered":"Turvemaat Keski-Pohjanmaan lypsykarjatiloilla | SEAMK.fi"},"content":{"rendered":"<p>Turvemailla tapahtuu -tietoiskut tarjoavat kiinnostavaa asiaa ajankohtaisista aiheista joka kuukauden toisena perjantaina aamukahviaikaan klo 8.30\u20139.00. Voit osallistua tilaisuuksiin omalta koneeltasi Teamsin v\u00e4lityksell\u00e4.<\/p>\n<p>Kaikille avoimissa ja maksuttomissa tilaisuuksissa p\u00e4\u00e4set kuulemaan mielenkiintoisia asiantuntijapuheenvuoroja vaihtuvilla teemoilla. Puheenvuorojen j\u00e4lkeen on varattu mahdollisuus keskustelulle ja kysymyksille. Tilaisuuksiin ei tarvitse ennakkoilmoittautua. Tietoiskuja ei my\u00f6sk\u00e4\u00e4n tallenneta.<\/p>\n<p>Tietoiskun ajankohta ja teema<\/p>\n<p>Pe 16.1. klo 8.30\u20139.00<br \/>Turvemaat Keski-Pohjanmaan lypsykarjatiloilla,<br \/>puhujana maidontuotannon asiantuntija, agrologi YAMK Johanna Malinen, ProAgria Keski-Pohjanmaa<\/p>\n<p>Mill\u00e4 tavoin turvemaiden viljelyn ohjauskeinot vaikuttavat keskipohjalaisiin maitotiloihin ja tilojen tulevaisuuden suunnitteluun? Tule kuulemaan kiinnostavia tuloksia ja havaintoja Johanna Malisen Lapin ammattikorkeakoululle tekem\u00e4n Agrologi (YAMK) -opinn\u00e4ytety\u00f6n tutkimusosiossa toteutetuista maitotilayritt\u00e4jien ja asiantuntijoiden haastatteluista. Opinn\u00e4ytety\u00f6n toimeksiantajana oli Turvemaiden kest\u00e4v\u00e4n k\u00e4yt\u00f6n osaamisklusterin aktivointi- ja koordinaatiohanke (TUKKA).<\/p>\n<p><a href=\"https:\/\/teams.microsoft.com\/l\/meetup-join\/19%3ameeting_MzRiOGI1YTgtZjI5OC00ZDM4LWFkMjgtMTVlMDdhZWFjODJi%40thread.v2\/0?context=%7b%22Tid%22%3a%228e83a730-1a46-40ed-8797-1d2d98cac2d1%22%2c%22Oid%22%3a%2236fa4c47-8579-4f50-9fcd-b8247700d4b7%22%7d\" target=\"_blank\" rel=\"noopener nofollow\">Teams-osallistumislinkki(Avautuu uuteen ikkunaan)<\/a><\/p>\n<p>L\u00e4mpim\u00e4sti tervetuloa mukaan!<\/p>\n<p>Tietoisku on osa Turvemaiden kest\u00e4v\u00e4n k\u00e4yt\u00f6n osaamisklusterin aktivointi- ja koordinaatiohankkeen toimenpiteit\u00e4. Hanke on Euroopan unionin osarahoittama.<\/p>\n<p><img loading=\"lazy\" decoding=\"async\" class=\"alignnone size-large wp-image-26752\" src=\"https:\/\/www.europesays.com\/fi\/wp-content\/uploads\/2026\/01\/0c0e89ca-tukka-logot-1024x169.png\" alt=\"Hanketoteuttajien logot\" width=\"1024\" height=\"169\"  \/><\/p>\n","protected":false},"excerpt":{"rendered":"Turvemailla tapahtuu -tietoiskut tarjoavat kiinnostavaa asiaa ajankohtaisista aiheista joka kuukauden toisena perjantaina aamukahviaikaan klo 8.30\u20139.00. Voit osallistua tilaisuuksiin&hellip;\n","protected":false},"author":2,"featured_media":130995,"comment_status":"","ping_status":"","sticky":false,"template":"","format":"standard","meta":{"footnotes":""},"categories":[76],"tags":[79,77,33,31,30,32,78],"class_list":{"0":"post-130994","1":"post","2":"type-post","3":"status-publish","4":"format-standard","5":"has-post-thumbnail","7":"category-talous","8":"tag-business","9":"tag-economy","10":"tag-fi","11":"tag-finland","12":"tag-finnish","13":"tag-suomi","14":"tag-talous"},"share_on_mastodon":{"url":"https:\/\/pubeurope.com\/@fi\/115821663120432871","error":""},"_links":{"self":[{"href":"https:\/\/www.europesays.com\/fi\/wp-json\/wp\/v2\/posts\/130994","targetHints":{"allow":["GET"]}}],"collection":[{"href":"https:\/\/www.europesays.com\/fi\/wp-json\/wp\/v2\/posts"}],"about":[{"href":"https:\/\/www.europesays.com\/fi\/wp-json\/wp\/v2\/types\/post"}],"author":[{"embeddable":true,"href":"https:\/\/www.europesays.com\/fi\/wp-json\/wp\/v2\/users\/2"}],"replies":[{"embeddable":true,"href":"https:\/\/www.europesays.com\/fi\/wp-json\/wp\/v2\/comments?post=130994"}],"version-history":[{"count":0,"href":"https:\/\/www.europesays.com\/fi\/wp-json\/wp\/v2\/posts\/130994\/revisions"}],"wp:featuredmedia":[{"embeddable":true,"href":"https:\/\/www.europesays.com\/fi\/wp-json\/wp\/v2\/media\/130995"}],"wp:attachment":[{"href":"https:\/\/www.europesays.com\/fi\/wp-json\/wp\/v2\/media?parent=130994"}],"wp:term":[{"taxonomy":"category","embeddable":true,"href":"https:\/\/www.europesays.com\/fi\/wp-json\/wp\/v2\/categories?post=130994"},{"taxonomy":"post_tag","embeddable":true,"href":"https:\/\/www.europesays.com\/fi\/wp-json\/wp\/v2\/tags?post=130994"}],"curies":[{"name":"wp","href":"https:\/\/api.w.org\/{rel}","templated":true}]}}