{"id":130998,"date":"2026-01-01T20:12:09","date_gmt":"2026-01-01T20:12:09","guid":{"rendered":"https:\/\/www.europesays.com\/fi\/130998\/"},"modified":"2026-01-01T20:12:09","modified_gmt":"2026-01-01T20:12:09","slug":"uusi-vuosi-alkaa-pirkanmaalla-kirpeassa-pakkasessa-ajokeli-voi-olla-perjantaina-huono","status":"publish","type":"post","link":"https:\/\/www.europesays.com\/fi\/130998\/","title":{"rendered":"Uusi vuosi alkaa Pirkanmaalla kirpe\u00e4ss\u00e4 pakkasessa, ajokeli voi olla perjantaina huono"},"content":{"rendered":"<p>P\u00f6lly\u00e4v\u00e4 lumi voi heikent\u00e4\u00e4 ajokeli\u00e4 perjantaina ja lauantaina.<\/p>\n<p class=\"article-body mb-nof-24 px-nof-16\">Aamulehti<\/p>\n<p class=\"article-body mb-nof-24 px-nof-16\">Vuosi 2026 k\u00e4ynnistyy Pirkanmaalla kylmiss\u00e4 merkeiss\u00e4. L\u00e4mp\u00f6tila pysyy Pirkanmaan alueella viikonloppuna p\u00e4\u00e4osin 10\u201312 pakkasasteen tiet\u00e4mill\u00e4.<\/p>\n<p class=\"article-body mb-nof-24 px-nof-16\">Pohjois-Pirkanmaalla pakkanen voi kiristy\u00e4 noin 15 asteeseen.<\/p>\n<p class=\"article-body mb-nof-24 px-nof-16\">Pirkanmaalle ennustetaan kevytt\u00e4 lumisadetta perjantai-illalle ja lauantain vastaiselle y\u00f6lle. Lunta ennustetaan satavan kaksi, kolme sentti\u00e4.<\/p>\n<p class=\"article-body mb-nof-24 px-nof-16\">\u201dKylm\u00e4\u00e4 on, mutta lunta ei ole kovin paljon luvassa. Pirkanmaan etel\u00e4osissa lunta sataa todenn\u00e4k\u00f6isemmin kuin pohjoisosissa\u201d, kertoo Ilmatieteen laitoksen p\u00e4ivyst\u00e4v\u00e4 meteorologi <a class=\"font-bold underline-offset-[0.12em] [text-decoration:var(--person-link-text-decoration)] ![text-decoration-color:var(--person-link-text-decoration-color)]\" href=\"https:\/\/www.aamulehti.fi\/haku\/?query=Antti%20Jylh%C3%A4-Ollila\" rel=\"nofollow noopener\" target=\"_blank\">Antti Jylh\u00e4-Ollila<\/a>.<\/p>\n<p class=\"article-body mb-nof-24 px-nof-16\">Jylh\u00e4-Ollila sanoo, ett\u00e4 vaikka lumen m\u00e4\u00e4r\u00e4 on maltillinen, lumisade vaikuttaa ajokeliin.<\/p>\n<p class=\"article-body mb-nof-24 px-nof-16\">\u201dVaikka kinoksia ei tule, satava lumi on sen verran p\u00f6lisev\u00e4\u00e4, ett\u00e4 se heikent\u00e4\u00e4 ajokeli\u00e4 perjantaina ja lauantaina\u201d, Jylh\u00e4-Ollila sanoo.<\/p>\n<p>Pakkanen kiristyy<\/p>\n<p class=\"article-body mb-nof-24 px-nof-16\">Matalapaine hillitsee pakkasen kiristymist\u00e4 viikonloppuna hieman, mutta lis\u00e4\u00e4 tuulta, joka saa pakkasen tuntumaan entist\u00e4 purevammalta.<\/p>\n<p class=\"article-body mb-nof-24 px-nof-16\">Pakkanen l\u00e4htee kiristym\u00e4\u00e4n sunnuntaina matalapaineen v\u00e4istyess\u00e4 it\u00e4\u00e4 kohti. L\u00e4mp\u00f6tila laskee 15 pakkasasteen tienoille.<\/p>\n<p class=\"article-body mb-nof-24 px-nof-16\">Sunnuntaina ja maanantaina on luvassa hyvin kylm\u00e4\u00e4, joka jatkuu tiistaina. Keskiviikkona p\u00e4\u00e4st\u00e4\u00e4n kenties 25 pakkasasteeseen, Jylh\u00e4-Ollila sanoo.<\/p>\n<p class=\"article-body mb-nof-24 px-nof-16\">\u201dSunnuntaista l\u00e4htien tuulet ovat heikkoja ja auringonpaistettakin on luvassa, mutta kylm\u00e4\u00e4 n\u00e4ytt\u00e4isi olevan loppiaisen j\u00e4lkeenkin.\u201d<\/p>\n","protected":false},"excerpt":{"rendered":"P\u00f6lly\u00e4v\u00e4 lumi voi heikent\u00e4\u00e4 ajokeli\u00e4 perjantaina ja lauantaina. Aamulehti Vuosi 2026 k\u00e4ynnistyy Pirkanmaalla kylmiss\u00e4 merkeiss\u00e4. L\u00e4mp\u00f6tila pysyy Pirkanmaan&hellip;\n","protected":false},"author":2,"featured_media":130999,"comment_status":"","ping_status":"","sticky":false,"template":"","format":"standard","meta":{"footnotes":""},"categories":[12],"tags":[157,22,23,26,27,33,31,30,17,24,25,28,29,15,18,21,32,19,20,16],"class_list":{"0":"post-130998","1":"post","2":"type-post","3":"status-publish","4":"format-standard","5":"has-post-thumbnail","7":"category-suomi","8":"tag-aamulehti","9":"tag-breaking-news","10":"tag-breakingnews","11":"tag-featured-news","12":"tag-featurednews","13":"tag-fi","14":"tag-finland","15":"tag-finnish","16":"tag-headlines","17":"tag-latest-news","18":"tag-latestnews","19":"tag-main-news","20":"tag-mainnews","21":"tag-news","22":"tag-otsikot","23":"tag-paauutiset","24":"tag-suomi","25":"tag-top-stories","26":"tag-topstories","27":"tag-uutiset"},"share_on_mastodon":{"url":"https:\/\/pubeurope.com\/@fi\/115821670885878242","error":""},"_links":{"self":[{"href":"https:\/\/www.europesays.com\/fi\/wp-json\/wp\/v2\/posts\/130998","targetHints":{"allow":["GET"]}}],"collection":[{"href":"https:\/\/www.europesays.com\/fi\/wp-json\/wp\/v2\/posts"}],"about":[{"href":"https:\/\/www.europesays.com\/fi\/wp-json\/wp\/v2\/types\/post"}],"author":[{"embeddable":true,"href":"https:\/\/www.europesays.com\/fi\/wp-json\/wp\/v2\/users\/2"}],"replies":[{"embeddable":true,"href":"https:\/\/www.europesays.com\/fi\/wp-json\/wp\/v2\/comments?post=130998"}],"version-history":[{"count":0,"href":"https:\/\/www.europesays.com\/fi\/wp-json\/wp\/v2\/posts\/130998\/revisions"}],"wp:featuredmedia":[{"embeddable":true,"href":"https:\/\/www.europesays.com\/fi\/wp-json\/wp\/v2\/media\/130999"}],"wp:attachment":[{"href":"https:\/\/www.europesays.com\/fi\/wp-json\/wp\/v2\/media?parent=130998"}],"wp:term":[{"taxonomy":"category","embeddable":true,"href":"https:\/\/www.europesays.com\/fi\/wp-json\/wp\/v2\/categories?post=130998"},{"taxonomy":"post_tag","embeddable":true,"href":"https:\/\/www.europesays.com\/fi\/wp-json\/wp\/v2\/tags?post=130998"}],"curies":[{"name":"wp","href":"https:\/\/api.w.org\/{rel}","templated":true}]}}