{"id":131000,"date":"2026-01-01T20:13:08","date_gmt":"2026-01-01T20:13:08","guid":{"rendered":"https:\/\/www.europesays.com\/fi\/131000\/"},"modified":"2026-01-01T20:13:08","modified_gmt":"2026-01-01T20:13:08","slug":"gabonin-hallitus-raivostui-maajoukkueen-hapeallisista-otteista-erotti-euroopan-karkisarjoja-hallinneen-hyokkaajan-urheilua-lyhyesti","status":"publish","type":"post","link":"https:\/\/www.europesays.com\/fi\/131000\/","title":{"rendered":"Gabonin hallitus raivostui maajoukkueen \u201dh\u00e4pe\u00e4llisist\u00e4\u201d otteista \u2013 erotti Euroopan k\u00e4rkisarjoja hallinneen hy\u00f6kk\u00e4\u00e4j\u00e4n | Urheilua lyhyesti"},"content":{"rendered":"<p class=\"aw-1gybjub aw-5vja16 kEtdKx kmuxyA yle__article__paragraph\">Kolme tappiota Afrikan mestaruus\u00adturnauksessa oli liikaa Gabonin hallitukselle. Se p\u00e4\u00e4tti hyllytt\u00e4\u00e4 maajoukkueen ja antaa kenk\u00e4\u00e4 Pierre-Emerick Aubameyangille.<\/p>\n<p><img decoding=\"async\" alt=\"Pierre-Emerick Aubameyang kuvassa.\" src=\"https:\/\/www.europesays.com\/fi\/wp-content\/uploads\/2026\/01\/39-157633369569ca76f01a.jpeg\" class=\"aw-1l9m598 hKVVvP\"\/><\/p>\n<p>Avaa kuvien katselu<\/p>\n<p>Pierre-Emerick Aubameyang pelaa nykyisin Marseillessa. Kuva: EPA-EFE<\/p>\n<p class=\"aw-1gybjub aw-1p7kakr kEtdKx cEmitX yle__article__paragraph\">Gabon h\u00e4visi jalkapallon Afrikan mestaruusturnauksen alkulohkossa kaikki ottelunsa. Norsunluurannikko ja Mosambik olivat parempia lukemin 3\u20132, Kamerun puolestaan l\u00f6i Gabonin 1\u20130.<\/p>\n<p class=\"aw-1gybjub aw-1p7kakr kEtdKx cEmitX yle__article__paragraph\">Gabon j\u00e4i n\u00e4in alkulohkonsa viimeiseksi ja putosi jatkopeleist\u00e4. Heikot otteet saivat maan hallituksen tarttumaan toimeen lohkovaiheen j\u00e4lkeen.<\/p>\n<p class=\"aw-1gybjub aw-1p7kakr kEtdKx cEmitX yle__article__paragraph\">\u2013 \u201dPantterien\u201d h\u00e4pe\u00e4llisten otteiden seurauksena hallitus on p\u00e4\u00e4tt\u00e4nyt hajottaa valmennusryhm\u00e4n, lakkauttaa maajoukkueen toistaiseksi ja erottaa pelaajista <strong class=\"aw-ak79eh KyCXm yle__article__strong\">Bruno Ecuele Mangan<\/strong> ja <strong class=\"aw-ak79eh KyCXm yle__article__strong\">Pierre-Emerick Aubameyangin<\/strong>, maan urheiluministeri <strong class=\"aw-ak79eh KyCXm yle__article__strong\">Simplice-Desier Mamboula<\/strong> <a class=\"aw-iao6s4 iHOxEa yle__article__link\" href=\"https:\/\/www.reuters.com\/sports\/soccer\/gabon-government-sack-aubameyang-national-team-2026-01-01\/?taid=695675b2f6b710000197f53a&amp;utm_campaign=trueAnthem:+Trending+Content&amp;utm_medium=trueAnthem&amp;utm_source=twitter\" role=\"link\" rel=\"nofollow noopener\" target=\"_blank\">jyrisi keskiviikkona uutistoimisto Reutersin mukaan<\/a>.<\/p>\n<p class=\"aw-1gybjub aw-1p7kakr kEtdKx cEmitX yle__article__paragraph\">Keskushy\u00f6kk\u00e4\u00e4j\u00e4 Aubameyang, 36, valittiin vuonna 2015 vuoden afrikkalaiseksi jalkapalloilijaksi ja h\u00e4n on edustanut seurajoukkueurallaan mm. Borussia Dortmundia, Arsenalia, Chelseaa ja FC Barcelonaa.<\/p>\n<p class=\"aw-1gybjub aw-1p7kakr kEtdKx cEmitX yle__article__paragraph\">H\u00e4n on ollut kauden paras maalintekij\u00e4 Bundesliigassa 2016\u20132017, Valioliigassa 2018\u20132019 ja Eurooppa-liigassa 2023\u20132024.<\/p>\n<p class=\"aw-1gybjub aw-1p7kakr kEtdKx cEmitX yle__article__paragraph\">Aubameyang kavensi 1\u20132:een Mosambikia vastaan, mutta se ei riitt\u00e4nyt maan p\u00e4\u00e4tt\u00e4jille.<\/p>\n<p class=\"aw-1gybjub aw-1p7kakr kEtdKx cEmitX yle__article__paragraph\">\u2013 Mielest\u00e4ni joukkueen ongelmat ovat paljon syvemm\u00e4ll\u00e4 kuin minun kaltaisessani pieness\u00e4 ihmisess\u00e4, t\u00e4htipelaaja kommentoi hallituksen p\u00e4\u00e4t\u00f6st\u00e4 viestipalvelu X:ss\u00e4.<\/p>\n<p class=\"aw-1gybjub aw-1p7kakr kEtdKx cEmitX yle__article__paragraph\">Aubameyang ja 37-vuotias toppari Manga olivat sivussa keskiviikon Norsunluurannikko-ottelusta. Gabonin putoaminen jatkosta oli jo varmistunut ennen kyseist\u00e4 kohtaamista.<\/p>\n<p class=\"aw-1gybjub aw-1p7kakr kEtdKx cEmitX yle__article__paragraph\">Aubameyang oli jo palannut ottelun aikana Ranskan liigassa pelaavaan seurajoukkueeseensa Marseilleen saamaan hoitoa reisivaivaansa.<\/p>\n<p>Afrikan mestaruusturnauksen nelj\u00e4nnesv\u00e4lier\u00e4t 3.\u20136.1.<\/p>\n<p class=\"aw-1gybjub aw-1p7kakr kEtdKx cEmitX yle__article__paragraph\">Mali \u2013 Tunisia<\/p>\n<p class=\"aw-1gybjub aw-1p7kakr kEtdKx cEmitX yle__article__paragraph\">Senegal \u2013 Sudan<\/p>\n<p class=\"aw-1gybjub aw-1p7kakr kEtdKx cEmitX yle__article__paragraph\">Egypti \u2013 Benin<\/p>\n<p class=\"aw-1gybjub aw-1p7kakr kEtdKx cEmitX yle__article__paragraph\">Norsunluurannikko \u2013 Burkina Faso<\/p>\n<p class=\"aw-1gybjub aw-1p7kakr kEtdKx cEmitX yle__article__paragraph\">Etel\u00e4-Amerikka \u2013 Kamerun<\/p>\n<p class=\"aw-1gybjub aw-1p7kakr kEtdKx cEmitX yle__article__paragraph\">Marokko \u2013 Tansania<\/p>\n<p class=\"aw-1gybjub aw-1p7kakr kEtdKx cEmitX yle__article__paragraph\">Algeria \u2013 Kongon demokraattinen tasavalta<\/p>\n<p class=\"aw-1gybjub aw-1p7kakr kEtdKx cEmitX yle__article__paragraph\">Nigeria \u2013 Mosambik<\/p>\n<p class=\"aw-1gybjub aw-1p7kakr kEtdKx cEmitX yle__article__paragraph\">L\u00e4hde: Reuters.<\/p>\n","protected":false},"excerpt":{"rendered":"Kolme tappiota Afrikan mestaruus\u00adturnauksessa oli liikaa Gabonin hallitukselle. Se p\u00e4\u00e4tti hyllytt\u00e4\u00e4 maajoukkueen ja antaa kenk\u00e4\u00e4 Pierre-Emerick Aubameyangille. Avaa&hellip;\n","protected":false},"author":2,"featured_media":131001,"comment_status":"","ping_status":"","sticky":false,"template":"","format":"standard","meta":{"footnotes":""},"categories":[5],"tags":[22,23,26,27,33,31,30,23202,17,43,23201,24,25,28,29,15,18,21,23203,32,19,20,160,16],"class_list":{"0":"post-131000","1":"post","2":"type-post","3":"status-publish","4":"format-standard","5":"has-post-thumbnail","7":"category-otsikot","8":"tag-breaking-news","9":"tag-breakingnews","10":"tag-featured-news","11":"tag-featurednews","12":"tag-fi","13":"tag-finland","14":"tag-finnish","15":"tag-gabon","16":"tag-headlines","17":"tag-jalkapallo","18":"tag-jalkapallon-afrikan-mestaruuskilpailut","19":"tag-latest-news","20":"tag-latestnews","21":"tag-main-news","22":"tag-mainnews","23":"tag-news","24":"tag-otsikot","25":"tag-paauutiset","26":"tag-pierre-emerick-aubameyang","27":"tag-suomi","28":"tag-top-stories","29":"tag-topstories","30":"tag-urheilu","31":"tag-uutiset"},"share_on_mastodon":{"url":"https:\/\/pubeurope.com\/@fi\/115821674656927227","error":""},"_links":{"self":[{"href":"https:\/\/www.europesays.com\/fi\/wp-json\/wp\/v2\/posts\/131000","targetHints":{"allow":["GET"]}}],"collection":[{"href":"https:\/\/www.europesays.com\/fi\/wp-json\/wp\/v2\/posts"}],"about":[{"href":"https:\/\/www.europesays.com\/fi\/wp-json\/wp\/v2\/types\/post"}],"author":[{"embeddable":true,"href":"https:\/\/www.europesays.com\/fi\/wp-json\/wp\/v2\/users\/2"}],"replies":[{"embeddable":true,"href":"https:\/\/www.europesays.com\/fi\/wp-json\/wp\/v2\/comments?post=131000"}],"version-history":[{"count":0,"href":"https:\/\/www.europesays.com\/fi\/wp-json\/wp\/v2\/posts\/131000\/revisions"}],"wp:featuredmedia":[{"embeddable":true,"href":"https:\/\/www.europesays.com\/fi\/wp-json\/wp\/v2\/media\/131001"}],"wp:attachment":[{"href":"https:\/\/www.europesays.com\/fi\/wp-json\/wp\/v2\/media?parent=131000"}],"wp:term":[{"taxonomy":"category","embeddable":true,"href":"https:\/\/www.europesays.com\/fi\/wp-json\/wp\/v2\/categories?post=131000"},{"taxonomy":"post_tag","embeddable":true,"href":"https:\/\/www.europesays.com\/fi\/wp-json\/wp\/v2\/tags?post=131000"}],"curies":[{"name":"wp","href":"https:\/\/api.w.org\/{rel}","templated":true}]}}