{"id":131006,"date":"2026-01-01T20:33:07","date_gmt":"2026-01-01T20:33:07","guid":{"rendered":"https:\/\/www.europesays.com\/fi\/131006\/"},"modified":"2026-01-01T20:33:07","modified_gmt":"2026-01-01T20:33:07","slug":"nyt-netflixissa-kauan-odotettu-fantasialeffa-lopputulos-valtava-pettymys","status":"publish","type":"post","link":"https:\/\/www.europesays.com\/fi\/131006\/","title":{"rendered":"Nyt Netflixiss\u00e4: Kauan odotettu fantasialeffa \u2013 lopputulos valtava pettymys!"},"content":{"rendered":"<p>Musta torni (The Dark Tower, 2017) on lis\u00e4tty Netflixin valikoimaan.<\/p>\n<p><strong>Nikolaj Arcelin<\/strong> ohjaama fantasiaseikkailu perustuu <strong>Stephen Kingin<\/strong> eeppiseen Musta torni -kirjasarjaan. Elokuva kertoo viimeisest\u00e4 revolverimiehest\u00e4, Roland Deschainista, joka puolustaa universumia kasassa pit\u00e4v\u00e4\u00e4 Mustaa tornia. Tornin yritt\u00e4\u00e4 tuhota Deschainin verivihollinen, mustiin puettu mies.<\/p>\n<p>Lue my\u00f6s: <a href=\"https:\/\/www.episodi.fi\/uutiset\/nyt-netflixissa-ylistetty-sotaelokuva-kertoo-yhdysvaltojen-sisallissodasta-rotten-tomatoes-luku-95\/\" title=\"Nyt Netflixiss\u00e4: Ylistetty sotaelokuva kertoo Yhdysvaltojen sis\u00e4llissodasta \u2013 Rotten Tomatoes -luku 95!\" class=\"underline-custom !font-montserrat !font-bold !underline-offset-4 !decoration-4 !decoration-episodi-blue !text-md\" rel=\"nofollow noopener\" target=\"_blank\">Nyt Netflixiss\u00e4: Ylistetty sotaelokuva kertoo Yhdysvaltojen sis\u00e4llissodasta \u2013 Rotten Tomatoes -luku 95!<\/a><\/p>\n<p>Lue my\u00f6s: <a href=\"https:\/\/www.episodi.fi\/uutiset\/nyt-suoratoistossa-matt-damonin-karmivin-rooli-vuoden-1999-huippuleffassa-on-upea-tahtikaarti\/\" title=\"Nyt suoratoistossa: Matt Damonin karmivin rooli? Vuoden 1999 huippuleffassa on upea t\u00e4htikaarti\" class=\"underline-custom !font-montserrat !font-bold !underline-offset-4 !decoration-4 !decoration-episodi-blue !text-md\" rel=\"nofollow noopener\" target=\"_blank\">Nyt suoratoistossa: Matt Damonin karmivin rooli? Vuoden 1999 huippuleffassa on upea t\u00e4htikaarti<\/a><\/p>\n<p>P\u00e4\u00e4osissa n\u00e4hd\u00e4\u00e4n <strong>Idris Elba<\/strong>, <strong>Matthew McConaughey<\/strong>, <strong>Tom Taylor<\/strong>, <strong>Katheryn Winnick<\/strong>, <strong>Dennis Haysbert<\/strong>, <strong>Abbey Lee<\/strong>, <strong>Nicholas Hamilton<\/strong> ja <strong>Jackie Earle Haley<\/strong>.<\/p>\n<p>Pitk\u00e4\u00e4n tekeill\u00e4 ollut ja kauan odotettu Musta torni ei onnistunut lunastamaan valtavia odotuksia. Elokuva ei saanut l\u00e4mmint\u00e4 vastaanottoa kirjasarjan faneilta eik\u00e4 kriitikoilta. Elokuvan <a href=\"https:\/\/www.rottentomatoes.com\/m\/the_dark_tower_2017\" target=\"_blank\" rel=\"noreferrer noopener nofollow\">Rotten Tomatoes -prosentti<\/a> on 17. <a href=\"https:\/\/www.episodi.fi\/elokuvat\/musta-torni\/\" target=\"_blank\" rel=\"noreferrer noopener nofollow\">Episodin arviossa<\/a> leffa sai kaksi t\u00e4hte\u00e4.<\/p>\n<p>\u201dElokuva on v\u00e4liinputoaja, joka ei her\u00e4t\u00e4 vahvoja tunteita sen puolentoistatunnin keston aikana puoleen tai toiseen\u201d, kirjoitettiin arviossa.<\/p>\n<p>Katso traileri alta.<\/p>\n<p><img loading=\"lazy\" decoding=\"async\" alt=\"YouTube video\" width=\"480\" height=\"360\" data-pin-nopin=\"true\" nopin=\"nopin\" class=\"perfmatters-lazy\" src=\"https:\/\/www.europesays.com\/fi\/wp-content\/uploads\/2026\/01\/1767299587_61_hqdefault.jpg\"\/><\/p>\n<p>Lue my\u00f6s: <a href=\"https:\/\/www.episodi.fi\/uutiskirje\/?uutiskirjemainos=tekstilinkkimainos\" title=\"Tilaa Episodin uutiskirje ja voit voittaa leffalippuja! Nappaa tv-vinkit suoraan s\u00e4hk\u00f6postiin t\u00e4st\u00e4.\" class=\"underline-custom !font-montserrat !font-bold !underline-offset-4 !decoration-4 !decoration-episodi-blue !text-md\" rel=\"nofollow noopener\" target=\"_blank\">Tilaa Episodin uutiskirje ja voit voittaa leffalippuja! Nappaa katseluvinkit suoraan s\u00e4hk\u00f6postiin t\u00e4st\u00e4.<\/a><\/p>\n","protected":false},"excerpt":{"rendered":"Musta torni (The Dark Tower, 2017) on lis\u00e4tty Netflixin valikoimaan. Nikolaj Arcelin ohjaama fantasiaseikkailu perustuu Stephen Kingin eeppiseen&hellip;\n","protected":false},"author":2,"featured_media":131007,"comment_status":"","ping_status":"","sticky":false,"template":"","format":"standard","meta":{"footnotes":""},"categories":[130],"tags":[137,33,31,30,217,32,109],"class_list":{"0":"post-131006","1":"post","2":"type-post","3":"status-publish","4":"format-standard","5":"has-post-thumbnail","7":"category-viihde","8":"tag-entertainment","9":"tag-fi","10":"tag-finland","11":"tag-finnish","12":"tag-netflix","13":"tag-suomi","14":"tag-viihde"},"share_on_mastodon":{"url":"https:\/\/pubeurope.com\/@fi\/115821753380609018","error":""},"_links":{"self":[{"href":"https:\/\/www.europesays.com\/fi\/wp-json\/wp\/v2\/posts\/131006","targetHints":{"allow":["GET"]}}],"collection":[{"href":"https:\/\/www.europesays.com\/fi\/wp-json\/wp\/v2\/posts"}],"about":[{"href":"https:\/\/www.europesays.com\/fi\/wp-json\/wp\/v2\/types\/post"}],"author":[{"embeddable":true,"href":"https:\/\/www.europesays.com\/fi\/wp-json\/wp\/v2\/users\/2"}],"replies":[{"embeddable":true,"href":"https:\/\/www.europesays.com\/fi\/wp-json\/wp\/v2\/comments?post=131006"}],"version-history":[{"count":0,"href":"https:\/\/www.europesays.com\/fi\/wp-json\/wp\/v2\/posts\/131006\/revisions"}],"wp:featuredmedia":[{"embeddable":true,"href":"https:\/\/www.europesays.com\/fi\/wp-json\/wp\/v2\/media\/131007"}],"wp:attachment":[{"href":"https:\/\/www.europesays.com\/fi\/wp-json\/wp\/v2\/media?parent=131006"}],"wp:term":[{"taxonomy":"category","embeddable":true,"href":"https:\/\/www.europesays.com\/fi\/wp-json\/wp\/v2\/categories?post=131006"},{"taxonomy":"post_tag","embeddable":true,"href":"https:\/\/www.europesays.com\/fi\/wp-json\/wp\/v2\/tags?post=131006"}],"curies":[{"name":"wp","href":"https:\/\/api.w.org\/{rel}","templated":true}]}}