{"id":131026,"date":"2026-01-01T21:05:08","date_gmt":"2026-01-01T21:05:08","guid":{"rendered":"https:\/\/www.europesays.com\/fi\/131026\/"},"modified":"2026-01-01T21:05:08","modified_gmt":"2026-01-01T21:05:08","slug":"bilehitit-testaa-kuinka-hyvin-muistat-naiden-yoklubihittien-julkaisuvuoden","status":"publish","type":"post","link":"https:\/\/www.europesays.com\/fi\/131026\/","title":{"rendered":"Bilehitit: testaa, kuinka hyvin muistat n\u00e4iden y\u00f6klubihittien julkaisuvuoden!"},"content":{"rendered":"<p>L\u00e4hettiin p\u00e4mpp\u00e4\u00e4, pistettiin l\u00e4\u00e4v\u00e4ks pari k\u00e4mpp\u00e4\u00e4. Kuulostaako tutulta? Oletko tampannut t\u00e4m\u00e4n hitin tahtiin y\u00f6kerhon humussa? Nyt selvi\u00e4\u00e4, osaatko yhdist\u00e4\u00e4 julkaisuvuoden bilehitteihin!<\/p>\n<p class=\"article-body mb-nof-24 px-nof-16\">Me Naiset julkaisee uudelleen kiinnostavimpia juttujaan. T\u00e4m\u00e4 on yksi niist\u00e4.<\/p>\n<p class=\"article-body mb-nof-24 px-nof-16\">Loppuvuoden juhlakausi on nyt takana p\u00e4in, joten on loistava aika ottaa mittaa siit\u00e4, kuinka hyvin kukin tuntee legendaarisimmat bilehitit.<\/p>\n<p class=\"article-body mb-nof-24 px-nof-16\">Perkasimme radiohittej\u00e4 eri vuosikymmenilt\u00e4 ja kysyimme eri ik\u00e4isilt\u00e4 suomalaisilta, mitk\u00e4 bilehitit he muistavat y\u00f6kerhojen ja baarien tanssilattioilta.<\/p>\n<p class=\"article-body mb-nof-24 px-nof-16\">Mutta kuinka hyvin muistat, min\u00e4 vuonna mik\u00e4kin tanssilattioiden klassikko on julkaistu?<\/p>\n<p class=\"article-body mb-nof-24 px-nof-16\">Nyt siis testataan osaatko yhdist\u00e4\u00e4 bilehitin oikeaan julkaisuvuoteen!<\/p>\n<p class=\"article-body mb-nof-24 px-nof-16\">Jos testi ei n\u00e4y, voit tehd\u00e4 sen <a class=\"underline underline-offset-[0.12em] [text-decoration-thickness:var(--generic-link-underline-thickness)] [text-decoration-color:var(--generic-link-underline-color)] [text-decoration-skip-ink:var(--generic-link-underline-skip-ink)] break-words\" href=\"https:\/\/www.riddle.com\/view\/514757\" rel=\"nofollow noopener\" target=\"_blank\">t\u00e4st\u00e4<\/a>.<\/p>\n<p class=\"article-body nof-ui-body-medium mb-nof-24 px-nof-16\">Kysymyksiin 6 ja 10 on korjattu vuosilukuja.<\/p>\n<p class=\"article-body nof-ui-body-medium mb-nof-24 px-nof-16\">Juttu on julkaistu aiemmin Me Naisissa hein\u00e4kuussa 2025.<\/p>\n","protected":false},"excerpt":{"rendered":"L\u00e4hettiin p\u00e4mpp\u00e4\u00e4, pistettiin l\u00e4\u00e4v\u00e4ks pari k\u00e4mpp\u00e4\u00e4. Kuulostaako tutulta? Oletko tampannut t\u00e4m\u00e4n hitin tahtiin y\u00f6kerhon humussa? Nyt selvi\u00e4\u00e4, osaatko&hellip;\n","protected":false},"author":2,"featured_media":131027,"comment_status":"","ping_status":"","sticky":false,"template":"","format":"standard","meta":{"footnotes":""},"categories":[5],"tags":[22,23,26,27,33,31,30,17,34,24,25,28,29,15,18,21,32,19,20,16],"class_list":{"0":"post-131026","1":"post","2":"type-post","3":"status-publish","4":"format-standard","5":"has-post-thumbnail","7":"category-otsikot","8":"tag-breaking-news","9":"tag-breakingnews","10":"tag-featured-news","11":"tag-featurednews","12":"tag-fi","13":"tag-finland","14":"tag-finnish","15":"tag-headlines","16":"tag-ilta-sanomat","17":"tag-latest-news","18":"tag-latestnews","19":"tag-main-news","20":"tag-mainnews","21":"tag-news","22":"tag-otsikot","23":"tag-paauutiset","24":"tag-suomi","25":"tag-top-stories","26":"tag-topstories","27":"tag-uutiset"},"share_on_mastodon":{"url":"https:\/\/pubeurope.com\/@fi\/115821879130185820","error":""},"_links":{"self":[{"href":"https:\/\/www.europesays.com\/fi\/wp-json\/wp\/v2\/posts\/131026","targetHints":{"allow":["GET"]}}],"collection":[{"href":"https:\/\/www.europesays.com\/fi\/wp-json\/wp\/v2\/posts"}],"about":[{"href":"https:\/\/www.europesays.com\/fi\/wp-json\/wp\/v2\/types\/post"}],"author":[{"embeddable":true,"href":"https:\/\/www.europesays.com\/fi\/wp-json\/wp\/v2\/users\/2"}],"replies":[{"embeddable":true,"href":"https:\/\/www.europesays.com\/fi\/wp-json\/wp\/v2\/comments?post=131026"}],"version-history":[{"count":0,"href":"https:\/\/www.europesays.com\/fi\/wp-json\/wp\/v2\/posts\/131026\/revisions"}],"wp:featuredmedia":[{"embeddable":true,"href":"https:\/\/www.europesays.com\/fi\/wp-json\/wp\/v2\/media\/131027"}],"wp:attachment":[{"href":"https:\/\/www.europesays.com\/fi\/wp-json\/wp\/v2\/media?parent=131026"}],"wp:term":[{"taxonomy":"category","embeddable":true,"href":"https:\/\/www.europesays.com\/fi\/wp-json\/wp\/v2\/categories?post=131026"},{"taxonomy":"post_tag","embeddable":true,"href":"https:\/\/www.europesays.com\/fi\/wp-json\/wp\/v2\/tags?post=131026"}],"curies":[{"name":"wp","href":"https:\/\/api.w.org\/{rel}","templated":true}]}}