{"id":131032,"date":"2026-01-01T21:25:15","date_gmt":"2026-01-01T21:25:15","guid":{"rendered":"https:\/\/www.europesays.com\/fi\/131032\/"},"modified":"2026-01-01T21:25:15","modified_gmt":"2026-01-01T21:25:15","slug":"harryn-ja-meghanin-tilanne-kriittinen-tyontekijat-kaikkoavat","status":"publish","type":"post","link":"https:\/\/www.europesays.com\/fi\/131032\/","title":{"rendered":"Harryn ja Meghanin tilanne kriittinen \u2013 Ty\u00f6ntekij\u00e4t kaikkoavat"},"content":{"rendered":"<p>Harryn ja Meghanin Archewell-s\u00e4\u00e4ti\u00f6 on vaikeuksien keskell\u00e4.<\/p>\n<p><img decoding=\"async\" class=\"image image-show image-preview\" src=\"https:\/\/www.europesays.com\/fi\/wp-content\/uploads\/2025\/10\/a66328c091e6300005912c8a01802482b637973b57cea0679c75e7c3fa4d91a1.jpg\" alt=\"\"\/><img decoding=\"async\" class=\"image image-show\" src=\"https:\/\/www.europesays.com\/fi\/wp-content\/uploads\/2025\/10\/1761383948_760_a66328c091e6300005912c8a01802482b637973b57cea0679c75e7c3fa4d91a1.jpg\" alt=\"\"\/><\/p>\n<p>Meghanin ja Harryn henkil\u00f6st\u00f6ss\u00e4 on tapahtunut nopeita muutoksia. AOP<\/p>\n<p class=\"paragraph\">Prinssi <a href=\"https:\/\/www.iltalehti.fi\/henkilot\/Harry\" class=\"article-link-person-page\" rel=\"nofollow noopener\" target=\"_blank\">Harryn<\/a> ja herttuatar <a href=\"https:\/\/www.iltalehti.fi\/henkilot\/Meghan, Sussexin herttuatar\" class=\"article-link-person-page\" rel=\"nofollow noopener\" target=\"_blank\">Meghanin<\/a> perustaman Archewell-j\u00e4rjest\u00f6n toiminnanjohtaja <strong>James Holt<\/strong> kertoi maanantaina j\u00e4tt\u00e4v\u00e4ns\u00e4 teht\u00e4v\u00e4ns\u00e4. Holt kertoi palaavansa perheens\u00e4 kanssa Lontooseen oltuaan viisi vuotta Los Angelesissa.<\/p>\n<p class=\"paragraph\">\u2013 Kun luovutan viestikapulan tiimille, joka johtaa Archewell Philanthropiesia tulevina kuukausina, teen sen valtavalla ylpeydell\u00e4 ja optimistisena siit\u00e4, mit\u00e4 tulevaisuus tuo tullessaan, Holt kertoi <a href=\"https:\/\/people.com\/meghan-markle-prince-harry-advisor-archewell-james-holt-stepping-down-11876921\" rel=\"noopener nofollow\" target=\"_blank\">Peoplen<\/a> mukaan.<\/p>\n<p class=\"paragraph\"><a href=\"https:\/\/pagesix.com\/2025\/12\/29\/royal-family\/prince-harry-and-meghan-markles-entire-brand-in-peril-as-they-lose-head-of-archewell-charity\/?_gl=1*6fddk0*_gcl_au*NTI3MTQzNTk4LjE3NjY3ODQzNDc.*_ga*NDcyNzMxNzE4LjE3NjY3ODQyNzM.*_ga_0DZ7LHF5PZ*czE3NjcwNDM0OTMkbzYkZzEkdDE3NjcwNDc2MjYkajYwJGwwJGgw\" rel=\"noopener nofollow\" target=\"_blank\">Page Sixin<\/a> saamien l\u00e4hteiden mukaan pitk\u00e4aikaisimman ty\u00f6ntekij\u00e4n j\u00e4tetty\u00e4 teht\u00e4v\u00e4ns\u00e4 on koko Sussexin herttuaparin br\u00e4ndi nyt vaarassa.<\/p>\n<p class=\"paragraph\">\u2013 He ovat k\u00e4yt\u00e4nn\u00f6ss\u00e4 sulkeneet Archewellin, l\u00e4hde kertoo Page Sixille.<\/p>\n<p class=\"paragraph\">Lehden saamien tietojen mukaan j\u00e4rjest\u00f6n varapuheenjohtaja <strong>Shauna Nep<\/strong> ei ty\u00f6skentele j\u00e4rjest\u00f6ss\u00e4 kokop\u00e4iv\u00e4isesti, vaan toimii \u201dkonsulttina\u201d.<\/p>\n<p class=\"paragraph\">Page Sixin tietojen mukaan Harryn ja Meghanin tuotantoyhti\u00f6ss\u00e4 on j\u00e4ljell\u00e4 ainoastaan muutama ty\u00f6ntekij\u00e4 ja m\u00e4\u00e4r\u00e4 voi v\u00e4henty\u00e4 entisest\u00e4\u00e4n, jos Sussexin herttuattaren With Love, Meghan -ohjelma ei saa toista kautta.<\/p>\n<p class=\"paragraph\">\u2013 Jokainen, joka on siell\u00e4 viel\u00e4, on yksinkertaisesti mahdollistaja, ihastunut siihen, mit\u00e4 pariskunta joskus oli, ei siihen, keit\u00e4 he ovat t\u00e4n\u00e4\u00e4n, herttuaparia l\u00e4hell\u00e4 oleva l\u00e4hde kertoo Page Sixille.<\/p>\n<p class=\"paragraph\">L\u00e4hteen mukaan herttuapari olisi v\u00e4hent\u00e4nyt henkil\u00f6st\u00f6\u00e4\u00e4n vuoden takaisesta 80 prosentista 85 prosenttiin.<\/p>\n<p class=\"paragraph\">Aiemmin <a href=\"https:\/\/pagesix.com\/2025\/12\/22\/royal-family\/prince-harry-amp-meghan-markle-down-to-just-2-staffers-for-charity\/\" rel=\"noopener nofollow\" target=\"_blank\">Page Six<\/a> kertoi, ett\u00e4 hyv\u00e4ntekev\u00e4isyysj\u00e4rjest\u00f6 on j\u00e4\u00e4nyt k\u00e4yt\u00e4nn\u00f6ss\u00e4 kahden ty\u00f6ntekij\u00e4n py\u00f6ritett\u00e4v\u00e4ksi: Holtin ja Nepin. Harry ja Meghan ovat tehneet henkil\u00f6st\u00f6uudistusta taloudellisten syiden takia.<\/p>\n<p class=\"paragraph\">\u2013 Harry ja Meghan ovat joutuneet pienent\u00e4m\u00e4\u00e4n henkil\u00f6kuntaa, koska se on maksanut heille niin paljon, l\u00e4hde kertoi Page Sixille.<\/p>\n<p class=\"paragraph\">Page Sixin mukaan herttuaparin ymp\u00e4rilt\u00e4 on muutenkin l\u00e4htenyt henkil\u00f6kuntaa. Esimerkiksi hiljattain Harryn ja Meghanin tiedottaja <a href=\"https:\/\/pagesix.com\/2025\/12\/26\/royal-family\/meghan-markle-and-prince-harrys-11th-publicist-in-5-years-quits\/\" rel=\"noopener nofollow\" target=\"_blank\">lopetti pestiss\u00e4\u00e4n<\/a> alle vuoden j\u00e4lkeen.<\/p>\n<p class=\"paragraph\">Archewell-s\u00e4\u00e4ti\u00f6n on <a href=\"https:\/\/www.iltalehti.fi\/kuninkaalliset\/26ff1293-5cd4-47c9-b209-919b2c7b8b48\" rel=\"nofollow noopener\" target=\"_blank\">kerrottu<\/a> aiemmin olleen ongelmissa. Kalifornian osavaltion viranomaiset langettivat kev\u00e4\u00e4ll\u00e4 2024 s\u00e4\u00e4ti\u00f6lle m\u00e4\u00e4r\u00e4yksen keskeytt\u00e4\u00e4 rahankeruu ja s\u00e4\u00e4ti\u00f6n varojen k\u00e4ytt\u00e4minen. Syyn\u00e4 olivat maksamattomat laskut.<\/p>\n<p class=\"paragraph\">Harry ja Meghan perustivat Archewell-s\u00e4\u00e4ti\u00f6n vuonna 2020.<\/p>\n","protected":false},"excerpt":{"rendered":"Harryn ja Meghanin Archewell-s\u00e4\u00e4ti\u00f6 on vaikeuksien keskell\u00e4. Meghanin ja Harryn henkil\u00f6st\u00f6ss\u00e4 on tapahtunut nopeita muutoksia. AOP Prinssi Harryn&hellip;\n","protected":false},"author":2,"featured_media":131033,"comment_status":"","ping_status":"","sticky":false,"template":"","format":"standard","meta":{"footnotes":""},"categories":[130],"tags":[35,722,137,33,31,30,653,32,860,3512,3515,109],"class_list":{"0":"post-131032","1":"post","2":"type-post","3":"status-publish","4":"format-standard","5":"has-post-thumbnail","7":"category-viihde","8":"tag-24h","9":"tag-amerikka","10":"tag-entertainment","11":"tag-fi","12":"tag-finland","13":"tag-finnish","14":"tag-julkkisperheet","15":"tag-suomi","16":"tag-tyoelama","17":"tag-tyontekijat","18":"tag-tyovoima","19":"tag-viihde"},"share_on_mastodon":{"url":"https:\/\/pubeurope.com\/@fi\/115821957824779468","error":""},"_links":{"self":[{"href":"https:\/\/www.europesays.com\/fi\/wp-json\/wp\/v2\/posts\/131032","targetHints":{"allow":["GET"]}}],"collection":[{"href":"https:\/\/www.europesays.com\/fi\/wp-json\/wp\/v2\/posts"}],"about":[{"href":"https:\/\/www.europesays.com\/fi\/wp-json\/wp\/v2\/types\/post"}],"author":[{"embeddable":true,"href":"https:\/\/www.europesays.com\/fi\/wp-json\/wp\/v2\/users\/2"}],"replies":[{"embeddable":true,"href":"https:\/\/www.europesays.com\/fi\/wp-json\/wp\/v2\/comments?post=131032"}],"version-history":[{"count":0,"href":"https:\/\/www.europesays.com\/fi\/wp-json\/wp\/v2\/posts\/131032\/revisions"}],"wp:featuredmedia":[{"embeddable":true,"href":"https:\/\/www.europesays.com\/fi\/wp-json\/wp\/v2\/media\/131033"}],"wp:attachment":[{"href":"https:\/\/www.europesays.com\/fi\/wp-json\/wp\/v2\/media?parent=131032"}],"wp:term":[{"taxonomy":"category","embeddable":true,"href":"https:\/\/www.europesays.com\/fi\/wp-json\/wp\/v2\/categories?post=131032"},{"taxonomy":"post_tag","embeddable":true,"href":"https:\/\/www.europesays.com\/fi\/wp-json\/wp\/v2\/tags?post=131032"}],"curies":[{"name":"wp","href":"https:\/\/api.w.org\/{rel}","templated":true}]}}