{"id":131034,"date":"2026-01-01T21:29:08","date_gmt":"2026-01-01T21:29:08","guid":{"rendered":"https:\/\/www.europesays.com\/fi\/131034\/"},"modified":"2026-01-01T21:29:08","modified_gmt":"2026-01-01T21:29:08","slug":"trumpin-ja-putinin-teot-enteilevat-kolmatta-maailmansotaa","status":"publish","type":"post","link":"https:\/\/www.europesays.com\/fi\/131034\/","title":{"rendered":"Trumpin ja Putinin teot enteilev\u00e4t kolmatta maailmansotaa"},"content":{"rendered":"<p>Brittimedia Daily Mailin mukaan Yhdysvaltain ja Ven\u00e4j\u00e4n presidenttien viimeaikaiset p\u00e4\u00e4t\u00f6kset ovat huolestuttavia maailmanrauhan kannalta.<\/p>\n<p><img decoding=\"async\" class=\"image image-show image-preview\" src=\"https:\/\/www.europesays.com\/fi\/wp-content\/uploads\/2026\/01\/7a54fc57cc3fda70744ee4390416b38bd2c5440db651304ca0f4a464dd3810d8.jpg\" alt=\"\"\/><img decoding=\"async\" class=\"image image-show\" src=\"https:\/\/www.europesays.com\/fi\/wp-content\/uploads\/2026\/01\/1767302948_56_7a54fc57cc3fda70744ee4390416b38bd2c5440db651304ca0f4a464dd3810d8.jpg\" alt=\"\"\/><\/p>\n<p>Yhdysvaltain presidentti Donald Trump antoi tiukan uhkauksen Iranille. ZumaWire \/ MVPHOTOS<\/p>\n<p class=\"paragraph\">Kaksi tuoretta tapahtumaa maailmalla ovat saaneet pelot kolmannen maailmansodan syttymisest\u00e4 j\u00e4lleen her\u00e4\u00e4m\u00e4\u00e4n, kertoo brittimedia Daily Express.<\/p>\n<p class=\"paragraph\">Ensimm\u00e4isen huolestuttavan viestin antoi Daily Mailin <a href=\"https:\/\/www.express.co.uk\/news\/world\/2151549\/trump-sends-huge-threat-iran?int_source=nba\" target=\"_blank\" rel=\"noopener nofollow\">mukaan<\/a> Yhdysvaltain presidentti <a href=\"https:\/\/www.iltalehti.fi\/henkilot\/Donald Trump\" class=\"article-link-person-page\" rel=\"nofollow noopener\" target=\"_blank\">Donald Trump<\/a>.<\/p>\n<p class=\"paragraph\">Trump lausui kovia varoituksia Iranille, kun Israelin p\u00e4\u00e4ministeri <a href=\"https:\/\/www.iltalehti.fi\/henkilot\/Benjamin Netanjahu\" class=\"article-link-person-page\" rel=\"nofollow noopener\" target=\"_blank\">Benjamin Netanjahu<\/a> vieraili maanantaina Valkoisessa talossa. Tapaamisen aikana Trump kommentoi Iranin uhkaa ja esille nousivat my\u00f6s Yhdysvaltain kes\u00e4ll\u00e4 tekem\u00e4t iskut maan ydinlaitoksiin.<\/p>\n<p class=\"paragraph\">\u2013 Olen kuullut, ett\u00e4 Iran yritt\u00e4\u00e4 rakentaa j\u00e4lleen [ydinlaitoksia], ja jos he ovat rakentamassa, meid\u00e4n t\u00e4ytyy iske\u00e4 heid\u00e4t alas. Iskemme heid\u00e4t maan rakoon, Trump sanoi.<\/p>\n<p class=\"paragraph\">Trumpin mukaan Israel on valmis iskem\u00e4\u00e4n Iraniin, mik\u00e4li se jatkaa ydinvoima- ja ohjusohjelmiaan. Presidentin mukaan Yhdysvallat tukisi Israelia iskuissa.<\/p>\n<p class=\"paragraph\">\u2013 Jos he jatkavat ohjusten k\u00e4ytt\u00f6\u00e4, kyll\u00e4. Ydinaseet? Nopeasti. Yksi on: Kyll\u00e4, ehdottomasti. Toinen on: Teemme sen v\u00e4litt\u00f6m\u00e4sti, Trump sanoi.<\/p>\n<p class=\"paragraph\">Trump kuitenkin kertoi toivovansa, ett\u00e4 iskuihin ei tarvitse turvautua. Presidentin mukaan Iran olisi h\u00e4nen kuulemiensa tietojen mukaan valmis tekem\u00e4\u00e4n uuden ydinsopimuksen.<\/p>\n<p class=\"paragraph\">\u2013 Mielest\u00e4ni heid\u00e4n pit\u00e4isi tehd\u00e4 sopimus. He haluavat tehd\u00e4 sopimuksen. Mutta joskus se ei onnistu, Trump arvioi.<\/p>\n<p>Ven\u00e4j\u00e4 p\u00e4\u00e4tti hiljaittain sijoittaa keskipitk\u00e4n kantaman Ore\u0161nik-ohjuksia Valko-Ven\u00e4j\u00e4lle. ZumaWire \/ MVPHOTOS<\/p>\n<p>Ven\u00e4j\u00e4n superase<\/p>\n<p class=\"paragraph\">Toinen Daily Mailin <a href=\"https:\/\/www.express.co.uk\/news\/world\/2151656\/ww3-fears-explode-vladimir-putin-russia-belarus-oreshnik?int_source=nba\" target=\"_blank\" rel=\"noopener nofollow\">mukaan<\/a> huolestuttava tapahtuma on Ven\u00e4j\u00e4n p\u00e4\u00e4t\u00f6s sijoittaa keskipitk\u00e4n matkan Ore\u0161nik-ohjuksiaan Valko-Ven\u00e4j\u00e4lle.<\/p>\n<p class=\"paragraph\">Ven\u00e4j\u00e4n puolustusministeri\u00f6 julkaisi tiistaina videon seremoniasta, jossa valkoven\u00e4l\u00e4inen yksikk\u00f6 ottaa asej\u00e4rjestelm\u00e4n k\u00e4ytt\u00f6\u00f6ns\u00e4.<\/p>\n<p class=\"paragraph\">Ore\u0161nikin kantaman ep\u00e4ill\u00e4\u00e4n ylt\u00e4v\u00e4n noin 5\u00a0500 kilometriin ja sen taisteluk\u00e4rjet liikkuvat kohteeseensa kymmenkertaisella \u00e4\u00e4nennopeudella.<\/p>\n<p class=\"paragraph\">Ohjuksen taisteluk\u00e4rjet eiv\u00e4t sis\u00e4ll\u00e4 r\u00e4j\u00e4hdepanosta, vaan ne iskeytyv\u00e4t kohteeseen liike-energian voimalla, mutta useiden l\u00e4hteiden mukaan Ore\u0161nik kykenee kantamaan my\u00f6s ydinaseita.<\/p>\n<p class=\"paragraph\">Kyseess\u00e4 on ensimm\u00e4inen kerta sitten kylm\u00e4n sodan, kun Ven\u00e4j\u00e4 sijoittaa potentiaalisia ydinaseita omien rajojensa ulkopuolelle.<\/p>\n<p>Ven\u00e4j\u00e4n puolustusministeri\u00f6 julkaisi ensimm\u00e4ist\u00e4 kertaa kuvamateriaalia Ore\u0161nik-ohjuksesta.  REUTERS <\/p>\n<p class=\"paragraph\">Ven\u00e4j\u00e4n presidentin <a href=\"https:\/\/www.iltalehti.fi\/henkilot\/Vladimir Putin\" class=\"article-link-person-page\" rel=\"nofollow noopener\" target=\"_blank\">Vladimir Putinin<\/a> l\u00e4heinen liittolainen, Valko-Ven\u00e4j\u00e4n presidentti <a href=\"https:\/\/www.iltalehti.fi\/henkilot\/Aljaksandr Luka\u0161enka\" class=\"article-link-person-page\" rel=\"nofollow noopener\" target=\"_blank\">Aljaksandr Luka\u0161enka<\/a> piti asej\u00e4rjestelm\u00e4n siirt\u00e4mist\u00e4 maahansa \u201dtarpeellisena vastauksena l\u00e4nnen aggressiolle\u201d.<\/p>\n<p class=\"paragraph\">Nykyisin Chatham Housessa ty\u00f6skentelev\u00e4n Britannian entisen Moskovan- ja Kiovan-sotilasasiamiehen <strong>John Foremanin<\/strong> mukaan Putin hy\u00f6dynt\u00e4\u00e4 Valko-Ven\u00e4j\u00e4\u00e4 maansa vaikutusvallan laajentamiseksi.<\/p>\n<p class=\"paragraph\">Foreman linkitt\u00e4\u00e4 Ore\u0161nikin sijoittamisen Valko-Ven\u00e4j\u00e4lle suoraan Yhdysvaltain suunnitelmaan sijoittaa ohjuksia Saksaan vuonna 2026.<\/p>\n<p class=\"paragraph\">Daily Mailin mukaan puolustusliitto Naton l\u00e4hteet taas kuvailevat Ore\u0161nikin sijoittamisen olevan merkki \u201dydinasesignaalien\u201d eskaloitumisesta, jolla on tarkoitus est\u00e4\u00e4 l\u00e4nsimaiden puuttuminen Ukrainan tilanteeseen.<\/p>\n","protected":false},"excerpt":{"rendered":"Brittimedia Daily Mailin mukaan Yhdysvaltain ja Ven\u00e4j\u00e4n presidenttien viimeaikaiset p\u00e4\u00e4t\u00f6kset ovat huolestuttavia maailmanrauhan kannalta. Yhdysvaltain presidentti Donald Trump&hellip;\n","protected":false},"author":2,"featured_media":131035,"comment_status":"","ping_status":"","sticky":false,"template":"","format":"standard","meta":{"footnotes":""},"categories":[14],"tags":[35,22,23,26,27,33,31,30,17,24,25,28,29,15,18,21,142,637,144,32,19,20,56,16,638,59,60,61,143],"class_list":{"0":"post-131034","1":"post","2":"type-post","3":"status-publish","4":"format-standard","5":"has-post-thumbnail","7":"category-ulkomaat","8":"tag-24h","9":"tag-breaking-news","10":"tag-breakingnews","11":"tag-featured-news","12":"tag-featurednews","13":"tag-fi","14":"tag-finland","15":"tag-finnish","16":"tag-headlines","17":"tag-latest-news","18":"tag-latestnews","19":"tag-main-news","20":"tag-mainnews","21":"tag-news","22":"tag-otsikot","23":"tag-paauutiset","24":"tag-poliitikot","25":"tag-politiikka","26":"tag-presidentti","27":"tag-suomi","28":"tag-top-stories","29":"tag-topstories","30":"tag-ulkomaat","31":"tag-uutiset","32":"tag-valtiovalta","33":"tag-world","34":"tag-world-news","35":"tag-worldnews","36":"tag-yhdysvaltain-politiikka"},"share_on_mastodon":{"url":"https:\/\/pubeurope.com\/@fi\/115821973585007427","error":""},"_links":{"self":[{"href":"https:\/\/www.europesays.com\/fi\/wp-json\/wp\/v2\/posts\/131034","targetHints":{"allow":["GET"]}}],"collection":[{"href":"https:\/\/www.europesays.com\/fi\/wp-json\/wp\/v2\/posts"}],"about":[{"href":"https:\/\/www.europesays.com\/fi\/wp-json\/wp\/v2\/types\/post"}],"author":[{"embeddable":true,"href":"https:\/\/www.europesays.com\/fi\/wp-json\/wp\/v2\/users\/2"}],"replies":[{"embeddable":true,"href":"https:\/\/www.europesays.com\/fi\/wp-json\/wp\/v2\/comments?post=131034"}],"version-history":[{"count":0,"href":"https:\/\/www.europesays.com\/fi\/wp-json\/wp\/v2\/posts\/131034\/revisions"}],"wp:featuredmedia":[{"embeddable":true,"href":"https:\/\/www.europesays.com\/fi\/wp-json\/wp\/v2\/media\/131035"}],"wp:attachment":[{"href":"https:\/\/www.europesays.com\/fi\/wp-json\/wp\/v2\/media?parent=131034"}],"wp:term":[{"taxonomy":"category","embeddable":true,"href":"https:\/\/www.europesays.com\/fi\/wp-json\/wp\/v2\/categories?post=131034"},{"taxonomy":"post_tag","embeddable":true,"href":"https:\/\/www.europesays.com\/fi\/wp-json\/wp\/v2\/tags?post=131034"}],"curies":[{"name":"wp","href":"https:\/\/api.w.org\/{rel}","templated":true}]}}