{"id":131036,"date":"2026-01-01T21:30:09","date_gmt":"2026-01-01T21:30:09","guid":{"rendered":"https:\/\/www.europesays.com\/fi\/131036\/"},"modified":"2026-01-01T21:30:09","modified_gmt":"2026-01-01T21:30:09","slug":"tuhannet-asiakkaat-yha-ilman-sahkoa-hannes-myrskyn-jaljilta-uutissuomalainen","status":"publish","type":"post","link":"https:\/\/www.europesays.com\/fi\/131036\/","title":{"rendered":"Tuhannet asiakkaat yh\u00e4 ilman s\u00e4hk\u00f6\u00e4 Hannes-myrskyn j\u00e4ljilt\u00e4 | Uutissuomalainen"},"content":{"rendered":"<p>Suomessa tuhannet asiakkaat olivat edelleen torstaina ilman s\u00e4hk\u00f6\u00e4 viime viikonloppuna riehuneen Hannes-myrskyn j\u00e4ljilt\u00e4.<\/p>\n<p>S\u00e4hk\u00f6tt\u00f6m\u00e4t asiakkaat painottuivat l\u00e4ntiseen Suomeen, selvisi Energiateollisuuden <a href=\"https:\/\/sahkokatkokartta.fi\/\" rel=\"nofollow noopener\" target=\"_blank\">s\u00e4hk\u00f6katkokartasta<\/a>. Torstaina iltaseitsem\u00e4n j\u00e4lkeen s\u00e4hk\u00f6tt\u00e4 oli noin 3\u2009300 asiakasta. S\u00e4hk\u00f6tt\u00f6mi\u00e4 oli yli 80 kunnassa.<\/p>\n<p>Viel\u00e4 tiistaina iltap\u00e4iv\u00e4ll\u00e4 ilman s\u00e4hk\u00f6\u00e4 oli noin 13\u2009000 asiakasta.<\/p>\n<p>S\u00e4hk\u00f6yhti\u00f6t kertoivat sunnuntaina, ett\u00e4 myrskyn katkaisemien s\u00e4hk\u00f6jen korjaamisessa voi kest\u00e4\u00e4 useita p\u00e4ivi\u00e4.<\/p>\n<p>Hannes-myrsky oli vaikutuksiltaan yksi kuluvan vuosituhannen pahimmista matalapainemyrskyist\u00e4 Suomessa, kertoi Ilmatieteen laitos aiemmin. Myrsky katkaisi s\u00e4hk\u00f6t pahimmillaan samanaikaisesti yli 180\u2009000 asiakkaalta. Pelastuslaitoksille tuli yli 3\u2009000 vahingontorjuntateht\u00e4v\u00e4\u00e4 ymp\u00e4ri Suomea.<\/p>\n","protected":false},"excerpt":{"rendered":"Suomessa tuhannet asiakkaat olivat edelleen torstaina ilman s\u00e4hk\u00f6\u00e4 viime viikonloppuna riehuneen Hannes-myrskyn j\u00e4ljilt\u00e4. S\u00e4hk\u00f6tt\u00f6m\u00e4t asiakkaat painottuivat l\u00e4ntiseen Suomeen,&hellip;\n","protected":false},"author":2,"featured_media":131037,"comment_status":"","ping_status":"","sticky":false,"template":"","format":"standard","meta":{"footnotes":""},"categories":[12],"tags":[22,23,124,1628,26,27,33,31,30,17,2822,24,25,28,29,3381,15,18,21,710,2007,3383,2821,32,19,20,16],"class_list":{"0":"post-131036","1":"post","2":"type-post","3":"status-publish","4":"format-standard","5":"has-post-thumbnail","7":"category-suomi","8":"tag-breaking-news","9":"tag-breakingnews","10":"tag-energia-sektori","11":"tag-energia-ja-energiavarat","12":"tag-featured-news","13":"tag-featurednews","14":"tag-fi","15":"tag-finland","16":"tag-finnish","17":"tag-headlines","18":"tag-jakelu-ja-myynti","19":"tag-latest-news","20":"tag-latestnews","21":"tag-main-news","22":"tag-mainnews","23":"tag-myrskyt","24":"tag-news","25":"tag-otsikot","26":"tag-paauutiset","27":"tag-saa","28":"tag-sahko","29":"tag-sahkokatkos","30":"tag-sahkon-tuotanto","31":"tag-suomi","32":"tag-top-stories","33":"tag-topstories","34":"tag-uutiset"},"share_on_mastodon":{"url":"https:\/\/pubeurope.com\/@fi\/115821977540934269","error":""},"_links":{"self":[{"href":"https:\/\/www.europesays.com\/fi\/wp-json\/wp\/v2\/posts\/131036","targetHints":{"allow":["GET"]}}],"collection":[{"href":"https:\/\/www.europesays.com\/fi\/wp-json\/wp\/v2\/posts"}],"about":[{"href":"https:\/\/www.europesays.com\/fi\/wp-json\/wp\/v2\/types\/post"}],"author":[{"embeddable":true,"href":"https:\/\/www.europesays.com\/fi\/wp-json\/wp\/v2\/users\/2"}],"replies":[{"embeddable":true,"href":"https:\/\/www.europesays.com\/fi\/wp-json\/wp\/v2\/comments?post=131036"}],"version-history":[{"count":0,"href":"https:\/\/www.europesays.com\/fi\/wp-json\/wp\/v2\/posts\/131036\/revisions"}],"wp:featuredmedia":[{"embeddable":true,"href":"https:\/\/www.europesays.com\/fi\/wp-json\/wp\/v2\/media\/131037"}],"wp:attachment":[{"href":"https:\/\/www.europesays.com\/fi\/wp-json\/wp\/v2\/media?parent=131036"}],"wp:term":[{"taxonomy":"category","embeddable":true,"href":"https:\/\/www.europesays.com\/fi\/wp-json\/wp\/v2\/categories?post=131036"},{"taxonomy":"post_tag","embeddable":true,"href":"https:\/\/www.europesays.com\/fi\/wp-json\/wp\/v2\/tags?post=131036"}],"curies":[{"name":"wp","href":"https:\/\/api.w.org\/{rel}","templated":true}]}}