{"id":131038,"date":"2026-01-01T21:31:11","date_gmt":"2026-01-01T21:31:11","guid":{"rendered":"https:\/\/www.europesays.com\/fi\/131038\/"},"modified":"2026-01-01T21:31:11","modified_gmt":"2026-01-01T21:31:11","slug":"koko-joukkueelle-kenkaa","status":"publish","type":"post","link":"https:\/\/www.europesays.com\/fi\/131038\/","title":{"rendered":"Koko joukkueelle kenk\u00e4\u00e4"},"content":{"rendered":"<p>Gabonissa tehtiin rajuja toimenpiteit\u00e4.<\/p>\n<p><img decoding=\"async\" class=\"image image-show image-preview\" src=\"https:\/\/www.europesays.com\/fi\/wp-content\/uploads\/2026\/01\/c4b4c2a14b432efbe693e99ea437158043177066f22a2d5e3fde6c10261b745b.jpg\" alt=\"\"\/><img decoding=\"async\" class=\"image image-show\" src=\"https:\/\/www.europesays.com\/fi\/wp-content\/uploads\/2026\/01\/1767303071_345_c4b4c2a14b432efbe693e99ea437158043177066f22a2d5e3fde6c10261b745b.jpg\" alt=\"\"\/><\/p>\n<p>Gabon h\u00e4visi Norsunluurannikolle 91. minuutin maalilla. AOP<\/p>\n<p class=\"paragraph\">Koko Gabonin miesten jalkapallomaajoukkue on saanut keng\u00e4n kuvan takapuoleensa, <a href=\"https:\/\/www.theguardian.com\/football\/2026\/jan\/01\/gabon-suspend-national-team-africa-cup-of-nations-pierre-emerick-aubameyang\" target=\"_blank\" rel=\"noopener nofollow\">The Guardian<\/a> uutisoi.<\/p>\n<p class=\"paragraph\">Gabon h\u00e4visi kaikki kolme otteluaan Afrikan mestaruuskisoissa, ja se oli viimeinen pisara maan urheiluministerille <strong>Simplice-Desire Mamboulalle<\/strong>.<\/p>\n<p class=\"paragraph\">\u2013 \u201dPantterien\u201d suoritus turnauksessa oli niin h\u00e4pe\u00e4llinen, ett\u00e4 hallitus on p\u00e4\u00e4tt\u00e4nyt vapauttaa valmennustiimin teht\u00e4vist\u00e4\u00e4n, hyllytt\u00e4\u00e4 maajoukkueen toistaiseksi ja sulkea ulos <a href=\"https:\/\/www.iltalehti.fi\/henkilot\/Bruno Ecuele Manga\" class=\"article-link-person-page\" rel=\"nofollow noopener\" target=\"_blank\">Bruno Ecuele Mangan<\/a> ja <a href=\"https:\/\/www.iltalehti.fi\/henkilot\/Pierre-Emerick Aubameyang\" class=\"article-link-person-page\" rel=\"nofollow noopener\" target=\"_blank\">Pierre-Emerick Aubameyangin<\/a>, Mamboua julisti tv-l\u00e4hetyksess\u00e4.<\/p>\n<p class=\"paragraph\">Muun muassa Arsenalissa ja Barcelonassa pelannut Aubameyang, 36, ei ottanut uutista l\u00e4mpim\u00e4sti.<\/p>\n<p class=\"paragraph\">\u2013 Luulenpa, ett\u00e4 joukkueen ongelmat ovat paljon syvemm\u00e4ll\u00e4 kuin minussa yksil\u00f6n\u00e4, h\u00e4n kirjoitti X:ss\u00e4.<\/p>\n<p class=\"paragraph\">Guardianin mukaan alkulohkon ottelu Mosambikia vastaan j\u00e4i todenn\u00e4k\u00f6isesti Aubameyangin viimeiseksi maajoukkueessa.<\/p>\n<p class=\"paragraph\">Gabon h\u00e4visi Afrikan mestaruuskisoissa Kamerunille 0\u20131, Mosambikille 2\u20133 ja Norsunluurannikolle niin ik\u00e4\u00e4n 2\u20133.<\/p>\n<p class=\"paragraph\">Koko maajoukkueen hyllytt\u00e4minen ep\u00e4onnistuneen turnauksen j\u00e4lkeen ei ole lainkaan poikkeuksellista Afrikassa, miss\u00e4 maiden hallitukset usein puuttuvat jalkapalloliittojen toimintaan. Kansainv\u00e4linen jalkapalloliitto Fifa on kuitenkin yritt\u00e4nyt kitke\u00e4 ongelmaa.<\/p>\n","protected":false},"excerpt":{"rendered":"Gabonissa tehtiin rajuja toimenpiteit\u00e4. Gabon h\u00e4visi Norsunluurannikolle 91. minuutin maalilla. AOP Koko Gabonin miesten jalkapallomaajoukkue on saanut keng\u00e4n&hellip;\n","protected":false},"author":2,"featured_media":131039,"comment_status":"","ping_status":"","sticky":false,"template":"","format":"standard","meta":{"footnotes":""},"categories":[5],"tags":[35,22,23,26,27,33,31,30,17,43,42,1745,24,25,41,28,29,15,18,21,32,19,20,860,16],"class_list":{"0":"post-131038","1":"post","2":"type-post","3":"status-publish","4":"format-standard","5":"has-post-thumbnail","7":"category-otsikot","8":"tag-24h","9":"tag-breaking-news","10":"tag-breakingnews","11":"tag-featured-news","12":"tag-featurednews","13":"tag-fi","14":"tag-finland","15":"tag-finnish","16":"tag-headlines","17":"tag-jalkapallo","18":"tag-jalkapalloon-perustuvat-lajit","19":"tag-jalkapallopelaajat","20":"tag-latest-news","21":"tag-latestnews","22":"tag-liikunta-ja-urheilu","23":"tag-main-news","24":"tag-mainnews","25":"tag-news","26":"tag-otsikot","27":"tag-paauutiset","28":"tag-suomi","29":"tag-top-stories","30":"tag-topstories","31":"tag-tyoelama","32":"tag-uutiset"},"share_on_mastodon":{"url":"https:\/\/pubeurope.com\/@fi\/115821981361765488","error":""},"_links":{"self":[{"href":"https:\/\/www.europesays.com\/fi\/wp-json\/wp\/v2\/posts\/131038","targetHints":{"allow":["GET"]}}],"collection":[{"href":"https:\/\/www.europesays.com\/fi\/wp-json\/wp\/v2\/posts"}],"about":[{"href":"https:\/\/www.europesays.com\/fi\/wp-json\/wp\/v2\/types\/post"}],"author":[{"embeddable":true,"href":"https:\/\/www.europesays.com\/fi\/wp-json\/wp\/v2\/users\/2"}],"replies":[{"embeddable":true,"href":"https:\/\/www.europesays.com\/fi\/wp-json\/wp\/v2\/comments?post=131038"}],"version-history":[{"count":0,"href":"https:\/\/www.europesays.com\/fi\/wp-json\/wp\/v2\/posts\/131038\/revisions"}],"wp:featuredmedia":[{"embeddable":true,"href":"https:\/\/www.europesays.com\/fi\/wp-json\/wp\/v2\/media\/131039"}],"wp:attachment":[{"href":"https:\/\/www.europesays.com\/fi\/wp-json\/wp\/v2\/media?parent=131038"}],"wp:term":[{"taxonomy":"category","embeddable":true,"href":"https:\/\/www.europesays.com\/fi\/wp-json\/wp\/v2\/categories?post=131038"},{"taxonomy":"post_tag","embeddable":true,"href":"https:\/\/www.europesays.com\/fi\/wp-json\/wp\/v2\/tags?post=131038"}],"curies":[{"name":"wp","href":"https:\/\/api.w.org\/{rel}","templated":true}]}}